{"id":13360,"date":"2023-05-15T14:02:56","date_gmt":"2023-05-15T20:02:56","guid":{"rendered":"https:\/\/contextoanalisisperiodistico.com\/?p=13360"},"modified":"2023-05-15T14:03:13","modified_gmt":"2023-05-15T20:03:13","slug":"la-causa-de-la-justicia-tiene-en-la-educacion-su-raiz-profunda-e-irrebatible-gobernador-salomon-jara","status":"publish","type":"post","link":"https:\/\/contextoanalisisperiodistico.com\/index.php\/2023\/05\/15\/la-causa-de-la-justicia-tiene-en-la-educacion-su-raiz-profunda-e-irrebatible-gobernador-salomon-jara\/","title":{"rendered":"La causa de la justicia tiene en la educaci\u00f3n su ra\u00edz profunda e irrebatible: Gobernador Salom\u00f3n Jara"},"content":{"rendered":"<div id=\"fb-root\"><\/div>\n\n<p>\u2022 En el marco del D\u00eda de la Maestra y el Maestro, el Mandatario Estatal entreg\u00f3 543 diplomas y medallas al M\u00e9rito Docente<\/p>\n\n\n\n<p><br>\u2022 Se\u00f1al\u00f3 que el magisterio oaxaque\u00f1o ha sido protagonista de las transformaciones hist\u00f3ricas de Oaxaca<\/p>\n\n\n\n<figure class=\"wp-block-image size-large\"><img fetchpriority=\"high\" decoding=\"async\" width=\"1024\" height=\"682\" src=\"https:\/\/contextoanalisisperiodistico.com\/wp-content\/uploads\/2023\/05\/img-20230515-wa00662971158903254226565-1024x682.jpg\" alt=\"\" class=\"wp-image-13364\" srcset=\"https:\/\/contextoanalisisperiodistico.com\/wp-content\/uploads\/2023\/05\/img-20230515-wa00662971158903254226565-1024x682.jpg 1024w, https:\/\/contextoanalisisperiodistico.com\/wp-content\/uploads\/2023\/05\/img-20230515-wa00662971158903254226565-300x200.jpg 300w, https:\/\/contextoanalisisperiodistico.com\/wp-content\/uploads\/2023\/05\/img-20230515-wa00662971158903254226565-768x512.jpg 768w, https:\/\/contextoanalisisperiodistico.com\/wp-content\/uploads\/2023\/05\/img-20230515-wa00662971158903254226565-1536x1023.jpg 1536w, https:\/\/contextoanalisisperiodistico.com\/wp-content\/uploads\/2023\/05\/img-20230515-wa00662971158903254226565.jpg 1600w\" sizes=\"(max-width: 1024px) 100vw, 1024px\" \/><\/figure>\n\n\n\n<figure class=\"wp-block-image\"><img decoding=\"async\" width=\"1024\" height=\"682\" src=\"https:\/\/contextoanalisisperiodistico.com\/wp-content\/uploads\/2023\/05\/img-20230515-wa00672812085336564269510-1024x682.jpg\" alt=\"\" class=\"wp-image-13362\" srcset=\"https:\/\/contextoanalisisperiodistico.com\/wp-content\/uploads\/2023\/05\/img-20230515-wa00672812085336564269510-1024x682.jpg 1024w, https:\/\/contextoanalisisperiodistico.com\/wp-content\/uploads\/2023\/05\/img-20230515-wa00672812085336564269510-300x200.jpg 300w, https:\/\/contextoanalisisperiodistico.com\/wp-content\/uploads\/2023\/05\/img-20230515-wa00672812085336564269510-768x512.jpg 768w, https:\/\/contextoanalisisperiodistico.com\/wp-content\/uploads\/2023\/05\/img-20230515-wa00672812085336564269510-1536x1023.jpg 1536w, https:\/\/contextoanalisisperiodistico.com\/wp-content\/uploads\/2023\/05\/img-20230515-wa00672812085336564269510.jpg 1600w\" sizes=\"(max-width: 1024px) 100vw, 1024px\" \/><\/figure>\n\n\n\n<figure class=\"wp-block-image\"><img decoding=\"async\" width=\"1024\" height=\"682\" src=\"https:\/\/contextoanalisisperiodistico.com\/wp-content\/uploads\/2023\/05\/img-20230515-wa00648571472254693779178-1024x682.jpg\" alt=\"\" class=\"wp-image-13363\" srcset=\"https:\/\/contextoanalisisperiodistico.com\/wp-content\/uploads\/2023\/05\/img-20230515-wa00648571472254693779178-1024x682.jpg 1024w, https:\/\/contextoanalisisperiodistico.com\/wp-content\/uploads\/2023\/05\/img-20230515-wa00648571472254693779178-300x200.jpg 300w, https:\/\/contextoanalisisperiodistico.com\/wp-content\/uploads\/2023\/05\/img-20230515-wa00648571472254693779178-768x512.jpg 768w, https:\/\/contextoanalisisperiodistico.com\/wp-content\/uploads\/2023\/05\/img-20230515-wa00648571472254693779178-1536x1023.jpg 1536w, https:\/\/contextoanalisisperiodistico.com\/wp-content\/uploads\/2023\/05\/img-20230515-wa00648571472254693779178.jpg 1600w\" sizes=\"(max-width: 1024px) 100vw, 1024px\" \/><\/figure>\n\n\n\n<figure class=\"wp-block-image\"><img loading=\"lazy\" decoding=\"async\" width=\"1024\" height=\"682\" src=\"https:\/\/contextoanalisisperiodistico.com\/wp-content\/uploads\/2023\/05\/img-20230515-wa00696161686671757071444-1024x682.jpg\" alt=\"\" class=\"wp-image-13365\" srcset=\"https:\/\/contextoanalisisperiodistico.com\/wp-content\/uploads\/2023\/05\/img-20230515-wa00696161686671757071444-1024x682.jpg 1024w, https:\/\/contextoanalisisperiodistico.com\/wp-content\/uploads\/2023\/05\/img-20230515-wa00696161686671757071444-300x200.jpg 300w, https:\/\/contextoanalisisperiodistico.com\/wp-content\/uploads\/2023\/05\/img-20230515-wa00696161686671757071444-768x512.jpg 768w, https:\/\/contextoanalisisperiodistico.com\/wp-content\/uploads\/2023\/05\/img-20230515-wa00696161686671757071444-1536x1023.jpg 1536w, https:\/\/contextoanalisisperiodistico.com\/wp-content\/uploads\/2023\/05\/img-20230515-wa00696161686671757071444.jpg 1600w\" sizes=\"(max-width: 1024px) 100vw, 1024px\" \/><\/figure>\n\n\n\n<figure class=\"wp-block-image\"><img loading=\"lazy\" decoding=\"async\" width=\"1024\" height=\"682\" src=\"https:\/\/contextoanalisisperiodistico.com\/wp-content\/uploads\/2023\/05\/img-20230515-wa00655609414089738248317-1024x682.jpg\" alt=\"\" class=\"wp-image-13366\" srcset=\"https:\/\/contextoanalisisperiodistico.com\/wp-content\/uploads\/2023\/05\/img-20230515-wa00655609414089738248317-1024x682.jpg 1024w, https:\/\/contextoanalisisperiodistico.com\/wp-content\/uploads\/2023\/05\/img-20230515-wa00655609414089738248317-300x200.jpg 300w, https:\/\/contextoanalisisperiodistico.com\/wp-content\/uploads\/2023\/05\/img-20230515-wa00655609414089738248317-768x512.jpg 768w, https:\/\/contextoanalisisperiodistico.com\/wp-content\/uploads\/2023\/05\/img-20230515-wa00655609414089738248317-1536x1023.jpg 1536w, https:\/\/contextoanalisisperiodistico.com\/wp-content\/uploads\/2023\/05\/img-20230515-wa00655609414089738248317.jpg 1600w\" sizes=\"(max-width: 1024px) 100vw, 1024px\" \/><\/figure>\n\n\n\n<p>Santa Mar\u00eda Atzompa, Oax. 15 de mayo de 2023.- El Gobernador Salom\u00f3n Jara Cruz entreg\u00f3 543 diplomas y medallas al M\u00e9rito Docente \u201cMaestro Ignacio Manuel Altamirano\u201d y \u201cMaestro Rafael Ram\u00edrez\u201d por 40 y 30 a\u00f1os de servicio ininterrumpido, respectivamente, a integrantes del magisterio oaxaque\u00f1o a quienes reconoci\u00f3 su esfuerzo y dedicaci\u00f3n al servicio de la educaci\u00f3n de Oaxaca.<\/p>\n\n\n\n<p>En el marco del D\u00eda de la Maestra y del Maestro, acompa\u00f1ado de la Presidenta Honoraria del Sistema DIF Oaxaca, Irma Bola\u00f1os Quijano, el Mandatario Estatal destac\u00f3 que su gobierno, que tiene su origen social y popular, tiene muy claro que la causa de la justicia tiene en la educaci\u00f3n su ra\u00edz profunda e irrebatible.<\/p>\n\n\n\n<p>Dijo que es muy grato reunirse nuevamente con el magisterio oaxaque\u00f1o, el cual es cr\u00edtico, democr\u00e1tico, de indiscutible compromiso con la ni\u00f1ez y la juventud, y que ha sido protagonista de las transformaciones hist\u00f3ricas de Oaxaca, caminando siempre a la vanguardia y encabezando la lucha por las reivindicaciones sociales de nuestro pueblo.<\/p>\n\n\n\n<p>En la celebraci\u00f3n a la que asistieron las secretarias de Educaci\u00f3n P\u00fablica en Oaxaca, Delfina Guzm\u00e1n D\u00edaz y de Bienestar, Tequio e Inclusi\u00f3n, Laura Estrada Mauro y el director general del Instituto Estatal de Educaci\u00f3n P\u00fablica de Oaxaca, Emilio Montero P\u00e9rez, el Gobernador llam\u00f3 a las maestras y maestros a hacer equipo por una mejor educaci\u00f3n para la ni\u00f1ez y la juventud de la entidad.<\/p>\n\n\n\n<p>\u201cTengan por seguro que en la Cuarta Transformaci\u00f3n y en la Primavera Oaxaque\u00f1a tienen ustedes a grandes aliados para cumplir nuestro sue\u00f1o com\u00fan de un mejor Oaxaca\u201d, destac\u00f3.<\/p>\n\n\n\n<p>Por lo que convoc\u00f3 a seguir la ruta establecida, teniendo como referente la Reforma Educativa promovida por el Presidente de la Rep\u00fablica Andr\u00e9s Manuel L\u00f3pez Obrador, en la cual, las y los docentes son los verdaderos protagonistas del cambio social y moral que se desea para la naci\u00f3n.<\/p>\n\n\n\n<p>\u201cCon ustedes queremos forjar una s\u00f3lida alianza por la verdadera transformaci\u00f3n de la educaci\u00f3n en Oaxaca\u201d, destac\u00f3 ante Mario Apolinar Ruiz y Flor Estela Z\u00e1rate V\u00e1squez, docentes que representaron a las y los galardonados por 40 y 30 a\u00f1os de servicio, respectivamente.<\/p>\n\n\n\n<p>\u201cLes invito a que sigamos sumando voluntades por Oaxaca, para que el desarrollo educativo sea el nuevo nombre de la paz y la transformaci\u00f3n que queremos para nuestro estado\u201d, precis\u00f3.<\/p>\n\n\n\n<p>En el marco de este festejo, el Jefe del Poder Ejecutivo entreg\u00f3 diplomas y medallas al M\u00e9rito Docente Maestro Ignacio Manuel Altamirano a 190 maestras y maestros que han brindado 40 a\u00f1os de servicio ininterrumpido al frente de las aulas. Asimismo, entreg\u00f3 el reconocimiento Maestro Rafael Ram\u00edrez Casta\u00f1eda a 353 docentes, quienes han ejercido su profesi\u00f3n durante 30 a\u00f1os.<\/p>\n\n\n\n<p>Respuestas a demandas magisteriales: Salom\u00f3n Jara<\/p>\n\n\n\n<p>En su intervenci\u00f3n el Gobernador destac\u00f3 que su administraci\u00f3n ha dado muestras contundentes de su voluntad para caminar y construir juntos el nuevo modelo educativo que el estado demanda.<\/p>\n\n\n\n<p>A trav\u00e9s del di\u00e1logo y el respeto se han tenido acercamientos para dignificar su labor, generar m\u00e1s y mejores acuerdos por la educaci\u00f3n y desde luego, por la salvaguarda de sus derechos y conquistas laborales.<\/p>\n\n\n\n<p>\u201cComo lo he afirmado desde un primer momento, mi gobierno es y ser\u00e1 siempre de puertas abiertas y di\u00e1logo\u201d, se\u00f1al\u00f3.<\/p>\n\n\n\n<p>Expuso que se dio respuesta inicial al pliego petitorio entregado por la dirigencia de la Secci\u00f3n 22 del Sindicato Nacional de Trabajadores de la Educaci\u00f3n (SNTE) y se encuentra dispuesto a conversar e impulsar la agenda pendiente con las autoridades y poderes federales.<\/p>\n\n\n\n<p>Por ejemplo, dijo, en lo relativo a sus preocupaciones en materia de educaci\u00f3n ind\u00edgena, se ha gestionado que el Senado de la Rep\u00fablica reciba a una representaci\u00f3n del magisterio para profundizar el impacto de las reformas propuestas por el Presidente de la Rep\u00fablica.<\/p>\n\n\n\n<p>Adem\u00e1s, indic\u00f3, hemos acompa\u00f1ado la solicitud de toma de nota y el reconocimiento de la legitimidad democr\u00e1tica de la actual dirigencia.<\/p>\n\n\n\n<p>Adem\u00e1s, avanzamos en la contrataci\u00f3n de los estudiantes normalistas egresados, m\u00e1s de mil 400 nuevas plazas resultado de un trabajo coordinado, dando pasos sustanciales en materia de formaci\u00f3n de docentes, atenci\u00f3n a personas jubiladas y pensionadas, pago de becas, as\u00ed como un gran avance a nivel nacional con la basificaci\u00f3n de m\u00e1s de 800 mil docentes.<\/p>\n\n\n\n<p>El incremento salarial progresivo, el cual en este a\u00f1o ser\u00e1 de 8.2 por ciento, tal y como lo anunci\u00f3 el Presidente de la Rep\u00fablica esta ma\u00f1ana, por lo que ninguna maestra o maestro ganar\u00e1 menos de 16 mil pesos mensuales. La mayor\u00eda de las demandas son competencia federal, pero a\u00fan as\u00ed seguiremos en el di\u00e1logo, refiri\u00f3.<\/p>\n\n\n\n<p>En su intervenci\u00f3n, el Director General del IEEPO reconoci\u00f3 su valiosa aportaci\u00f3n en la labor educativa, quienes en Oaxaca forman parte de una gran tradici\u00f3n de lucha; por lo cual, refrend\u00f3 el compromiso del Gobierno del Estado de tender puentes permanentes a favor del di\u00e1logo, la construcci\u00f3n de acuerdos s\u00f3lidos y no solo de ocasi\u00f3n.<\/p>\n\n\n\n<p>\u201cTenemos que construir consensos que permitan mejorar la calidad de la educaci\u00f3n y con ello elevar la posibilidad de formar mejores profesionistas que participen en la transformaci\u00f3n desde una perspectiva social, de desarrollo sostenible y de mejoramiento de la calidad de vida en las comunidades\u201d, puntualiz\u00f3.<\/p>\n\n\n\n<p>Resalt\u00f3 que su administraci\u00f3n construye la transformaci\u00f3n de una historia de rezagos y represiones vividas en las \u00faltimas d\u00e9cadas, con una nueva historia al lado de la gente y de todos los sectores de la sociedad, como es el magisterio oaxaque\u00f1o, con respeto a su autonom\u00eda sindical y se pronunci\u00f3 porque el 15 de mayo sea un espacio para el festejo, la lucha y la reflexi\u00f3n.<\/p>\n\n\n\n<p>-0-<\/p>\n","protected":false},"excerpt":{"rendered":"<p>\u2022 En el marco del D\u00eda de la Maestra y el Maestro, el Mandatario Estatal&#8230;<\/p>\n","protected":false},"author":4,"featured_media":13361,"comment_status":"closed","ping_status":"open","sticky":false,"template":"","format":"standard","meta":{"footnotes":""},"categories":[9],"tags":[],"jetpack_sharing_enabled":true,"featured_image_urls":{"full":["https:\/\/contextoanalisisperiodistico.com\/wp-content\/uploads\/2023\/05\/IMG-20230515-WA0068.jpg",1600,1066,false],"thumbnail":["https:\/\/contextoanalisisperiodistico.com\/wp-content\/uploads\/2023\/05\/IMG-20230515-WA0068-150x150.jpg",150,150,true],"medium":["https:\/\/contextoanalisisperiodistico.com\/wp-content\/uploads\/2023\/05\/IMG-20230515-WA0068-300x200.jpg",300,200,true],"medium_large":["https:\/\/contextoanalisisperiodistico.com\/wp-content\/uploads\/2023\/05\/IMG-20230515-WA0068-768x512.jpg",640,427,true],"large":["https:\/\/contextoanalisisperiodistico.com\/wp-content\/uploads\/2023\/05\/IMG-20230515-WA0068-1024x682.jpg",640,426,true],"1536x1536":["https:\/\/contextoanalisisperiodistico.com\/wp-content\/uploads\/2023\/05\/IMG-20230515-WA0068-1536x1023.jpg",1536,1023,true],"2048x2048":["https:\/\/contextoanalisisperiodistico.com\/wp-content\/uploads\/2023\/05\/IMG-20230515-WA0068.jpg",1600,1066,false],"covernews-slider-full":["https:\/\/contextoanalisisperiodistico.com\/wp-content\/uploads\/2023\/05\/IMG-20230515-WA0068-1115x715.jpg",1115,715,true],"covernews-slider-center":["https:\/\/contextoanalisisperiodistico.com\/wp-content\/uploads\/2023\/05\/IMG-20230515-WA0068-800x500.jpg",800,500,true],"covernews-featured":["https:\/\/contextoanalisisperiodistico.com\/wp-content\/uploads\/2023\/05\/IMG-20230515-WA0068-1024x682.jpg",1024,682,true],"covernews-medium":["https:\/\/contextoanalisisperiodistico.com\/wp-content\/uploads\/2023\/05\/IMG-20230515-WA0068-540x340.jpg",540,340,true],"covernews-medium-square":["https:\/\/contextoanalisisperiodistico.com\/wp-content\/uploads\/2023\/05\/IMG-20230515-WA0068-400x250.jpg",400,250,true]},"author_info":{"display_name":"Mario Gir\u00f3n","author_link":"https:\/\/contextoanalisisperiodistico.com\/index.php\/author\/director\/"},"category_info":"<a href=\"https:\/\/contextoanalisisperiodistico.com\/index.php\/category\/politica\/\" rel=\"category tag\">Pol\u00edtica<\/a>","tag_info":"Pol\u00edtica","comment_count":"0","jetpack_featured_media_url":"https:\/\/contextoanalisisperiodistico.com\/wp-content\/uploads\/2023\/05\/IMG-20230515-WA0068.jpg","_links":{"self":[{"href":"https:\/\/contextoanalisisperiodistico.com\/index.php\/wp-json\/wp\/v2\/posts\/13360"}],"collection":[{"href":"https:\/\/contextoanalisisperiodistico.com\/index.php\/wp-json\/wp\/v2\/posts"}],"about":[{"href":"https:\/\/contextoanalisisperiodistico.com\/index.php\/wp-json\/wp\/v2\/types\/post"}],"author":[{"embeddable":true,"href":"https:\/\/contextoanalisisperiodistico.com\/index.php\/wp-json\/wp\/v2\/users\/4"}],"replies":[{"embeddable":true,"href":"https:\/\/contextoanalisisperiodistico.com\/index.php\/wp-json\/wp\/v2\/comments?post=13360"}],"version-history":[{"count":1,"href":"https:\/\/contextoanalisisperiodistico.com\/index.php\/wp-json\/wp\/v2\/posts\/13360\/revisions"}],"predecessor-version":[{"id":13367,"href":"https:\/\/contextoanalisisperiodistico.com\/index.php\/wp-json\/wp\/v2\/posts\/13360\/revisions\/13367"}],"wp:featuredmedia":[{"embeddable":true,"href":"https:\/\/contextoanalisisperiodistico.com\/index.php\/wp-json\/wp\/v2\/media\/13361"}],"wp:attachment":[{"href":"https:\/\/contextoanalisisperiodistico.com\/index.php\/wp-json\/wp\/v2\/media?parent=13360"}],"wp:term":[{"taxonomy":"category","embeddable":true,"href":"https:\/\/contextoanalisisperiodistico.com\/index.php\/wp-json\/wp\/v2\/categories?post=13360"},{"taxonomy":"post_tag","embeddable":true,"href":"https:\/\/contextoanalisisperiodistico.com\/index.php\/wp-json\/wp\/v2\/tags?post=13360"}],"curies":[{"name":"wp","href":"https:\/\/api.w.org\/{rel}","templated":true}]}}