{"id":13345,"date":"2023-05-15T12:29:54","date_gmt":"2023-05-15T18:29:54","guid":{"rendered":"https:\/\/contextoanalisisperiodistico.com\/?p=13345"},"modified":"2023-05-15T12:30:15","modified_gmt":"2023-05-15T18:30:15","slug":"se-mantendra-la-buena-relacion-con-el-magisterio-democratico-de-oaxaca-gobernador-salomon-jara","status":"publish","type":"post","link":"https:\/\/contextoanalisisperiodistico.com\/index.php\/2023\/05\/15\/se-mantendra-la-buena-relacion-con-el-magisterio-democratico-de-oaxaca-gobernador-salomon-jara\/","title":{"rendered":"Se mantendr\u00e1 la buena relaci\u00f3n con el magisterio democr\u00e1tico de Oaxaca: Gobernador Salom\u00f3n Jara"},"content":{"rendered":"<div id=\"fb-root\"><\/div>\n\n<p>\u2022 Mediante el di\u00e1logo se construir\u00e1 una educaci\u00f3n de mayor calidad para la ni\u00f1ez oaxaque\u00f1a y mejores condiciones laborales para los maestros y maestras en la entidad<\/p>\n\n\n\n<p>\u2022 En este D\u00eda del Maestro y la Maestra, el Mandatario expres\u00f3 su reconocimiento al magisterio y se\u00f1al\u00f3 que se le acompa\u00f1ar\u00e1 en el proceso legislativo para que el Congreso atienda sus inquietudes<\/p>\n\n\n\n<p>Oaxaca de Ju\u00e1rez Oax. 15 de mayo de 2023.- El Gobernador del Estado Salom\u00f3n Jara Cruz expres\u00f3 que se mantendr\u00e1 la buena relaci\u00f3n con las y los maestros de Oaxaca para construir una educaci\u00f3n de calidad a favor de la ni\u00f1ez y mejorar las condiciones laborales de los mentores, al informar que se dio respuesta al pliego petitorio de la Secci\u00f3n 22 del Sindicato Nacional de Trabajadores de la Educaci\u00f3n (SNTE).<\/p>\n\n\n\n<p>En la conferencia ma\u00f1anera de los lunes, expres\u00f3 su reconocimiento al magisterio democr\u00e1tico, que es fundamental para lograr el progreso educativo con mujeres y hombres que dedican su vida a la educaci\u00f3n de la ni\u00f1ez oaxaque\u00f1a.<\/p>\n\n\n\n<p>Jara Cruz explic\u00f3 que hay canales de comunicaci\u00f3n abiertos, se ha dialogado y se ha dado respuesta al pliego petitorio de la Secci\u00f3n 22 del SNTE.<\/p>\n\n\n\n<p>A\u00f1adi\u00f3 que en el caso de la reforma educativa referente a la Direcci\u00f3n General de Educaci\u00f3n Ind\u00edgena Intercultural y Biling\u00fce de la Secretar\u00eda de Educaci\u00f3n P\u00fablica (SEP), se trata de una reforma que apenas fue aprobada en el Senado y a\u00fan se encuentra en an\u00e1lisis en la C\u00e1mara de Diputados.<\/p>\n\n\n\n<p>Dijo que las facultades y los recursos se mantienen intactos y no hay alg\u00fan cambio de fondo, solo se hace una reorganizaci\u00f3n administrativa y se dar\u00e1 acompa\u00f1amiento a las preocupaciones del magisterio en la C\u00e1mara de Diputados.<\/p>\n\n\n\n<p>Abund\u00f3 que se gestiona con el presidente de la Junta de Coordinaci\u00f3n Pol\u00edtica para que se atienda a una representaci\u00f3n magisterial, se tomen en cuenta sus inquietudes y se resuelvan otros temas, adem\u00e1s de que se ha dado atenci\u00f3n a los avances del incremento salarial progresivo.<\/p>\n\n\n\n<p>Precis\u00f3 que la nueva reforma educativa deroga la que se impuls\u00f3 en el sexenio de Enrique Pe\u00f1a Nieto porque dignifica y reconoce el papel del magisterio en el proceso educativo.<\/p>\n\n\n\n<p>Recalc\u00f3 que se ha dado puntual respuesta a sus peticiones y convoc\u00f3 al magisterio a continuar el di\u00e1logo, \u201cque lo hagamos siempre por Oaxaca, por las ni\u00f1as y los ni\u00f1os\u201d.<\/p>\n\n\n\n<p>Jara Cruz destac\u00f3 que en el marco de este nuevo modelo de relaci\u00f3n con el magisterio y como reflejo de la naturaleza democr\u00e1tica del Gobierno de Oaxaca, en un acto hist\u00f3rico y profundamente simb\u00f3lico, por primera vez en la historia, el titular del Poder Ejecutivo y la Fiscal\u00eda, expresaron disculpas p\u00fablicas a la profesora Liboria Miranda Silva, esposa del profesor Modesto Patolzin Moic\u00e9n y a la profesora Aurora Guadalupe Esteban, madre de Ren\u00e9 Alejandro Cruz Esteban.<\/p>\n\n\n\n<p>Record\u00f3 que ambos fueron v\u00edctimas del delito de desaparici\u00f3n forzada y sufrieron la revictimizaci\u00f3n de las instituciones omisas que no fueron capaces de protegerlas, por ello \u201cratifiqu\u00e9 el compromiso del Gobierno del Estado con la verdad, la justicia y la reivindicaci\u00f3n hist\u00f3rica de las v\u00edctimas de violaciones graves a sus derechos humanos. Nuestro compromiso es que esto nunca se vuelva a repetir\u201d.<\/p>\n\n\n\n<p>Inform\u00f3 que, con la secretaria de Bienestar, Ariadna Montiel Reyes se firm\u00f3 un convenio para ampliar la cobertura de la pensi\u00f3n para personas con discapacidad y se entregaron las tarjetas a personas beneficiarias del programa J\u00f3venes Construyendo el Futuro para cumplir el compromiso asumido por el Presidente Andr\u00e9s Manuel L\u00f3pez Obrador.<\/p>\n\n\n\n<p>Por otro lado, Jara Cruz indic\u00f3 que, ante el inicio de la temporada de lluvias y ciclones tropicales, junto al director de la Comisi\u00f3n Federal de Electricidad, Manuel Bartlett D\u00edaz, acudi\u00f3 a presenciar el simulacro de la CFE en Santa Mar\u00eda Tonameca y a la Reuni\u00f3n Nacional de Huracanes 2023 en Huatulco.<\/p>\n\n\n\n<p>Destac\u00f3 la importancia del trabajo que realiza la CFE antes, durante y despu\u00e9s de un desastre natural y que las y los oaxaque\u00f1os y especialmente quienes han sido afectados por huracanes, terremotos o tormentas, reconocen y aprecian los trabajos de mujeres y hombres de esta empresa p\u00fablica para asegurar el suministro o el pronto restablecimiento de la energ\u00eda el\u00e9ctrica.<\/p>\n\n\n\n<p>Abund\u00f3 que tambi\u00e9n platicaron sobre la deuda que ha quedado en el pasado de m\u00e1s de 23 millones de pesos y para que los productores con sistemas de riego tengan un apoyo.<\/p>\n\n\n\n<figure class=\"wp-block-image size-large\"><img fetchpriority=\"high\" decoding=\"async\" width=\"1024\" height=\"622\" src=\"https:\/\/contextoanalisisperiodistico.com\/wp-content\/uploads\/2023\/05\/img-20230515-wa00502889808034817939637-1024x622.jpg\" alt=\"\" class=\"wp-image-13347\" srcset=\"https:\/\/contextoanalisisperiodistico.com\/wp-content\/uploads\/2023\/05\/img-20230515-wa00502889808034817939637-1024x622.jpg 1024w, https:\/\/contextoanalisisperiodistico.com\/wp-content\/uploads\/2023\/05\/img-20230515-wa00502889808034817939637-300x182.jpg 300w, https:\/\/contextoanalisisperiodistico.com\/wp-content\/uploads\/2023\/05\/img-20230515-wa00502889808034817939637-768x467.jpg 768w, https:\/\/contextoanalisisperiodistico.com\/wp-content\/uploads\/2023\/05\/img-20230515-wa00502889808034817939637-1536x933.jpg 1536w, https:\/\/contextoanalisisperiodistico.com\/wp-content\/uploads\/2023\/05\/img-20230515-wa00502889808034817939637.jpg 1600w\" sizes=\"(max-width: 1024px) 100vw, 1024px\" \/><\/figure>\n\n\n\n<figure class=\"wp-block-image\"><img decoding=\"async\" width=\"1024\" height=\"624\" src=\"https:\/\/contextoanalisisperiodistico.com\/wp-content\/uploads\/2023\/05\/img-20230515-wa00497037729770989653360-1024x624.jpg\" alt=\"\" class=\"wp-image-13349\" srcset=\"https:\/\/contextoanalisisperiodistico.com\/wp-content\/uploads\/2023\/05\/img-20230515-wa00497037729770989653360-1024x624.jpg 1024w, https:\/\/contextoanalisisperiodistico.com\/wp-content\/uploads\/2023\/05\/img-20230515-wa00497037729770989653360-300x183.jpg 300w, https:\/\/contextoanalisisperiodistico.com\/wp-content\/uploads\/2023\/05\/img-20230515-wa00497037729770989653360-768x468.jpg 768w, https:\/\/contextoanalisisperiodistico.com\/wp-content\/uploads\/2023\/05\/img-20230515-wa00497037729770989653360-1536x936.jpg 1536w, https:\/\/contextoanalisisperiodistico.com\/wp-content\/uploads\/2023\/05\/img-20230515-wa00497037729770989653360.jpg 1600w\" sizes=\"(max-width: 1024px) 100vw, 1024px\" \/><\/figure>\n\n\n\n<figure class=\"wp-block-image\"><img decoding=\"async\" width=\"1024\" height=\"682\" src=\"https:\/\/contextoanalisisperiodistico.com\/wp-content\/uploads\/2023\/05\/img-20230515-wa00443542805368008951699-1024x682.jpg\" alt=\"\" class=\"wp-image-13350\" srcset=\"https:\/\/contextoanalisisperiodistico.com\/wp-content\/uploads\/2023\/05\/img-20230515-wa00443542805368008951699-1024x682.jpg 1024w, https:\/\/contextoanalisisperiodistico.com\/wp-content\/uploads\/2023\/05\/img-20230515-wa00443542805368008951699-300x200.jpg 300w, https:\/\/contextoanalisisperiodistico.com\/wp-content\/uploads\/2023\/05\/img-20230515-wa00443542805368008951699-768x512.jpg 768w, https:\/\/contextoanalisisperiodistico.com\/wp-content\/uploads\/2023\/05\/img-20230515-wa00443542805368008951699-1536x1023.jpg 1536w, https:\/\/contextoanalisisperiodistico.com\/wp-content\/uploads\/2023\/05\/img-20230515-wa00443542805368008951699.jpg 1600w\" sizes=\"(max-width: 1024px) 100vw, 1024px\" \/><\/figure>\n\n\n\n<figure class=\"wp-block-image\"><img loading=\"lazy\" decoding=\"async\" width=\"1024\" height=\"518\" src=\"https:\/\/contextoanalisisperiodistico.com\/wp-content\/uploads\/2023\/05\/img-20230515-wa00435709101369547468437-1024x518.jpg\" alt=\"\" class=\"wp-image-13348\" srcset=\"https:\/\/contextoanalisisperiodistico.com\/wp-content\/uploads\/2023\/05\/img-20230515-wa00435709101369547468437-1024x518.jpg 1024w, https:\/\/contextoanalisisperiodistico.com\/wp-content\/uploads\/2023\/05\/img-20230515-wa00435709101369547468437-300x152.jpg 300w, https:\/\/contextoanalisisperiodistico.com\/wp-content\/uploads\/2023\/05\/img-20230515-wa00435709101369547468437-768x388.jpg 768w, https:\/\/contextoanalisisperiodistico.com\/wp-content\/uploads\/2023\/05\/img-20230515-wa00435709101369547468437-1536x777.jpg 1536w, https:\/\/contextoanalisisperiodistico.com\/wp-content\/uploads\/2023\/05\/img-20230515-wa00435709101369547468437.jpg 1600w\" sizes=\"(max-width: 1024px) 100vw, 1024px\" \/><\/figure>\n","protected":false},"excerpt":{"rendered":"<p>\u2022 Mediante el di\u00e1logo se construir\u00e1 una educaci\u00f3n de mayor calidad para la ni\u00f1ez oaxaque\u00f1a&#8230;<\/p>\n","protected":false},"author":4,"featured_media":13346,"comment_status":"closed","ping_status":"open","sticky":false,"template":"","format":"standard","meta":{"footnotes":""},"categories":[9],"tags":[],"jetpack_sharing_enabled":true,"featured_image_urls":{"full":["https:\/\/contextoanalisisperiodistico.com\/wp-content\/uploads\/2023\/05\/IMG-20230515-WA0042.jpg",1600,1214,false],"thumbnail":["https:\/\/contextoanalisisperiodistico.com\/wp-content\/uploads\/2023\/05\/IMG-20230515-WA0042-150x150.jpg",150,150,true],"medium":["https:\/\/contextoanalisisperiodistico.com\/wp-content\/uploads\/2023\/05\/IMG-20230515-WA0042-300x228.jpg",300,228,true],"medium_large":["https:\/\/contextoanalisisperiodistico.com\/wp-content\/uploads\/2023\/05\/IMG-20230515-WA0042-768x583.jpg",640,486,true],"large":["https:\/\/contextoanalisisperiodistico.com\/wp-content\/uploads\/2023\/05\/IMG-20230515-WA0042-1024x777.jpg",640,486,true],"1536x1536":["https:\/\/contextoanalisisperiodistico.com\/wp-content\/uploads\/2023\/05\/IMG-20230515-WA0042-1536x1165.jpg",1536,1165,true],"2048x2048":["https:\/\/contextoanalisisperiodistico.com\/wp-content\/uploads\/2023\/05\/IMG-20230515-WA0042.jpg",1600,1214,false],"covernews-slider-full":["https:\/\/contextoanalisisperiodistico.com\/wp-content\/uploads\/2023\/05\/IMG-20230515-WA0042-1115x715.jpg",1115,715,true],"covernews-slider-center":["https:\/\/contextoanalisisperiodistico.com\/wp-content\/uploads\/2023\/05\/IMG-20230515-WA0042-800x500.jpg",800,500,true],"covernews-featured":["https:\/\/contextoanalisisperiodistico.com\/wp-content\/uploads\/2023\/05\/IMG-20230515-WA0042-1024x777.jpg",1024,777,true],"covernews-medium":["https:\/\/contextoanalisisperiodistico.com\/wp-content\/uploads\/2023\/05\/IMG-20230515-WA0042-540x340.jpg",540,340,true],"covernews-medium-square":["https:\/\/contextoanalisisperiodistico.com\/wp-content\/uploads\/2023\/05\/IMG-20230515-WA0042-400x250.jpg",400,250,true]},"author_info":{"display_name":"Mario Gir\u00f3n","author_link":"https:\/\/contextoanalisisperiodistico.com\/index.php\/author\/director\/"},"category_info":"<a href=\"https:\/\/contextoanalisisperiodistico.com\/index.php\/category\/politica\/\" rel=\"category tag\">Pol\u00edtica<\/a>","tag_info":"Pol\u00edtica","comment_count":"0","jetpack_featured_media_url":"https:\/\/contextoanalisisperiodistico.com\/wp-content\/uploads\/2023\/05\/IMG-20230515-WA0042.jpg","_links":{"self":[{"href":"https:\/\/contextoanalisisperiodistico.com\/index.php\/wp-json\/wp\/v2\/posts\/13345"}],"collection":[{"href":"https:\/\/contextoanalisisperiodistico.com\/index.php\/wp-json\/wp\/v2\/posts"}],"about":[{"href":"https:\/\/contextoanalisisperiodistico.com\/index.php\/wp-json\/wp\/v2\/types\/post"}],"author":[{"embeddable":true,"href":"https:\/\/contextoanalisisperiodistico.com\/index.php\/wp-json\/wp\/v2\/users\/4"}],"replies":[{"embeddable":true,"href":"https:\/\/contextoanalisisperiodistico.com\/index.php\/wp-json\/wp\/v2\/comments?post=13345"}],"version-history":[{"count":1,"href":"https:\/\/contextoanalisisperiodistico.com\/index.php\/wp-json\/wp\/v2\/posts\/13345\/revisions"}],"predecessor-version":[{"id":13351,"href":"https:\/\/contextoanalisisperiodistico.com\/index.php\/wp-json\/wp\/v2\/posts\/13345\/revisions\/13351"}],"wp:featuredmedia":[{"embeddable":true,"href":"https:\/\/contextoanalisisperiodistico.com\/index.php\/wp-json\/wp\/v2\/media\/13346"}],"wp:attachment":[{"href":"https:\/\/contextoanalisisperiodistico.com\/index.php\/wp-json\/wp\/v2\/media?parent=13345"}],"wp:term":[{"taxonomy":"category","embeddable":true,"href":"https:\/\/contextoanalisisperiodistico.com\/index.php\/wp-json\/wp\/v2\/categories?post=13345"},{"taxonomy":"post_tag","embeddable":true,"href":"https:\/\/contextoanalisisperiodistico.com\/index.php\/wp-json\/wp\/v2\/tags?post=13345"}],"curies":[{"name":"wp","href":"https:\/\/api.w.org\/{rel}","templated":true}]}}