{"id":1333,"date":"2022-03-11T20:57:45","date_gmt":"2022-03-12T02:57:45","guid":{"rendered":"http:\/\/contextoanalisisperiodistico.com.mx\/2022\/03\/11\/gracias-universitarios-demichigan-martinez-neri\/"},"modified":"2022-03-11T20:57:45","modified_gmt":"2022-03-12T02:57:45","slug":"gracias-universitarios-demichigan-martinez-neri","status":"publish","type":"post","link":"https:\/\/contextoanalisisperiodistico.com\/index.php\/2022\/03\/11\/gracias-universitarios-demichigan-martinez-neri\/","title":{"rendered":"\u201cGracias universitarios de Michigan\u201d: Mart\u00ednez Neri"},"content":{"rendered":"<div id=\"fb-root\"><\/div>\n\n<p>El presidente municipal Francisco Mart\u00ednez Neri y la presidenta honoraria del Sistema DIF Municipal, Bernarda Gonz\u00e1les Rivas, reconocieron esta noche el esfuerzo de un grupo de estudiantes de la Michigan State University que participaron en trabajos de mejoramiento de la casa hogar de adultos mayores, mujeres y hombres, de Oaxaca de Ju\u00e1rez, los que ahora existir\u00e1n en un ambiente m\u00e1s justo y calor humano.<br \/>\u201cMe da alegr\u00eda la existencia de personas que sean ciudadanos del mundo\u00bb, fueron palabras de agradecimiento a los j\u00f3venes universitarios, pronunciadas por el presidente municipal, Mart\u00ednez Neri, al clausurar, junto con la presidenta honoraria del DIF Municipal, Gonz\u00e1lez Rivas, la jornada de rehabilitaci\u00f3n de espacios consagrados a un ejemplo de justicia social.&nbsp;<br \/>Mart\u00ednez Neri subray\u00f3 \u201cEstoy contento con estas acciones; por el esfuerzo de los j\u00f3venes universitarios un grupo de universitarios del programa Internacional Engagement in M\u00e9xico (IEM)-Oaxaca 2022. Gracias por ayudarnos en la rehabilitaci\u00f3n de la Casa Hogar consagrada a los adultos mayores que cumplieron con el deber del servicio a las instituciones y parte de una generaci\u00f3n honesta, trabajadora y educada\u201d.<\/p>\n\n\n\n<figure class=\"wp-block-image size-large\"><img decoding=\"async\" src=\"https:\/\/contextoinformacionyanalisisperiodistico.files.wordpress.com\/2022\/03\/img-20220311-wa0053.jpg?w=1024\" alt=\"\" class=\"wp-image-1330\" \/><\/figure>\n\n\n\n<figure class=\"wp-block-image\"><img decoding=\"async\" src=\"https:\/\/contextoinformacionyanalisisperiodistico.files.wordpress.com\/2022\/03\/img-20220311-wa0054.jpg\" alt=\"\" class=\"wp-image-1331\" \/><\/figure>\n\n\n\n<figure class=\"wp-block-image\"><img decoding=\"async\" src=\"https:\/\/contextoinformacionyanalisisperiodistico.files.wordpress.com\/2022\/03\/img-20220311-wa0055.jpg\" alt=\"\" class=\"wp-image-1332\" \/><\/figure>\n","protected":false},"excerpt":{"rendered":"<p>El presidente municipal Francisco Mart\u00ednez Neri y la presidenta honoraria del Sistema DIF Municipal, Bernarda&#8230;<\/p>\n","protected":false},"author":2,"featured_media":1329,"comment_status":"open","ping_status":"open","sticky":false,"template":"","format":"standard","meta":{"footnotes":""},"categories":[3,7],"tags":[],"jetpack_sharing_enabled":true,"featured_image_urls":{"full":"","thumbnail":"","medium":"","medium_large":"","large":"","1536x1536":"","2048x2048":"","covernews-slider-full":"","covernews-slider-center":"","covernews-featured":"","covernews-medium":"","covernews-medium-square":""},"author_info":{"display_name":"Miguel","author_link":"https:\/\/contextoanalisisperiodistico.com\/index.php\/author\/editor\/"},"category_info":"<a href=\"https:\/\/contextoanalisisperiodistico.com\/index.php\/category\/ciudad\/\" rel=\"category tag\">Ciudad<\/a> <a href=\"https:\/\/contextoanalisisperiodistico.com\/index.php\/category\/municipios\/\" rel=\"category tag\">Municipios<\/a>","tag_info":"Municipios","comment_count":"0","jetpack_featured_media_url":"","_links":{"self":[{"href":"https:\/\/contextoanalisisperiodistico.com\/index.php\/wp-json\/wp\/v2\/posts\/1333"}],"collection":[{"href":"https:\/\/contextoanalisisperiodistico.com\/index.php\/wp-json\/wp\/v2\/posts"}],"about":[{"href":"https:\/\/contextoanalisisperiodistico.com\/index.php\/wp-json\/wp\/v2\/types\/post"}],"author":[{"embeddable":true,"href":"https:\/\/contextoanalisisperiodistico.com\/index.php\/wp-json\/wp\/v2\/users\/2"}],"replies":[{"embeddable":true,"href":"https:\/\/contextoanalisisperiodistico.com\/index.php\/wp-json\/wp\/v2\/comments?post=1333"}],"version-history":[{"count":0,"href":"https:\/\/contextoanalisisperiodistico.com\/index.php\/wp-json\/wp\/v2\/posts\/1333\/revisions"}],"wp:featuredmedia":[{"embeddable":true,"href":"https:\/\/contextoanalisisperiodistico.com\/index.php\/wp-json\/"}],"wp:attachment":[{"href":"https:\/\/contextoanalisisperiodistico.com\/index.php\/wp-json\/wp\/v2\/media?parent=1333"}],"wp:term":[{"taxonomy":"category","embeddable":true,"href":"https:\/\/contextoanalisisperiodistico.com\/index.php\/wp-json\/wp\/v2\/categories?post=1333"},{"taxonomy":"post_tag","embeddable":true,"href":"https:\/\/contextoanalisisperiodistico.com\/index.php\/wp-json\/wp\/v2\/tags?post=1333"}],"curies":[{"name":"wp","href":"https:\/\/api.w.org\/{rel}","templated":true}]}}