{"id":13320,"date":"2023-05-14T14:52:35","date_gmt":"2023-05-14T20:52:35","guid":{"rendered":"https:\/\/contextoanalisisperiodistico.com\/?p=13320"},"modified":"2023-05-14T14:52:44","modified_gmt":"2023-05-14T20:52:44","slug":"trasladan-via-aerea-a-paciente-de-la-costa-a-los-valles-centrales","status":"publish","type":"post","link":"https:\/\/contextoanalisisperiodistico.com\/index.php\/2023\/05\/14\/trasladan-via-aerea-a-paciente-de-la-costa-a-los-valles-centrales\/","title":{"rendered":"Trasladan v\u00eda a\u00e9rea a paciente de la Costa a los Valles Centrales"},"content":{"rendered":"<div id=\"fb-root\"><\/div>\n\n<p>\u2022 Fue referida a un hospital de segundo nivel para ser atendida en neuropediatr\u00eda<\/p>\n\n\n\n<p>Oaxaca de Ju\u00e1rez, Oax. 14 de mayo de 2023.- Para recibir atenci\u00f3n m\u00e9dica especializada de manera urgente, una paciente de seis a\u00f1os, valorada en el Hospital General de San Pedro Pochutla fue trasladada v\u00eda a\u00e9rea a un nosocomio de segundo nivel a petici\u00f3n de los Servicios de Salud de Oaxaca (SSO).<\/p>\n\n\n\n<p>De acuerdo a la solicitud de referencia, la paciente requiere el servicio de neuropediatr\u00eda para continuar con el protocolo de estudio para atender el edema cerebral moderado que presenta de acuerdo a su diagn\u00f3stico cl\u00ednico y controlar las repetidas crisis convulsivas que ha presentado desde d\u00edas anteriores, mientras se encontraba en su lugar de origen, Candelaria Loxicha.<\/p>\n\n\n\n<p>De acuerdo al reporte m\u00e9dico, su estado de salud es estable dentro de su gravedad, por lo que con la atenci\u00f3n oportuna se vigilar\u00e1 su respuesta a los tratamientos recibidos.<\/p>\n\n\n\n<p>Este traslado se suma a los m\u00e1s de 50 que se han realizado en la presente administraci\u00f3n estatal, inform\u00f3 la Direcci\u00f3n General del Hangar Oficial del Gobierno del Estado.<\/p>\n\n\n\n<p>Con estas acciones el Gobierno que encabeza Salom\u00f3n Jara Cruz cumple con el pueblo de Oaxaca al poner a su servicio las unidades a\u00e9reas para atender urgencias m\u00e9dicas, ser parte del combate de incendios forestales y todas las acciones sociales que se requieran.<\/p>\n\n\n\n<figure class=\"wp-block-image size-large\"><img fetchpriority=\"high\" decoding=\"async\" width=\"1024\" height=\"768\" src=\"https:\/\/contextoanalisisperiodistico.com\/wp-content\/uploads\/2023\/05\/img-20230514-wa00639073579949955437901-1024x768.jpg\" alt=\"\" class=\"wp-image-13323\" srcset=\"https:\/\/contextoanalisisperiodistico.com\/wp-content\/uploads\/2023\/05\/img-20230514-wa00639073579949955437901-1024x768.jpg 1024w, https:\/\/contextoanalisisperiodistico.com\/wp-content\/uploads\/2023\/05\/img-20230514-wa00639073579949955437901-300x225.jpg 300w, https:\/\/contextoanalisisperiodistico.com\/wp-content\/uploads\/2023\/05\/img-20230514-wa00639073579949955437901-768x576.jpg 768w, https:\/\/contextoanalisisperiodistico.com\/wp-content\/uploads\/2023\/05\/img-20230514-wa00639073579949955437901.jpg 1156w\" sizes=\"(max-width: 1024px) 100vw, 1024px\" \/><\/figure>\n\n\n\n<figure class=\"wp-block-image\"><img decoding=\"async\" width=\"1024\" height=\"768\" src=\"https:\/\/contextoanalisisperiodistico.com\/wp-content\/uploads\/2023\/05\/img-20230514-wa00642698699761319298031-1024x768.jpg\" alt=\"\" class=\"wp-image-13322\" srcset=\"https:\/\/contextoanalisisperiodistico.com\/wp-content\/uploads\/2023\/05\/img-20230514-wa00642698699761319298031-1024x768.jpg 1024w, https:\/\/contextoanalisisperiodistico.com\/wp-content\/uploads\/2023\/05\/img-20230514-wa00642698699761319298031-300x225.jpg 300w, https:\/\/contextoanalisisperiodistico.com\/wp-content\/uploads\/2023\/05\/img-20230514-wa00642698699761319298031-768x576.jpg 768w, https:\/\/contextoanalisisperiodistico.com\/wp-content\/uploads\/2023\/05\/img-20230514-wa00642698699761319298031.jpg 1156w\" sizes=\"(max-width: 1024px) 100vw, 1024px\" \/><\/figure>\n","protected":false},"excerpt":{"rendered":"<p>\u2022 Fue referida a un hospital de segundo nivel para ser atendida en neuropediatr\u00eda Oaxaca&#8230;<\/p>\n","protected":false},"author":4,"featured_media":13321,"comment_status":"closed","ping_status":"open","sticky":false,"template":"","format":"standard","meta":{"footnotes":""},"categories":[92],"tags":[],"jetpack_sharing_enabled":true,"featured_image_urls":{"full":["https:\/\/contextoanalisisperiodistico.com\/wp-content\/uploads\/2023\/05\/IMG-20230514-WA0065.jpg",1600,1200,false],"thumbnail":["https:\/\/contextoanalisisperiodistico.com\/wp-content\/uploads\/2023\/05\/IMG-20230514-WA0065-150x150.jpg",150,150,true],"medium":["https:\/\/contextoanalisisperiodistico.com\/wp-content\/uploads\/2023\/05\/IMG-20230514-WA0065-300x225.jpg",300,225,true],"medium_large":["https:\/\/contextoanalisisperiodistico.com\/wp-content\/uploads\/2023\/05\/IMG-20230514-WA0065-768x576.jpg",640,480,true],"large":["https:\/\/contextoanalisisperiodistico.com\/wp-content\/uploads\/2023\/05\/IMG-20230514-WA0065-1024x768.jpg",640,480,true],"1536x1536":["https:\/\/contextoanalisisperiodistico.com\/wp-content\/uploads\/2023\/05\/IMG-20230514-WA0065-1536x1152.jpg",1536,1152,true],"2048x2048":["https:\/\/contextoanalisisperiodistico.com\/wp-content\/uploads\/2023\/05\/IMG-20230514-WA0065.jpg",1600,1200,false],"covernews-slider-full":["https:\/\/contextoanalisisperiodistico.com\/wp-content\/uploads\/2023\/05\/IMG-20230514-WA0065-1115x715.jpg",1115,715,true],"covernews-slider-center":["https:\/\/contextoanalisisperiodistico.com\/wp-content\/uploads\/2023\/05\/IMG-20230514-WA0065-800x500.jpg",800,500,true],"covernews-featured":["https:\/\/contextoanalisisperiodistico.com\/wp-content\/uploads\/2023\/05\/IMG-20230514-WA0065-1024x768.jpg",1024,768,true],"covernews-medium":["https:\/\/contextoanalisisperiodistico.com\/wp-content\/uploads\/2023\/05\/IMG-20230514-WA0065-540x340.jpg",540,340,true],"covernews-medium-square":["https:\/\/contextoanalisisperiodistico.com\/wp-content\/uploads\/2023\/05\/IMG-20230514-WA0065-400x250.jpg",400,250,true]},"author_info":{"display_name":"Mario Gir\u00f3n","author_link":"https:\/\/contextoanalisisperiodistico.com\/index.php\/author\/director\/"},"category_info":"<a href=\"https:\/\/contextoanalisisperiodistico.com\/index.php\/category\/salud\/\" rel=\"category tag\">Salud<\/a>","tag_info":"Salud","comment_count":"0","jetpack_featured_media_url":"https:\/\/contextoanalisisperiodistico.com\/wp-content\/uploads\/2023\/05\/IMG-20230514-WA0065.jpg","_links":{"self":[{"href":"https:\/\/contextoanalisisperiodistico.com\/index.php\/wp-json\/wp\/v2\/posts\/13320"}],"collection":[{"href":"https:\/\/contextoanalisisperiodistico.com\/index.php\/wp-json\/wp\/v2\/posts"}],"about":[{"href":"https:\/\/contextoanalisisperiodistico.com\/index.php\/wp-json\/wp\/v2\/types\/post"}],"author":[{"embeddable":true,"href":"https:\/\/contextoanalisisperiodistico.com\/index.php\/wp-json\/wp\/v2\/users\/4"}],"replies":[{"embeddable":true,"href":"https:\/\/contextoanalisisperiodistico.com\/index.php\/wp-json\/wp\/v2\/comments?post=13320"}],"version-history":[{"count":1,"href":"https:\/\/contextoanalisisperiodistico.com\/index.php\/wp-json\/wp\/v2\/posts\/13320\/revisions"}],"predecessor-version":[{"id":13324,"href":"https:\/\/contextoanalisisperiodistico.com\/index.php\/wp-json\/wp\/v2\/posts\/13320\/revisions\/13324"}],"wp:featuredmedia":[{"embeddable":true,"href":"https:\/\/contextoanalisisperiodistico.com\/index.php\/wp-json\/wp\/v2\/media\/13321"}],"wp:attachment":[{"href":"https:\/\/contextoanalisisperiodistico.com\/index.php\/wp-json\/wp\/v2\/media?parent=13320"}],"wp:term":[{"taxonomy":"category","embeddable":true,"href":"https:\/\/contextoanalisisperiodistico.com\/index.php\/wp-json\/wp\/v2\/categories?post=13320"},{"taxonomy":"post_tag","embeddable":true,"href":"https:\/\/contextoanalisisperiodistico.com\/index.php\/wp-json\/wp\/v2\/tags?post=13320"}],"curies":[{"name":"wp","href":"https:\/\/api.w.org\/{rel}","templated":true}]}}