{"id":13311,"date":"2023-05-14T12:02:59","date_gmt":"2023-05-14T18:02:59","guid":{"rendered":"https:\/\/contextoanalisisperiodistico.com\/?p=13311"},"modified":"2023-05-14T12:03:10","modified_gmt":"2023-05-14T18:03:10","slug":"especializan-a-funcionariado-oaxaqueno-en-genero-violencia-interculturalidad-y-politicas-publicas","status":"publish","type":"post","link":"https:\/\/contextoanalisisperiodistico.com\/index.php\/2023\/05\/14\/especializan-a-funcionariado-oaxaqueno-en-genero-violencia-interculturalidad-y-politicas-publicas\/","title":{"rendered":"Especializan a funcionariado oaxaque\u00f1o en g\u00e9nero, violencia, interculturalidad y pol\u00edticas p\u00fablicas"},"content":{"rendered":"<div id=\"fb-root\"><\/div>\n\n<p>\u2022 La Secretar\u00eda de las Mujeres en coordinaci\u00f3n con el CIESAS Golfo, el INAH y el CEIICH de la UNAM brindan el diplomado G\u00e9nero, violencia, interculturalidad y pol\u00edticas p\u00fablicas<\/p>\n\n\n\n<p><br>\u2022 Este proceso formativo est\u00e1 dise\u00f1ado desde la interculturalidad, interseccionalidad y la transversalizaci\u00f3n de la perspectiva de g\u00e9nero<\/p>\n\n\n\n<p><br>\u2022 La primera generaci\u00f3n en Oaxaca se conformar\u00e1 por 49 mujeres y 9 hombres del funcionariado, organizaciones civiles y autoridades municipales<\/p>\n\n\n\n<p><br>Oaxaca de Ju\u00e1rez, Oax. 14 de mayo de 2023.- A fin de contribuir a la especializaci\u00f3n del funcionariado en materia de prevenci\u00f3n de violencia de g\u00e9nero contra las mujeres ind\u00edgenas y afromexicanas se inaugur\u00f3 el diplomado G\u00e9nero, violencia, interculturalidad y pol\u00edticas p\u00fablicas.<\/p>\n\n\n\n<p><br>Este ejercicio acad\u00e9mico es organizado por el Instituto Nacional de Antropolog\u00eda e Historia (INAH) a trav\u00e9s de la Coordinaci\u00f3n Nacional de Antropolog\u00eda (CNAN) en colaboraci\u00f3n con la Secretar\u00eda de las Mujeres de Oaxaca (SM) y el Centro de Investigaciones Interdisciplinarias en Ciencias y Humanidades (CEIICH) de la Universidad Nacional Aut\u00f3noma de M\u00e9xico (UNAM), la unidad Golfo del Centro de Investigaciones y Estudios Superiores en Antropolog\u00eda Social (CIESAS), y est\u00e1 dirigido al funcionariado, organizaciones civiles y autoridades municipales.<\/p>\n\n\n\n<p><br>Durante su intervenci\u00f3n, la subsecretaria de Promoci\u00f3n, Participaci\u00f3n y Equidad de G\u00e9nero de la SM, Gabriela Salom\u00e9 Santos, mencion\u00f3 que este diplomado tiene como objetivo generar un espacio de reflexi\u00f3n y aprendizaje colectivos que permita a quienes participan aproximarse desde sus funciones, responsabilidades e intereses a la problem\u00e1tica de la violencia de g\u00e9nero en contextos multiculturales.<\/p>\n\n\n\n<p><br>Este proceso formativo est\u00e1 dise\u00f1ado desde un enfoque que analiza la problem\u00e1tica de la violencia de g\u00e9nero hacia mujeres ind\u00edgenas y afromexicanas a partir de la interculturalidad, la interseccionalidad y la transversalizaci\u00f3n de la perspectiva de g\u00e9nero, consideradas dentro de los \u00e1mbitos de la acci\u00f3n institucional para identificar, prevenir, atender y sancionar la violencia de g\u00e9nero, especialmente a nivel local.<\/p>\n\n\n\n<p><br>La primera generaci\u00f3n en Oaxaca se conformar\u00e1 por 49 mujeres y 9 hombres, quienes cursar\u00e1n este diplomado del 11 de mayo al 29 de noviembre de 2023, con una duraci\u00f3n de 120 horas y constar\u00e1 de 5 m\u00f3dulos.<\/p>\n\n\n\n<p><br>Durante la primera sesi\u00f3n se llev\u00f3 a cabo la conferencia magistral \u201cPol\u00edticas P\u00fablicas e interculturalidad en M\u00e9xico y Oaxaca\u201d a cargo de la investigadora Margarita Dalton Palomo.<br>En la inauguraci\u00f3n se cont\u00f3 con la presencia de Mauricio S\u00e1nchez Menchero, director del CEIICH-UNAM; Carlos Mac\u00edas Richard, director general del CIESAS; Jos\u00e9 Luis Perea, secretario t\u00e9cnico del INAH; Vania Melo Rubio, directora del Centro Estatal de Prevenci\u00f3n Social de la Violencia y Delincuencia con Participaci\u00f3n Ciudadana del SESESP, as\u00ed como de las y los diplomantes.<\/p>\n\n\n\n<figure class=\"wp-block-image size-large\"><img fetchpriority=\"high\" decoding=\"async\" width=\"1024\" height=\"683\" src=\"https:\/\/contextoanalisisperiodistico.com\/wp-content\/uploads\/2023\/05\/img-20230514-wa00301548509452593271097-1024x683.jpg\" alt=\"\" class=\"wp-image-13313\" srcset=\"https:\/\/contextoanalisisperiodistico.com\/wp-content\/uploads\/2023\/05\/img-20230514-wa00301548509452593271097-1024x683.jpg 1024w, https:\/\/contextoanalisisperiodistico.com\/wp-content\/uploads\/2023\/05\/img-20230514-wa00301548509452593271097-300x200.jpg 300w, https:\/\/contextoanalisisperiodistico.com\/wp-content\/uploads\/2023\/05\/img-20230514-wa00301548509452593271097-768x512.jpg 768w, https:\/\/contextoanalisisperiodistico.com\/wp-content\/uploads\/2023\/05\/img-20230514-wa00301548509452593271097-1536x1024.jpg 1536w, https:\/\/contextoanalisisperiodistico.com\/wp-content\/uploads\/2023\/05\/img-20230514-wa00301548509452593271097.jpg 1599w\" sizes=\"(max-width: 1024px) 100vw, 1024px\" \/><\/figure>\n\n\n\n<figure class=\"wp-block-image\"><img decoding=\"async\" width=\"1024\" height=\"682\" src=\"https:\/\/contextoanalisisperiodistico.com\/wp-content\/uploads\/2023\/05\/img-20230514-wa00293778576022773690790-1024x682.jpg\" alt=\"\" class=\"wp-image-13314\" srcset=\"https:\/\/contextoanalisisperiodistico.com\/wp-content\/uploads\/2023\/05\/img-20230514-wa00293778576022773690790-1024x682.jpg 1024w, https:\/\/contextoanalisisperiodistico.com\/wp-content\/uploads\/2023\/05\/img-20230514-wa00293778576022773690790-300x200.jpg 300w, https:\/\/contextoanalisisperiodistico.com\/wp-content\/uploads\/2023\/05\/img-20230514-wa00293778576022773690790-768x512.jpg 768w, https:\/\/contextoanalisisperiodistico.com\/wp-content\/uploads\/2023\/05\/img-20230514-wa00293778576022773690790.jpg 1280w\" sizes=\"(max-width: 1024px) 100vw, 1024px\" \/><\/figure>\n","protected":false},"excerpt":{"rendered":"<p>\u2022 La Secretar\u00eda de las Mujeres en coordinaci\u00f3n con el CIESAS Golfo, el INAH y&#8230;<\/p>\n","protected":false},"author":4,"featured_media":13312,"comment_status":"closed","ping_status":"open","sticky":false,"template":"","format":"standard","meta":{"footnotes":""},"categories":[9],"tags":[],"jetpack_sharing_enabled":true,"featured_image_urls":{"full":["https:\/\/contextoanalisisperiodistico.com\/wp-content\/uploads\/2023\/05\/IMG-20230514-WA0031.jpg",1599,1066,false],"thumbnail":["https:\/\/contextoanalisisperiodistico.com\/wp-content\/uploads\/2023\/05\/IMG-20230514-WA0031-150x150.jpg",150,150,true],"medium":["https:\/\/contextoanalisisperiodistico.com\/wp-content\/uploads\/2023\/05\/IMG-20230514-WA0031-300x200.jpg",300,200,true],"medium_large":["https:\/\/contextoanalisisperiodistico.com\/wp-content\/uploads\/2023\/05\/IMG-20230514-WA0031-768x512.jpg",640,427,true],"large":["https:\/\/contextoanalisisperiodistico.com\/wp-content\/uploads\/2023\/05\/IMG-20230514-WA0031-1024x683.jpg",640,427,true],"1536x1536":["https:\/\/contextoanalisisperiodistico.com\/wp-content\/uploads\/2023\/05\/IMG-20230514-WA0031-1536x1024.jpg",1536,1024,true],"2048x2048":["https:\/\/contextoanalisisperiodistico.com\/wp-content\/uploads\/2023\/05\/IMG-20230514-WA0031.jpg",1599,1066,false],"covernews-slider-full":["https:\/\/contextoanalisisperiodistico.com\/wp-content\/uploads\/2023\/05\/IMG-20230514-WA0031-1115x715.jpg",1115,715,true],"covernews-slider-center":["https:\/\/contextoanalisisperiodistico.com\/wp-content\/uploads\/2023\/05\/IMG-20230514-WA0031-800x500.jpg",800,500,true],"covernews-featured":["https:\/\/contextoanalisisperiodistico.com\/wp-content\/uploads\/2023\/05\/IMG-20230514-WA0031-1024x683.jpg",1024,683,true],"covernews-medium":["https:\/\/contextoanalisisperiodistico.com\/wp-content\/uploads\/2023\/05\/IMG-20230514-WA0031-540x340.jpg",540,340,true],"covernews-medium-square":["https:\/\/contextoanalisisperiodistico.com\/wp-content\/uploads\/2023\/05\/IMG-20230514-WA0031-400x250.jpg",400,250,true]},"author_info":{"display_name":"Mario Gir\u00f3n","author_link":"https:\/\/contextoanalisisperiodistico.com\/index.php\/author\/director\/"},"category_info":"<a href=\"https:\/\/contextoanalisisperiodistico.com\/index.php\/category\/politica\/\" rel=\"category tag\">Pol\u00edtica<\/a>","tag_info":"Pol\u00edtica","comment_count":"0","jetpack_featured_media_url":"https:\/\/contextoanalisisperiodistico.com\/wp-content\/uploads\/2023\/05\/IMG-20230514-WA0031.jpg","_links":{"self":[{"href":"https:\/\/contextoanalisisperiodistico.com\/index.php\/wp-json\/wp\/v2\/posts\/13311"}],"collection":[{"href":"https:\/\/contextoanalisisperiodistico.com\/index.php\/wp-json\/wp\/v2\/posts"}],"about":[{"href":"https:\/\/contextoanalisisperiodistico.com\/index.php\/wp-json\/wp\/v2\/types\/post"}],"author":[{"embeddable":true,"href":"https:\/\/contextoanalisisperiodistico.com\/index.php\/wp-json\/wp\/v2\/users\/4"}],"replies":[{"embeddable":true,"href":"https:\/\/contextoanalisisperiodistico.com\/index.php\/wp-json\/wp\/v2\/comments?post=13311"}],"version-history":[{"count":1,"href":"https:\/\/contextoanalisisperiodistico.com\/index.php\/wp-json\/wp\/v2\/posts\/13311\/revisions"}],"predecessor-version":[{"id":13315,"href":"https:\/\/contextoanalisisperiodistico.com\/index.php\/wp-json\/wp\/v2\/posts\/13311\/revisions\/13315"}],"wp:featuredmedia":[{"embeddable":true,"href":"https:\/\/contextoanalisisperiodistico.com\/index.php\/wp-json\/wp\/v2\/media\/13312"}],"wp:attachment":[{"href":"https:\/\/contextoanalisisperiodistico.com\/index.php\/wp-json\/wp\/v2\/media?parent=13311"}],"wp:term":[{"taxonomy":"category","embeddable":true,"href":"https:\/\/contextoanalisisperiodistico.com\/index.php\/wp-json\/wp\/v2\/categories?post=13311"},{"taxonomy":"post_tag","embeddable":true,"href":"https:\/\/contextoanalisisperiodistico.com\/index.php\/wp-json\/wp\/v2\/tags?post=13311"}],"curies":[{"name":"wp","href":"https:\/\/api.w.org\/{rel}","templated":true}]}}