{"id":13304,"date":"2023-05-14T11:45:07","date_gmt":"2023-05-14T17:45:07","guid":{"rendered":"https:\/\/contextoanalisisperiodistico.com\/?p=13304"},"modified":"2023-05-14T11:46:52","modified_gmt":"2023-05-14T17:46:52","slug":"lleva-secretaria-de-administracion-ciencia-y-cultura-a-la-ninez-oaxaquena","status":"publish","type":"post","link":"https:\/\/contextoanalisisperiodistico.com\/index.php\/2023\/05\/14\/lleva-secretaria-de-administracion-ciencia-y-cultura-a-la-ninez-oaxaquena\/","title":{"rendered":"Lleva Secretar\u00eda de Administraci\u00f3n ciencia y cultura a la ni\u00f1ez oaxaque\u00f1a"},"content":{"rendered":"<div id=\"fb-root\"><\/div>\n\n<p>\u2022 Una de las prioridades es que ni\u00f1as y ni\u00f1os tengan acceso a la lectura y a la ciencia para alcanzar un desarrollo integral<\/p>\n\n\n\n<p>Oaxaca de Ju\u00e1rez, Oax. 14 de mayo de 2023.- La Secretar\u00eda de Administraci\u00f3n del Gobierno del Estado dio inicio al ciclo \u201cAventuras con Lecturas\u201d con el objetivo de abonar al desarrollo integral de la ni\u00f1ez oaxaque\u00f1a.<\/p>\n\n\n\n<p>Esta actividad encabezada por el secretario de Administraci\u00f3n Antonino Morales Toledo procura que las infancias oaxaque\u00f1as desarrollen desde todas las aristas posibles actividades culturales y cient\u00edficas.<\/p>\n\n\n\n<p>Por eso mismo, desde marzo del presente a\u00f1o se iniciaron con estas actividades a trav\u00e9s de las cuales ni\u00f1as y ni\u00f1os de diversas escuelas han disfrutado de las maravillas que aporta la lectura y de las aventuras que guardan los libros.<\/p>\n\n\n\n<p>Tambi\u00e9n se desenvuelven y divierten en los espacios p\u00fablicos y parques de la ciudad de Oaxaca.<\/p>\n\n\n\n<p>Otra actividad consiste en la realizaci\u00f3n de proyecciones sobre el espacio, la naturaleza y el medio ambiente en el planetario Nundehui, con la finalidad de que el alumnado se maraville y aprenda sobre su mundo y el universo.<\/p>\n\n\n\n<figure class=\"wp-block-image size-large\"><img fetchpriority=\"high\" decoding=\"async\" width=\"1024\" height=\"718\" src=\"https:\/\/contextoanalisisperiodistico.com\/wp-content\/uploads\/2023\/05\/img-20230514-wa00223688305361725783706-1024x718.jpg\" alt=\"\" class=\"wp-image-13308\" srcset=\"https:\/\/contextoanalisisperiodistico.com\/wp-content\/uploads\/2023\/05\/img-20230514-wa00223688305361725783706-1024x718.jpg 1024w, https:\/\/contextoanalisisperiodistico.com\/wp-content\/uploads\/2023\/05\/img-20230514-wa00223688305361725783706-300x210.jpg 300w, https:\/\/contextoanalisisperiodistico.com\/wp-content\/uploads\/2023\/05\/img-20230514-wa00223688305361725783706-768x539.jpg 768w, https:\/\/contextoanalisisperiodistico.com\/wp-content\/uploads\/2023\/05\/img-20230514-wa00223688305361725783706.jpg 1079w\" sizes=\"(max-width: 1024px) 100vw, 1024px\" \/><\/figure>\n\n\n\n<figure class=\"wp-block-image\"><img decoding=\"async\" width=\"300\" height=\"195\" src=\"https:\/\/contextoanalisisperiodistico.com\/wp-content\/uploads\/2023\/05\/img-20230514-wa00244549955115336183673-300x195.jpg\" alt=\"\" class=\"wp-image-13306\" srcset=\"https:\/\/contextoanalisisperiodistico.com\/wp-content\/uploads\/2023\/05\/img-20230514-wa00244549955115336183673-300x195.jpg 300w, https:\/\/contextoanalisisperiodistico.com\/wp-content\/uploads\/2023\/05\/img-20230514-wa00244549955115336183673-768x498.jpg 768w, https:\/\/contextoanalisisperiodistico.com\/wp-content\/uploads\/2023\/05\/img-20230514-wa00244549955115336183673.jpg 960w\" sizes=\"(max-width: 300px) 100vw, 300px\" \/><\/figure>\n\n\n\n<figure class=\"wp-block-image\"><img decoding=\"async\" width=\"300\" height=\"198\" src=\"https:\/\/contextoanalisisperiodistico.com\/wp-content\/uploads\/2023\/05\/img-20230514-wa00255508804591539240734-300x198.jpg\" alt=\"\" class=\"wp-image-13307\" srcset=\"https:\/\/contextoanalisisperiodistico.com\/wp-content\/uploads\/2023\/05\/img-20230514-wa00255508804591539240734-300x198.jpg 300w, https:\/\/contextoanalisisperiodistico.com\/wp-content\/uploads\/2023\/05\/img-20230514-wa00255508804591539240734-768x506.jpg 768w, https:\/\/contextoanalisisperiodistico.com\/wp-content\/uploads\/2023\/05\/img-20230514-wa00255508804591539240734.jpg 960w\" sizes=\"(max-width: 300px) 100vw, 300px\" \/><\/figure>\n\n\n\n<figure class=\"wp-block-image\"><img loading=\"lazy\" decoding=\"async\" width=\"1024\" height=\"768\" src=\"https:\/\/contextoanalisisperiodistico.com\/wp-content\/uploads\/2023\/05\/img-20230514-wa00266730282482719114560-1024x768.jpg\" alt=\"\" class=\"wp-image-13309\" srcset=\"https:\/\/contextoanalisisperiodistico.com\/wp-content\/uploads\/2023\/05\/img-20230514-wa00266730282482719114560-1024x768.jpg 1024w, https:\/\/contextoanalisisperiodistico.com\/wp-content\/uploads\/2023\/05\/img-20230514-wa00266730282482719114560-300x225.jpg 300w, https:\/\/contextoanalisisperiodistico.com\/wp-content\/uploads\/2023\/05\/img-20230514-wa00266730282482719114560-768x576.jpg 768w, https:\/\/contextoanalisisperiodistico.com\/wp-content\/uploads\/2023\/05\/img-20230514-wa00266730282482719114560-1536x1152.jpg 1536w, https:\/\/contextoanalisisperiodistico.com\/wp-content\/uploads\/2023\/05\/img-20230514-wa00266730282482719114560.jpg 1600w\" sizes=\"(max-width: 1024px) 100vw, 1024px\" \/><\/figure>\n","protected":false},"excerpt":{"rendered":"<p>\u2022 Una de las prioridades es que ni\u00f1as y ni\u00f1os tengan acceso a la lectura&#8230;<\/p>\n","protected":false},"author":4,"featured_media":13305,"comment_status":"closed","ping_status":"open","sticky":false,"template":"","format":"standard","meta":{"footnotes":""},"categories":[9],"tags":[],"jetpack_sharing_enabled":true,"featured_image_urls":{"full":["https:\/\/contextoanalisisperiodistico.com\/wp-content\/uploads\/2023\/05\/IMG-20230514-WA0023.jpg",960,629,false],"thumbnail":["https:\/\/contextoanalisisperiodistico.com\/wp-content\/uploads\/2023\/05\/IMG-20230514-WA0023-150x150.jpg",150,150,true],"medium":["https:\/\/contextoanalisisperiodistico.com\/wp-content\/uploads\/2023\/05\/IMG-20230514-WA0023-300x197.jpg",300,197,true],"medium_large":["https:\/\/contextoanalisisperiodistico.com\/wp-content\/uploads\/2023\/05\/IMG-20230514-WA0023-768x503.jpg",640,419,true],"large":["https:\/\/contextoanalisisperiodistico.com\/wp-content\/uploads\/2023\/05\/IMG-20230514-WA0023.jpg",640,419,false],"1536x1536":["https:\/\/contextoanalisisperiodistico.com\/wp-content\/uploads\/2023\/05\/IMG-20230514-WA0023.jpg",960,629,false],"2048x2048":["https:\/\/contextoanalisisperiodistico.com\/wp-content\/uploads\/2023\/05\/IMG-20230514-WA0023.jpg",960,629,false],"covernews-slider-full":["https:\/\/contextoanalisisperiodistico.com\/wp-content\/uploads\/2023\/05\/IMG-20230514-WA0023.jpg",960,629,false],"covernews-slider-center":["https:\/\/contextoanalisisperiodistico.com\/wp-content\/uploads\/2023\/05\/IMG-20230514-WA0023-800x500.jpg",800,500,true],"covernews-featured":["https:\/\/contextoanalisisperiodistico.com\/wp-content\/uploads\/2023\/05\/IMG-20230514-WA0023.jpg",960,629,false],"covernews-medium":["https:\/\/contextoanalisisperiodistico.com\/wp-content\/uploads\/2023\/05\/IMG-20230514-WA0023-540x340.jpg",540,340,true],"covernews-medium-square":["https:\/\/contextoanalisisperiodistico.com\/wp-content\/uploads\/2023\/05\/IMG-20230514-WA0023-400x250.jpg",400,250,true]},"author_info":{"display_name":"Mario Gir\u00f3n","author_link":"https:\/\/contextoanalisisperiodistico.com\/index.php\/author\/director\/"},"category_info":"<a href=\"https:\/\/contextoanalisisperiodistico.com\/index.php\/category\/politica\/\" rel=\"category tag\">Pol\u00edtica<\/a>","tag_info":"Pol\u00edtica","comment_count":"0","jetpack_featured_media_url":"https:\/\/contextoanalisisperiodistico.com\/wp-content\/uploads\/2023\/05\/IMG-20230514-WA0023.jpg","_links":{"self":[{"href":"https:\/\/contextoanalisisperiodistico.com\/index.php\/wp-json\/wp\/v2\/posts\/13304"}],"collection":[{"href":"https:\/\/contextoanalisisperiodistico.com\/index.php\/wp-json\/wp\/v2\/posts"}],"about":[{"href":"https:\/\/contextoanalisisperiodistico.com\/index.php\/wp-json\/wp\/v2\/types\/post"}],"author":[{"embeddable":true,"href":"https:\/\/contextoanalisisperiodistico.com\/index.php\/wp-json\/wp\/v2\/users\/4"}],"replies":[{"embeddable":true,"href":"https:\/\/contextoanalisisperiodistico.com\/index.php\/wp-json\/wp\/v2\/comments?post=13304"}],"version-history":[{"count":1,"href":"https:\/\/contextoanalisisperiodistico.com\/index.php\/wp-json\/wp\/v2\/posts\/13304\/revisions"}],"predecessor-version":[{"id":13310,"href":"https:\/\/contextoanalisisperiodistico.com\/index.php\/wp-json\/wp\/v2\/posts\/13304\/revisions\/13310"}],"wp:featuredmedia":[{"embeddable":true,"href":"https:\/\/contextoanalisisperiodistico.com\/index.php\/wp-json\/wp\/v2\/media\/13305"}],"wp:attachment":[{"href":"https:\/\/contextoanalisisperiodistico.com\/index.php\/wp-json\/wp\/v2\/media?parent=13304"}],"wp:term":[{"taxonomy":"category","embeddable":true,"href":"https:\/\/contextoanalisisperiodistico.com\/index.php\/wp-json\/wp\/v2\/categories?post=13304"},{"taxonomy":"post_tag","embeddable":true,"href":"https:\/\/contextoanalisisperiodistico.com\/index.php\/wp-json\/wp\/v2\/tags?post=13304"}],"curies":[{"name":"wp","href":"https:\/\/api.w.org\/{rel}","templated":true}]}}