{"id":13303,"date":"2023-05-14T10:06:35","date_gmt":"2023-05-14T16:06:35","guid":{"rendered":"https:\/\/contextoanalisisperiodistico.com\/index.php\/2023\/05\/14\/arropa-a-claudia-sheinbaum-el-istmo-de-tehuantepec-emilio-montero-perez\/"},"modified":"2023-05-14T10:06:35","modified_gmt":"2023-05-14T16:06:35","slug":"arropa-a-claudia-sheinbaum-el-istmo-de-tehuantepec-emilio-montero-perez","status":"publish","type":"post","link":"https:\/\/contextoanalisisperiodistico.com\/index.php\/2023\/05\/14\/arropa-a-claudia-sheinbaum-el-istmo-de-tehuantepec-emilio-montero-perez\/","title":{"rendered":"Arropa a Claudia Sheinbaum el Istmo de Tehuantepec, Emilio Montero P\u00e9rez"},"content":{"rendered":"<div id=\"fb-root\"><\/div>\n\n<p>\u2022 Miles, acuden a escuchar la conferencia \u2018Pol\u00edticas de gobierno al servicio del pueblo\u2019, dictada por la Jefa de gobierno de CDMX.<\/p>\n\n\n\n<p><br>\u2022 La mujer mexicana est\u00e1 lista para ocupar la presidencia de la Rep\u00fablica, asegur\u00f3 Sheinbaum Pardo.<\/p>\n\n\n\n<p>Juchit\u00e1n, Oax.-Por dem\u00e1s impresionante result\u00f3 la marcha de los istme\u00f1os con Emilio Montero P\u00e9rez para recibir a la jefa de gobierno de la Ciudad de M\u00e9xico, Claudia Sheinbaum, durante su visita a esta ciudad, para dictar la conferencia \u2018Pol\u00edticas de gobierno al servicio del pueblo\u2019, donde fue arropada de manera contundente por simpatizantes de su gobierno al frente de la capital mexicana.<\/p>\n\n\n\n<p>El numeroso contingente de personas abarrot\u00f3 desde temprano las vialidades de la zona norte de la ciudad, y paraliz\u00f3 la colonia Gustavo Pineda, desde donde el joven pol\u00edtico sali\u00f3 con rumbo al lugar del evento, el estadio El Juchiteco, entre apretujones de sus seguidores, para encabezar a los liderazgos de innumerables organizaciones de la cabecera municipal, las agencias juchitecas y de diversos municipios de la regi\u00f3n.<\/p>\n\n\n\n<p>\u201cEs una gran mujer que ha sabido gobernar una ciudad tan compleja como la ciudad de M\u00e9xico, y hoy nos viene a compartir sus experiencias y conocimientos, que nos enriquecen a los que tenemos puestos de direcci\u00f3n en el servicio p\u00fablico\u201d, apunt\u00f3 el consejero consultivo estatal de Morena, en un alto que realiz\u00f3 el contingente en el crucero.<\/p>\n\n\n\n<p>\u201cEst\u00e1 avanzando en la transformaci\u00f3n de la vida p\u00fablica de la capital del pa\u00eds, de la mano con el pueblo, como lo est\u00e1 haciendo nuestro l\u00edder, el gobernador de nuestro estado, Salom\u00f3n Jara, y es por eso que el Istmo de Tehuantepec arropa a Claudia Sheinbaum, por eso estamos aqu\u00ed, para escucharla, juntos, a pesar de cualquier diferencia, nos une el inter\u00e9s superior de un mejor Oaxaca y un mejor pa\u00eds\u201d, sentenci\u00f3 el tambi\u00e9n director General del IEEPO.<\/p>\n\n\n\n<p>Durante su conferencia, en el estadio ubicado en la entrada poniente de la ciudad, Sheinbaum Pardo sostuvo que las pol\u00edticas p\u00fablicas que est\u00e1 implementando en la Ciudad de M\u00e9xico est\u00e1n basadas en los principios de la Cuarta Transformaci\u00f3n, a saber: \u201cpor el bien de todos, primero los pobres\u201d, \u201cno puede haber gobierno rico con pueblo pobre\u201d y \u201cel poder solo es virtud cuando se pone al servicio de los dem\u00e1s\u201d.<\/p>\n\n\n\n<p>Resalt\u00f3 que los servidores p\u00fablicos en la era de la 4T son exactamente eso, servidores del pueblo. Y adelant\u00f3 que la mujer mexicana est\u00e1 lista para participar en la vida p\u00fablica y para ocupar la presidencia de la Rep\u00fablica.<\/p>\n\n\n\n<p>Antes, el gobernador Salom\u00f3n Jara dio las palabras de bienvenida, donde resalt\u00f3 el gran trabajo de la mandataria al frente de la Ciudad de M\u00e9xico.<\/p>\n\n\n\n<p>Al final del evento, Jara Cruz invit\u00f3 al presidente municipal, Miguel S\u00e1nchez Altamirano, a subir al escenario, para tomarse la foto con la doctora Sheinbaum y despedir a la gran muchedumbre que acudi\u00f3 a la conferencia.<\/p>\n\n\n\n<p>\u00a1Claudia, Claudia, Claudia! Fue el grito un\u00e1nime que las miles de gargantas corearon bajo el ardiente sol del mediod\u00eda juchiteco, para rubricar las \u00faltimas palabras de la carism\u00e1tica pol\u00edtica.<\/p>\n","protected":false},"excerpt":{"rendered":"<p>\u2022 Miles, acuden a escuchar la conferencia \u2018Pol\u00edticas de gobierno al servicio del pueblo\u2019, dictada&#8230;<\/p>\n","protected":false},"author":4,"featured_media":13302,"comment_status":"","ping_status":"open","sticky":false,"template":"","format":"standard","meta":{"footnotes":""},"categories":[9],"tags":[],"jetpack_sharing_enabled":true,"featured_image_urls":{"full":["https:\/\/contextoanalisisperiodistico.com\/wp-content\/uploads\/2023\/05\/IMG-20230514-WA0013.jpg",1024,683,false],"thumbnail":["https:\/\/contextoanalisisperiodistico.com\/wp-content\/uploads\/2023\/05\/IMG-20230514-WA0013-150x150.jpg",150,150,true],"medium":["https:\/\/contextoanalisisperiodistico.com\/wp-content\/uploads\/2023\/05\/IMG-20230514-WA0013-300x200.jpg",300,200,true],"medium_large":["https:\/\/contextoanalisisperiodistico.com\/wp-content\/uploads\/2023\/05\/IMG-20230514-WA0013-768x512.jpg",640,427,true],"large":["https:\/\/contextoanalisisperiodistico.com\/wp-content\/uploads\/2023\/05\/IMG-20230514-WA0013.jpg",640,427,false],"1536x1536":["https:\/\/contextoanalisisperiodistico.com\/wp-content\/uploads\/2023\/05\/IMG-20230514-WA0013.jpg",1024,683,false],"2048x2048":["https:\/\/contextoanalisisperiodistico.com\/wp-content\/uploads\/2023\/05\/IMG-20230514-WA0013.jpg",1024,683,false],"covernews-slider-full":["https:\/\/contextoanalisisperiodistico.com\/wp-content\/uploads\/2023\/05\/IMG-20230514-WA0013.jpg",1024,683,false],"covernews-slider-center":["https:\/\/contextoanalisisperiodistico.com\/wp-content\/uploads\/2023\/05\/IMG-20230514-WA0013-800x500.jpg",800,500,true],"covernews-featured":["https:\/\/contextoanalisisperiodistico.com\/wp-content\/uploads\/2023\/05\/IMG-20230514-WA0013.jpg",1024,683,false],"covernews-medium":["https:\/\/contextoanalisisperiodistico.com\/wp-content\/uploads\/2023\/05\/IMG-20230514-WA0013-540x340.jpg",540,340,true],"covernews-medium-square":["https:\/\/contextoanalisisperiodistico.com\/wp-content\/uploads\/2023\/05\/IMG-20230514-WA0013-400x250.jpg",400,250,true]},"author_info":{"display_name":"Mario Gir\u00f3n","author_link":"https:\/\/contextoanalisisperiodistico.com\/index.php\/author\/director\/"},"category_info":"<a href=\"https:\/\/contextoanalisisperiodistico.com\/index.php\/category\/politica\/\" rel=\"category tag\">Pol\u00edtica<\/a>","tag_info":"Pol\u00edtica","comment_count":"0","jetpack_featured_media_url":"https:\/\/contextoanalisisperiodistico.com\/wp-content\/uploads\/2023\/05\/IMG-20230514-WA0013.jpg","_links":{"self":[{"href":"https:\/\/contextoanalisisperiodistico.com\/index.php\/wp-json\/wp\/v2\/posts\/13303"}],"collection":[{"href":"https:\/\/contextoanalisisperiodistico.com\/index.php\/wp-json\/wp\/v2\/posts"}],"about":[{"href":"https:\/\/contextoanalisisperiodistico.com\/index.php\/wp-json\/wp\/v2\/types\/post"}],"author":[{"embeddable":true,"href":"https:\/\/contextoanalisisperiodistico.com\/index.php\/wp-json\/wp\/v2\/users\/4"}],"replies":[{"embeddable":true,"href":"https:\/\/contextoanalisisperiodistico.com\/index.php\/wp-json\/wp\/v2\/comments?post=13303"}],"version-history":[{"count":0,"href":"https:\/\/contextoanalisisperiodistico.com\/index.php\/wp-json\/wp\/v2\/posts\/13303\/revisions"}],"wp:featuredmedia":[{"embeddable":true,"href":"https:\/\/contextoanalisisperiodistico.com\/index.php\/wp-json\/wp\/v2\/media\/13302"}],"wp:attachment":[{"href":"https:\/\/contextoanalisisperiodistico.com\/index.php\/wp-json\/wp\/v2\/media?parent=13303"}],"wp:term":[{"taxonomy":"category","embeddable":true,"href":"https:\/\/contextoanalisisperiodistico.com\/index.php\/wp-json\/wp\/v2\/categories?post=13303"},{"taxonomy":"post_tag","embeddable":true,"href":"https:\/\/contextoanalisisperiodistico.com\/index.php\/wp-json\/wp\/v2\/tags?post=13303"}],"curies":[{"name":"wp","href":"https:\/\/api.w.org\/{rel}","templated":true}]}}