{"id":1328,"date":"2022-03-11T18:01:08","date_gmt":"2022-03-12T00:01:08","guid":{"rendered":"http:\/\/contextoanalisisperiodistico.com.mx\/2022\/03\/11\/en-unidad-solos-y-candidata-propianaty-diaz-el-pan-estara-en-la-contiendapor-la-gubernatura-de-oaxaca-juan-mendoza\/"},"modified":"2022-03-11T18:01:08","modified_gmt":"2022-03-12T00:01:08","slug":"en-unidad-solos-y-candidata-propianaty-diaz-el-pan-estara-en-la-contiendapor-la-gubernatura-de-oaxaca-juan-mendoza","status":"publish","type":"post","link":"https:\/\/contextoanalisisperiodistico.com\/index.php\/2022\/03\/11\/en-unidad-solos-y-candidata-propianaty-diaz-el-pan-estara-en-la-contiendapor-la-gubernatura-de-oaxaca-juan-mendoza\/","title":{"rendered":"En unidad, solos y candidata propia,Naty D\u00edaz, el PAN estar\u00e1 en la contiendapor la gubernatura de Oaxaca\u201d: Juan Mendoza"},"content":{"rendered":"<div id=\"fb-root\"><\/div>\n\n<p>Mario GIR\u00d3N<\/p>\n\n\n\n<p>\u201cEs momento de nosotras; si somos capaces de poner presidentes, diputados, senadores, funcionarios y todo lo dem\u00e1s, ser\u00e1n las mujeres quienes ahora tendr\u00e1n la responsabilidad de poner tambi\u00e9n una gobernadora\u201d, resumi\u00f3 en su presentaci\u00f3n oficial como candidata del PAN al gobierno de Oaxaca, Natividad Antonia D\u00edaz Jim\u00e9nez.<\/p>\n\n\n\n<p>En la casa capitalina de partido que la vio nacer en pol\u00edtica, la tambi\u00e9n hoy Legisladora local, advirti\u00f3: \u201ccomo pol\u00edtica y madre que soy, defender\u00e9 con u\u00f1as y dientes a Oaxaca y la familia\u201d.<\/p>\n\n\n\n<p>De su parte, el representante del partido blanquiazul ante los \u00f3rganos electorales, Juan Mendoza Reyes, reconoci\u00f3 que el PAN sali\u00f3 fortalecido del proceso interno que experimentaron, en donde la m\u00e1s importante asegur\u00f3, es que \u201cen unidad, solos y candidata propia, en este caso Naty D\u00edaz, iremos a la contienda electoral por el gobierno del estado de Oaxaca\u201d.<br \/>Las expresiones de unidad y fuerza partidista en la presentaci\u00f3n de Naty D\u00edaz como abanderada del Acci\u00f3n Nacional en la cita electoral que se avecina, fueron ofrecidas en conferencia de prensa este medio d\u00eda, en el marco de la sesi\u00f3n de trabajo entre integrantes de la Comisi\u00f3n Permanente del Consejo Directivo Estatal, en donde los asistentes celebraron el hecho de por primera vez respaldar\u00e1n a una mujer que contendr\u00e1 por el gobierno de la entidad.<br \/>Al encuentro con medios de comunicaci\u00f3n asistieron los dos precandidatos: Carlos Moreno Alc\u00e1ntara y Gerardo Garc\u00eda Henestroza, adem\u00e1s del delegado del CEN, Oswaldo Contreras y el presidente del partido, Marco Antonio Candelaria Castillo.<br \/>En su oportunidad, el precandidato Carlos Moreno Alc\u00e1ntara, al patentizar respaldo a la candidata Naty D\u00edaz, reconoci\u00f3: \u201cnadie puede sentirse enga\u00f1ado o sorprendido; es decir: el partido cumpli\u00f3 lo que ofreci\u00f3 en el sentido de generar un proceso abierto, en donde los que quisimos apuntarnos lo hicimos; las reglas fueron claras y en ese sentido no hay nada, absolutamente nada que reprochar\u201d.<br \/>Luego, Gerardo Garc\u00eda Henestroza subrayar\u00eda: \u201choy el PAN es m\u00e1s fuerte que nunca; somos opci\u00f3n de gobierno. Demostraremos el poder de seguir trabajando conjuntamente con la sociedad y ciudadan\u00eda en general ante un panorama desolador, un Oaxaca en el abandono, secuestrado; nada bien en la entidad a pesar de las m\u00faltiples visitas presidenciales\u201d.<br \/>Naty D\u00edaz se llev\u00f3 la tarde y como en la fiesta brava, cort\u00f3 rabo y orejas y se dio tiempo para con el coraz\u00f3n y sencillez que la caracteriza, dar gracias a sus compa\u00f1eros de las Comisiones Permanentes, tanto nacional como estatal, por la confianza otorgada al proyecto de una mujer que con dignidad representar\u00e1 al PAN en la jornada electoral que se avecina, destac\u00f3.<br \/>\u201cMe siento contenta de representar a todas las mujeres en este momento que creemos en las futuras generaciones; siempre he dicho somos las mujeres las que ponemos presidentes, diputados federales, locales y senadores; somos las mujeres las que pondremos a una gobernadora en Oaxaca\u201d.<br \/>Es el momento y tiempo de una mujer; somos las que estamos hoy d\u00eda preocupadas, pero tambi\u00e9n con la capacidad y preparaci\u00f3n para defender a la familia, a nuestras futuras generaciones; porque somos las mujeres las que creemos. Hoy estamos sembrando la semilla de la fe y de la esperanza que todos los oaxaque\u00f1os necesitamos, destac\u00f3.&nbsp;<br \/>Narr\u00f3: \u201cDespu\u00e9s de 24 a\u00f1os de caminar en alianzas con los candidatos de las coaliciones que hemos acompa\u00f1ado, hoy vamos hacerlo de manera personal como PAN; sabemos que hay muchas manos, muchos brazos que est\u00e1n abrazando un proyecto y que creen en lo que hoy una mujer estar\u00e1 proponiendo en el momento que as\u00ed me permita la ley cuando iniciemos campa\u00f1a\u201d.&nbsp;<br \/>\u201cEstamos cansados de que Oaxaca solo sea el cajero autom\u00e1tico de aquellas personas que vienen de fuera y \u00fanicamente nos est\u00e1n utilizando en nuestro Estado. Reconozco que es un escenario dif\u00edcil el que estaremos viviendo en esta campa\u00f1a y en esta contienda electoral\u201d.&nbsp;<br \/>Asimismo, hizo un llamado al respeto a todas las instancias correspondientes; que caminemos y hagamos una campa\u00f1a de paz y congruencia, pero, sobre todo, una campa\u00f1a en donde los candidatos demos el ejemplo llevando la bandera de la paz y las propuestas. Ya no estamos en campa\u00f1as de amenazas o en momentos de estar humillando a ning\u00fan sector o familia\u201d.<br \/>\u201cRequerimos seguridad y transparencia, pero sobretodo necesitamos un gobernador que se preocupe por los oaxaque\u00f1os; y aqu\u00ed est\u00e1 su servidora con toda la alegr\u00eda, y tambi\u00e9n con todo el compromiso de hacer el mejor papel en esta contienda electoral\u201d.<br \/>Finalmente, el delegado estatal del CEN del PAN, Oswaldo Contreras, al reconocer el ambiente de unidad que prevalece tras el proceso interno, destac\u00f3 \u201cpor primera vez en la historia de la Comisi\u00f3n Permanente Nacional tomaron la decisi\u00f3n de m\u00e1s candidatas mujeres a los gobiernos de los estados; Son cuatro mujeres candidatas, entre ellas la oaxaque\u00f1a Naty D\u00edaz. Significa un hecho hist\u00f3rico para Oaxaca por ser la primera candidata del PAN en una contienda electoral por el gobierno de la entidad.<\/p>\n\n\n\n<figure class=\"wp-block-image size-large\"><img decoding=\"async\" src=\"https:\/\/contextoinformacionyanalisisperiodistico.files.wordpress.com\/2022\/03\/img-20220311-wa0043.jpg?w=1024\" alt=\"\" class=\"wp-image-1324\" \/><\/figure>\n\n\n\n<figure class=\"wp-block-image\"><img decoding=\"async\" src=\"https:\/\/contextoinformacionyanalisisperiodistico.files.wordpress.com\/2022\/03\/img-20220311-wa0048.jpg\" alt=\"\" class=\"wp-image-1323\" \/><\/figure>\n\n\n\n<figure class=\"wp-block-image\"><img decoding=\"async\" src=\"https:\/\/contextoinformacionyanalisisperiodistico.files.wordpress.com\/2022\/03\/img-20220311-wa0044.jpg\" alt=\"\" class=\"wp-image-1322\" \/><\/figure>\n\n\n\n<figure class=\"wp-block-image\"><img decoding=\"async\" src=\"https:\/\/contextoinformacionyanalisisperiodistico.files.wordpress.com\/2022\/03\/img-20220311-wa0047.jpg\" alt=\"\" class=\"wp-image-1326\" \/><\/figure>\n\n\n\n<figure class=\"wp-block-image\"><img decoding=\"async\" src=\"https:\/\/contextoinformacionyanalisisperiodistico.files.wordpress.com\/2022\/03\/img-20220311-wa0046.jpg\" alt=\"\" class=\"wp-image-1325\" \/><\/figure>\n\n\n\n<figure class=\"wp-block-image\"><img decoding=\"async\" src=\"https:\/\/contextoinformacionyanalisisperiodistico.files.wordpress.com\/2022\/03\/img-20220311-wa0045.jpg\" alt=\"\" class=\"wp-image-1327\" \/><\/figure>\n","protected":false},"excerpt":{"rendered":"<p>Mario GIR\u00d3N \u201cEs momento de nosotras; si somos capaces de poner presidentes, diputados, senadores, funcionarios&#8230;<\/p>\n","protected":false},"author":2,"featured_media":1321,"comment_status":"open","ping_status":"open","sticky":false,"template":"","format":"standard","meta":{"footnotes":""},"categories":[3,9],"tags":[],"jetpack_sharing_enabled":true,"featured_image_urls":{"full":"","thumbnail":"","medium":"","medium_large":"","large":"","1536x1536":"","2048x2048":"","covernews-slider-full":"","covernews-slider-center":"","covernews-featured":"","covernews-medium":"","covernews-medium-square":""},"author_info":{"display_name":"Miguel","author_link":"https:\/\/contextoanalisisperiodistico.com\/index.php\/author\/editor\/"},"category_info":"<a href=\"https:\/\/contextoanalisisperiodistico.com\/index.php\/category\/ciudad\/\" rel=\"category tag\">Ciudad<\/a> <a href=\"https:\/\/contextoanalisisperiodistico.com\/index.php\/category\/politica\/\" rel=\"category tag\">Pol\u00edtica<\/a>","tag_info":"Pol\u00edtica","comment_count":"0","jetpack_featured_media_url":"","_links":{"self":[{"href":"https:\/\/contextoanalisisperiodistico.com\/index.php\/wp-json\/wp\/v2\/posts\/1328"}],"collection":[{"href":"https:\/\/contextoanalisisperiodistico.com\/index.php\/wp-json\/wp\/v2\/posts"}],"about":[{"href":"https:\/\/contextoanalisisperiodistico.com\/index.php\/wp-json\/wp\/v2\/types\/post"}],"author":[{"embeddable":true,"href":"https:\/\/contextoanalisisperiodistico.com\/index.php\/wp-json\/wp\/v2\/users\/2"}],"replies":[{"embeddable":true,"href":"https:\/\/contextoanalisisperiodistico.com\/index.php\/wp-json\/wp\/v2\/comments?post=1328"}],"version-history":[{"count":0,"href":"https:\/\/contextoanalisisperiodistico.com\/index.php\/wp-json\/wp\/v2\/posts\/1328\/revisions"}],"wp:featuredmedia":[{"embeddable":true,"href":"https:\/\/contextoanalisisperiodistico.com\/index.php\/wp-json\/"}],"wp:attachment":[{"href":"https:\/\/contextoanalisisperiodistico.com\/index.php\/wp-json\/wp\/v2\/media?parent=1328"}],"wp:term":[{"taxonomy":"category","embeddable":true,"href":"https:\/\/contextoanalisisperiodistico.com\/index.php\/wp-json\/wp\/v2\/categories?post=1328"},{"taxonomy":"post_tag","embeddable":true,"href":"https:\/\/contextoanalisisperiodistico.com\/index.php\/wp-json\/wp\/v2\/tags?post=1328"}],"curies":[{"name":"wp","href":"https:\/\/api.w.org\/{rel}","templated":true}]}}