{"id":13229,"date":"2023-05-12T17:23:03","date_gmt":"2023-05-12T23:23:03","guid":{"rendered":"https:\/\/contextoanalisisperiodistico.com\/?p=13229"},"modified":"2023-05-12T17:27:33","modified_gmt":"2023-05-12T23:27:33","slug":"sheinbaum-lider-idonea-para-continuar-transformando-con-progreso-y-bienestar-el-istmo-y-el-pais-fuco","status":"publish","type":"post","link":"https:\/\/contextoanalisisperiodistico.com\/index.php\/2023\/05\/12\/sheinbaum-lider-idonea-para-continuar-transformando-con-progreso-y-bienestar-el-istmo-y-el-pais-fuco\/","title":{"rendered":"Sheinbaum, l\u00edder id\u00f3nea para continuar transformando con progreso y bienestar el Istmo y el pais: FUCO"},"content":{"rendered":"<div id=\"fb-root\"><\/div>\n\n<p>\u25cf Calculan que m\u00e1s de 70 mil militantes se reportan preparados para ofrecer una c\u00e1lida bienvenida a Claudia Sheinbaum en su visita al Istmo de Tehuantepec <\/p>\n\n\n\n<ul>\n<li>Claudia Sheinbaum, es la mujer l\u00edder y con capacidad para dar continuidad a los proyectos de transformaci\u00f3n del pa\u00eds, sostiene la organizaci\u00f3n<\/li>\n<\/ul>\n\n\n\n<p>El Frente Unido de Comunidades Oaxaque\u00f1as, (FUCO), externa p\u00fablicamente su respaldo y da la cordial bienvenida a la doctora Claudia Sheinbaum, jefa de gobierno de la ciudad de M\u00e9xico, quien visitar\u00e1 Oaxaca este fin de semana.<\/p>\n\n\n\n<p>FUCO, es una organizaci\u00f3n enfocada a las causas sociales con gran presencia en los pueblos del Istmo de Tehuantepec y tambi\u00e9n municipios del estado, todos, comprometidos con la transformaci\u00f3n de Oaxaca y del pa\u00eds.<\/p>\n\n\n\n<p>El dirigente estatal del FUCO, Gherardy Orozco Mart\u00ednez, se\u00f1al\u00f3 que el pa\u00eds requiere una visi\u00f3n femenina para continuar la transformaci\u00f3n que inici\u00f3 el presidente Andr\u00e9s Manuel L\u00f3pez Obrador, a trav\u00e9s de los grandes proyectos que actualmente se est\u00e1n consolidando y proyectando para M\u00e9xico.<\/p>\n\n\n\n<p>\u00abClaudia Sheinbaum es la mujer l\u00edder id\u00f3nea para continuar con el progreso y el bienestar de los pueblos del Istmo y del pa\u00eds. Es una mujer con gran visi\u00f3n y capacidad para dar continuidad al progreso y al bienestar de la grandeza de M\u00e9xico\u00bb, destac\u00f3.<\/p>\n\n\n\n<p>En ese sentido, el dirigente se\u00f1al\u00f3 que FUCO, est\u00e1 listo para recibirla con todo el \u00e1nimo y el cari\u00f1o que se merece para demostrarle su total respaldo.<\/p>\n\n\n\n<p>Orozco Mart\u00ednez, expuso que FUCO, es la organizaci\u00f3n aliada m\u00e1s fuerte de los pueblos del Istmo, comprometida con valores y principios inculcados por el movimiento de regeneraci\u00f3n nacional.<\/p>\n\n\n\n<p>La doctora Claudia Sheinbaum visitar\u00e1 Juchit\u00e1n de Zaragoza para dictar la conferencia magistral, \u00abPol\u00edticas de gobierno al servicio del pueblo\u00bb, que se llevar\u00e1 a cabo, en el estadio Juchiteco a las 10:30 de la ma\u00f1ana de este s\u00e1bado<\/p>\n\n\n\n<figure class=\"wp-block-image size-large\"><img fetchpriority=\"high\" decoding=\"async\" width=\"595\" height=\"876\" src=\"https:\/\/contextoanalisisperiodistico.com\/wp-content\/uploads\/2023\/05\/screenshot_20230512_172505_google5250144616720603059.jpg\" alt=\"\" class=\"wp-image-13232\" srcset=\"https:\/\/contextoanalisisperiodistico.com\/wp-content\/uploads\/2023\/05\/screenshot_20230512_172505_google5250144616720603059.jpg 595w, https:\/\/contextoanalisisperiodistico.com\/wp-content\/uploads\/2023\/05\/screenshot_20230512_172505_google5250144616720603059-204x300.jpg 204w\" sizes=\"(max-width: 595px) 100vw, 595px\" \/><\/figure>\n","protected":false},"excerpt":{"rendered":"<p>\u25cf Calculan que m\u00e1s de 70 mil militantes se reportan preparados para ofrecer una c\u00e1lida&#8230;<\/p>\n","protected":false},"author":4,"featured_media":13230,"comment_status":"closed","ping_status":"open","sticky":false,"template":"","format":"standard","meta":{"footnotes":""},"categories":[9],"tags":[],"jetpack_sharing_enabled":true,"featured_image_urls":{"full":["https:\/\/contextoanalisisperiodistico.com\/wp-content\/uploads\/2023\/05\/FB_IMG_1683933820173.jpg",721,540,false],"thumbnail":["https:\/\/contextoanalisisperiodistico.com\/wp-content\/uploads\/2023\/05\/FB_IMG_1683933820173-150x150.jpg",150,150,true],"medium":["https:\/\/contextoanalisisperiodistico.com\/wp-content\/uploads\/2023\/05\/FB_IMG_1683933820173-300x225.jpg",300,225,true],"medium_large":["https:\/\/contextoanalisisperiodistico.com\/wp-content\/uploads\/2023\/05\/FB_IMG_1683933820173.jpg",640,479,false],"large":["https:\/\/contextoanalisisperiodistico.com\/wp-content\/uploads\/2023\/05\/FB_IMG_1683933820173.jpg",640,479,false],"1536x1536":["https:\/\/contextoanalisisperiodistico.com\/wp-content\/uploads\/2023\/05\/FB_IMG_1683933820173.jpg",721,540,false],"2048x2048":["https:\/\/contextoanalisisperiodistico.com\/wp-content\/uploads\/2023\/05\/FB_IMG_1683933820173.jpg",721,540,false],"covernews-slider-full":["https:\/\/contextoanalisisperiodistico.com\/wp-content\/uploads\/2023\/05\/FB_IMG_1683933820173.jpg",721,540,false],"covernews-slider-center":["https:\/\/contextoanalisisperiodistico.com\/wp-content\/uploads\/2023\/05\/FB_IMG_1683933820173-721x500.jpg",721,500,true],"covernews-featured":["https:\/\/contextoanalisisperiodistico.com\/wp-content\/uploads\/2023\/05\/FB_IMG_1683933820173.jpg",721,540,false],"covernews-medium":["https:\/\/contextoanalisisperiodistico.com\/wp-content\/uploads\/2023\/05\/FB_IMG_1683933820173-540x340.jpg",540,340,true],"covernews-medium-square":["https:\/\/contextoanalisisperiodistico.com\/wp-content\/uploads\/2023\/05\/FB_IMG_1683933820173-400x250.jpg",400,250,true]},"author_info":{"display_name":"Mario Gir\u00f3n","author_link":"https:\/\/contextoanalisisperiodistico.com\/index.php\/author\/director\/"},"category_info":"<a href=\"https:\/\/contextoanalisisperiodistico.com\/index.php\/category\/politica\/\" rel=\"category tag\">Pol\u00edtica<\/a>","tag_info":"Pol\u00edtica","comment_count":"0","jetpack_featured_media_url":"https:\/\/contextoanalisisperiodistico.com\/wp-content\/uploads\/2023\/05\/FB_IMG_1683933820173.jpg","_links":{"self":[{"href":"https:\/\/contextoanalisisperiodistico.com\/index.php\/wp-json\/wp\/v2\/posts\/13229"}],"collection":[{"href":"https:\/\/contextoanalisisperiodistico.com\/index.php\/wp-json\/wp\/v2\/posts"}],"about":[{"href":"https:\/\/contextoanalisisperiodistico.com\/index.php\/wp-json\/wp\/v2\/types\/post"}],"author":[{"embeddable":true,"href":"https:\/\/contextoanalisisperiodistico.com\/index.php\/wp-json\/wp\/v2\/users\/4"}],"replies":[{"embeddable":true,"href":"https:\/\/contextoanalisisperiodistico.com\/index.php\/wp-json\/wp\/v2\/comments?post=13229"}],"version-history":[{"count":2,"href":"https:\/\/contextoanalisisperiodistico.com\/index.php\/wp-json\/wp\/v2\/posts\/13229\/revisions"}],"predecessor-version":[{"id":13233,"href":"https:\/\/contextoanalisisperiodistico.com\/index.php\/wp-json\/wp\/v2\/posts\/13229\/revisions\/13233"}],"wp:featuredmedia":[{"embeddable":true,"href":"https:\/\/contextoanalisisperiodistico.com\/index.php\/wp-json\/wp\/v2\/media\/13230"}],"wp:attachment":[{"href":"https:\/\/contextoanalisisperiodistico.com\/index.php\/wp-json\/wp\/v2\/media?parent=13229"}],"wp:term":[{"taxonomy":"category","embeddable":true,"href":"https:\/\/contextoanalisisperiodistico.com\/index.php\/wp-json\/wp\/v2\/categories?post=13229"},{"taxonomy":"post_tag","embeddable":true,"href":"https:\/\/contextoanalisisperiodistico.com\/index.php\/wp-json\/wp\/v2\/tags?post=13229"}],"curies":[{"name":"wp","href":"https:\/\/api.w.org\/{rel}","templated":true}]}}