{"id":13218,"date":"2023-05-12T13:01:55","date_gmt":"2023-05-12T19:01:55","guid":{"rendered":"https:\/\/contextoanalisisperiodistico.com\/index.php\/2023\/05\/12\/capacitan-a-personal-de-instituciones-educativas-en-materia-de-declaracion-patrimonial\/"},"modified":"2023-05-12T13:01:55","modified_gmt":"2023-05-12T19:01:55","slug":"capacitan-a-personal-de-instituciones-educativas-en-materia-de-declaracion-patrimonial","status":"publish","type":"post","link":"https:\/\/contextoanalisisperiodistico.com\/index.php\/2023\/05\/12\/capacitan-a-personal-de-instituciones-educativas-en-materia-de-declaracion-patrimonial\/","title":{"rendered":"Capacitan a personal de instituciones educativas en materia de Declaraci\u00f3n Patrimonial"},"content":{"rendered":"<div id=\"fb-root\"><\/div>\n\n<p>\u2022 La Secretar\u00eda de Honestidad trabaja para que m\u00e1s de 40 mil servidoras y servidores p\u00fablicos cumplan con esta obligaci\u00f3n<\/p>\n\n\n\n<p>\u2022 Asistieron al taller 320 personas servidoras p\u00fablicas de nivel medio superior y superior<\/p>\n\n\n\n<p>Tlalixtac de Cabrera, Oax., 12 de mayo de 2023. Para que las y los servidores p\u00fablicos del Gobierno Estatal den cumplimiento a la presentaci\u00f3n de la Declaraci\u00f3n Patrimonial de Modificaci\u00f3n 2023, la Secretar\u00eda de Honestidad, Transparencia y Funci\u00f3n P\u00fablica capacit\u00f3 v\u00eda virtual a 320 representantes de instituciones educativas de nivel medio superior y superior.<\/p>\n\n\n\n<p>Esta jornada realizada en conjunto con la Coordinaci\u00f3n General de Educaci\u00f3n Media Superior y Superior, Ciencia y Tecnolog\u00eda (CGEMSySCyT), tiene como objetivo informar sobre esta responsabilidad, el acceso al sistema E-Oaxaca Declara y las sanciones administrativas aplicables en caso de no cumplir con esta obligaci\u00f3n.<\/p>\n\n\n\n<p>Al respecto la titular de la Secretar\u00eda Leticia Elsa Reyes L\u00f3pez se\u00f1al\u00f3 que trabaja coordinadamente con los entes del Gobierno del Estado para que las m\u00e1s de 40 mil servidoras y servidores p\u00fablicos cumplan con este mecanismo de prevenci\u00f3n e instrumento de rendici\u00f3n de cuentas que regulan la funci\u00f3n p\u00fablica.<\/p>\n\n\n\n<p>\u201cCon las declaraciones patrimoniales determinaremos la congruencia de los ingresos y egresos reportados, y con ello, poder prevenir y detectar posibles casos de enriquecimiento inexplicable o injustificado por parte de las y los servidores p\u00fablicos de esta administraci\u00f3n\u201d, expres\u00f3.<\/p>\n\n\n\n<p>Ante la presencia del titular de la CGEMSySCyT Alcide Garc\u00eda Guzm\u00e1n exhort\u00f3 a las y los participantes de instituciones educativas de nivel medio superior y universidades que han desempe\u00f1ado su empleo, cargo o comisi\u00f3n durante el ejercicio 2022 o a\u00f1os anteriores y sigan activos.<\/p>\n\n\n\n<p>As\u00ed como aquellas que hayan presentado la declaraci\u00f3n inicial en diciembre del 2022 y se desempe\u00f1en o que realizaron su notificaci\u00f3n de cambio en esta administraci\u00f3n, para que cumplan en tiempo con esta obligaci\u00f3n antes del 31 de mayo.<\/p>\n\n\n\n<p>Recalc\u00f3 que las y los servidores p\u00fablicos que se desempe\u00f1an desde el primer nivel del escalaf\u00f3n, jefe de departamento u hom\u00f3logo, personal contratado por honorarios que tengan funciones de asesor, secretario particular u otro, jefes de oficina y en general mandos medios y superiores, deben realizarla.<\/p>\n\n\n\n<p>Para lo cual deber\u00e1n ingresar al sistema E-Oaxaca Declara, en el portal electr\u00f3nico www.oaxaca.gob.mx\/honestidad, el cual est\u00e1 disponible las 24 horas del d\u00eda y los 365 d\u00edas del a\u00f1o.<\/p>\n\n\n\n<p>De conformidad a lo establecido en el art\u00edculo 75 de la Ley General de Responsabilidades Administrativas, la o el servidor p\u00fablico que omita presentar la declaraci\u00f3n o que la presente fuera de los plazos establecidos, podr\u00e1 ser sujeto a una amonestaci\u00f3n privada, amonestaci\u00f3n p\u00fablica, suspensi\u00f3n del empleo, cargo o comisi\u00f3n de 1 a 30 d\u00edas.<\/p>\n\n\n\n<p>As\u00ed como la inhabilitaci\u00f3n temporal para desempe\u00f1ar empleos, cargos o comisiones en el servicio p\u00fablico y para participar en adquisiciones, arrendamientos, servicios u obras p\u00fablicas de tres meses a un a\u00f1o.<\/p>\n\n\n\n<p>Para asesor\u00eda adicional o aclaraci\u00f3n de dudas en la presentaci\u00f3n de declaraciones, pueden llamar al 951 50 15000 extensiones 11814, 10197 y 10189 de lunes a viernes de 9:00 a 17:00 hora<\/p>\n\n\n\n<p>-0-<\/p>\n\n\n\n<figure class=\"wp-block-image size-large\"><img fetchpriority=\"high\" decoding=\"async\" width=\"792\" height=\"896\" src=\"https:\/\/contextoanalisisperiodistico.com\/wp-content\/uploads\/2023\/05\/img-20230512-wa00256929440980924220531.jpg\" alt=\"\" class=\"wp-image-13217\" srcset=\"https:\/\/contextoanalisisperiodistico.com\/wp-content\/uploads\/2023\/05\/img-20230512-wa00256929440980924220531.jpg 792w, https:\/\/contextoanalisisperiodistico.com\/wp-content\/uploads\/2023\/05\/img-20230512-wa00256929440980924220531-265x300.jpg 265w, https:\/\/contextoanalisisperiodistico.com\/wp-content\/uploads\/2023\/05\/img-20230512-wa00256929440980924220531-768x869.jpg 768w\" sizes=\"(max-width: 792px) 100vw, 792px\" \/><\/figure>\n\n\n\n<figure class=\"wp-block-image\"><img decoding=\"async\" width=\"300\" height=\"197\" src=\"https:\/\/contextoanalisisperiodistico.com\/wp-content\/uploads\/2023\/05\/img-20230512-wa00286793261197993334024-300x197.jpg\" alt=\"\" class=\"wp-image-13216\" srcset=\"https:\/\/contextoanalisisperiodistico.com\/wp-content\/uploads\/2023\/05\/img-20230512-wa00286793261197993334024-300x197.jpg 300w, https:\/\/contextoanalisisperiodistico.com\/wp-content\/uploads\/2023\/05\/img-20230512-wa00286793261197993334024-768x504.jpg 768w, https:\/\/contextoanalisisperiodistico.com\/wp-content\/uploads\/2023\/05\/img-20230512-wa00286793261197993334024.jpg 1024w\" sizes=\"(max-width: 300px) 100vw, 300px\" \/><\/figure>\n","protected":false},"excerpt":{"rendered":"<p>\u2022 La Secretar\u00eda de Honestidad trabaja para que m\u00e1s de 40 mil servidoras y servidores&#8230;<\/p>\n","protected":false},"author":4,"featured_media":13215,"comment_status":"","ping_status":"open","sticky":false,"template":"","format":"standard","meta":{"footnotes":""},"categories":[9],"tags":[],"jetpack_sharing_enabled":true,"featured_image_urls":{"full":["https:\/\/contextoanalisisperiodistico.com\/wp-content\/uploads\/2023\/05\/IMG-20230512-WA0026.jpg",1024,683,false],"thumbnail":["https:\/\/contextoanalisisperiodistico.com\/wp-content\/uploads\/2023\/05\/IMG-20230512-WA0026-150x150.jpg",150,150,true],"medium":["https:\/\/contextoanalisisperiodistico.com\/wp-content\/uploads\/2023\/05\/IMG-20230512-WA0026-300x200.jpg",300,200,true],"medium_large":["https:\/\/contextoanalisisperiodistico.com\/wp-content\/uploads\/2023\/05\/IMG-20230512-WA0026-768x512.jpg",640,427,true],"large":["https:\/\/contextoanalisisperiodistico.com\/wp-content\/uploads\/2023\/05\/IMG-20230512-WA0026.jpg",640,427,false],"1536x1536":["https:\/\/contextoanalisisperiodistico.com\/wp-content\/uploads\/2023\/05\/IMG-20230512-WA0026.jpg",1024,683,false],"2048x2048":["https:\/\/contextoanalisisperiodistico.com\/wp-content\/uploads\/2023\/05\/IMG-20230512-WA0026.jpg",1024,683,false],"covernews-slider-full":["https:\/\/contextoanalisisperiodistico.com\/wp-content\/uploads\/2023\/05\/IMG-20230512-WA0026.jpg",1024,683,false],"covernews-slider-center":["https:\/\/contextoanalisisperiodistico.com\/wp-content\/uploads\/2023\/05\/IMG-20230512-WA0026-800x500.jpg",800,500,true],"covernews-featured":["https:\/\/contextoanalisisperiodistico.com\/wp-content\/uploads\/2023\/05\/IMG-20230512-WA0026.jpg",1024,683,false],"covernews-medium":["https:\/\/contextoanalisisperiodistico.com\/wp-content\/uploads\/2023\/05\/IMG-20230512-WA0026-540x340.jpg",540,340,true],"covernews-medium-square":["https:\/\/contextoanalisisperiodistico.com\/wp-content\/uploads\/2023\/05\/IMG-20230512-WA0026-400x250.jpg",400,250,true]},"author_info":{"display_name":"Mario Gir\u00f3n","author_link":"https:\/\/contextoanalisisperiodistico.com\/index.php\/author\/director\/"},"category_info":"<a href=\"https:\/\/contextoanalisisperiodistico.com\/index.php\/category\/politica\/\" rel=\"category tag\">Pol\u00edtica<\/a>","tag_info":"Pol\u00edtica","comment_count":"0","jetpack_featured_media_url":"https:\/\/contextoanalisisperiodistico.com\/wp-content\/uploads\/2023\/05\/IMG-20230512-WA0026.jpg","_links":{"self":[{"href":"https:\/\/contextoanalisisperiodistico.com\/index.php\/wp-json\/wp\/v2\/posts\/13218"}],"collection":[{"href":"https:\/\/contextoanalisisperiodistico.com\/index.php\/wp-json\/wp\/v2\/posts"}],"about":[{"href":"https:\/\/contextoanalisisperiodistico.com\/index.php\/wp-json\/wp\/v2\/types\/post"}],"author":[{"embeddable":true,"href":"https:\/\/contextoanalisisperiodistico.com\/index.php\/wp-json\/wp\/v2\/users\/4"}],"replies":[{"embeddable":true,"href":"https:\/\/contextoanalisisperiodistico.com\/index.php\/wp-json\/wp\/v2\/comments?post=13218"}],"version-history":[{"count":0,"href":"https:\/\/contextoanalisisperiodistico.com\/index.php\/wp-json\/wp\/v2\/posts\/13218\/revisions"}],"wp:featuredmedia":[{"embeddable":true,"href":"https:\/\/contextoanalisisperiodistico.com\/index.php\/wp-json\/wp\/v2\/media\/13215"}],"wp:attachment":[{"href":"https:\/\/contextoanalisisperiodistico.com\/index.php\/wp-json\/wp\/v2\/media?parent=13218"}],"wp:term":[{"taxonomy":"category","embeddable":true,"href":"https:\/\/contextoanalisisperiodistico.com\/index.php\/wp-json\/wp\/v2\/categories?post=13218"},{"taxonomy":"post_tag","embeddable":true,"href":"https:\/\/contextoanalisisperiodistico.com\/index.php\/wp-json\/wp\/v2\/tags?post=13218"}],"curies":[{"name":"wp","href":"https:\/\/api.w.org\/{rel}","templated":true}]}}