{"id":13210,"date":"2023-05-12T12:56:55","date_gmt":"2023-05-12T18:56:55","guid":{"rendered":"https:\/\/contextoanalisisperiodistico.com\/?p=13210"},"modified":"2023-05-12T12:57:29","modified_gmt":"2023-05-12T18:57:29","slug":"publica-secretaria-de-las-culturas-y-artes-convocatoria-para-elegir-a-la-diosa-centeotl-2023","status":"publish","type":"post","link":"https:\/\/contextoanalisisperiodistico.com\/index.php\/2023\/05\/12\/publica-secretaria-de-las-culturas-y-artes-convocatoria-para-elegir-a-la-diosa-centeotl-2023\/","title":{"rendered":"Publica Secretar\u00eda de las Culturas y Artes Convocatoria para elegir a la Diosa Cent\u00e9otl 2023"},"content":{"rendered":"<div id=\"fb-root\"><\/div>\n\n<p>\u2022 Podr\u00e1n participar todas las mujeres ind\u00edgenas, afromexicanas y o mestizas de los municipios del estado de Oaxaca<\/p>\n\n\n\n<p>\u2022 La fecha l\u00edmite para la recepci\u00f3n de los documentos de las aspirantes es el pr\u00f3ximo 5 de junio<\/p>\n\n\n\n<p>Oaxaca de Ju\u00e1rez, Oax. 12 de mayo de 2023.- La Secretar\u00eda de las Culturas y Artes de Oaxaca da a conocer las bases de la Convocatoria Diosa Cent\u00e9otl 2023 para elegir a la m\u00e1xima representante de la Guelaguetza en la edici\u00f3n del pr\u00f3ximo mes de julio.<\/p>\n\n\n\n<p>El titular de esta dependencia V\u00edctor Cata indic\u00f3 que podr\u00e1n participar las mujeres ind\u00edgenas, afromexicanas y\/o mestizas que habitan en los municipios que conforman el territorio oaxaque\u00f1o y que hayan resultado elegidas por sus autoridades municipales, mediante un proceso interno.<\/p>\n\n\n\n<p>La selecci\u00f3n interna deber\u00e1 estar avalada por una Comisi\u00f3n Cultural Comunitaria conformada por cinco personas con amplio conocimiento de la historia, cultura, tradiciones, organizaci\u00f3n social y valores de la comunidad; podr\u00e1 ser la que se integr\u00f3 para los municipios que participaron en la Convocatoria de la Guelaguetza del Lunes del Cerro y su Octava 2023.<\/p>\n\n\n\n<p>Afirm\u00f3 que la participaci\u00f3n de las mujeres interesadas en representar a la deidad del ma\u00edz, figura principal de la m\u00e1xima fiesta de las y los oaxaque\u00f1os, no tendr\u00e1 limitaciones ni por razones de su estado civil, religi\u00f3n, color, orientaci\u00f3n sexual, discapacidades, ideolog\u00eda, origen \u00e9tnico, condici\u00f3n social o econ\u00f3mica.<\/p>\n\n\n\n<p>Esta convocatoria abona a la Reparaci\u00f3n Hist\u00f3rica de los Pueblos, uno de los ejes fundamentales de la actual administraci\u00f3n, en la que las oaxaque\u00f1as de todas las etnias participantes, tendr\u00e1n igualdad de condiciones para representar a la Diosa Cent\u00e9otl 2023.<\/p>\n\n\n\n<p>Las participantes deber\u00e1n tener antecedentes de contribuci\u00f3n en actividades de promoci\u00f3n, difusi\u00f3n de la cultura e historia de su entorno; acciones o valores culturales de su comunidad: ayuda colectiva, tequio, desempe\u00f1o de cargos comunitarios, preservaci\u00f3n del patrimonio cultural inmaterial, material o biocultural de su comunidad: danza, m\u00fasica, lengua ind\u00edgena, artesan\u00edas, cocina tradicional o medicina tradicional.<\/p>\n\n\n\n<p>Es importante destacar que las representantes elegidas deber\u00e1n enviar o entregar sus formatos de registro y documentaci\u00f3n que forman parte de los lineamientos de inscripci\u00f3n debidamente requisitados, anexando el acta de cabildo de la integraci\u00f3n de la Comisi\u00f3n Cultural Comunitaria y el acta de dictamen de selecci\u00f3n de la representante firmada por todos los integrantes de dicha Comisi\u00f3n.<\/p>\n\n\n\n<p>V\u00edctor Cata se\u00f1al\u00f3 que la convocatoria, lineamientos de participaci\u00f3n y formatos de inscripci\u00f3n, puede consultarse en la p\u00e1gina de la Secretar\u00eda de las Culturas y Artes https:\/\/www.oaxaca.gob.mx\/seculta\/convocatoria-diosa-centeotl-2023\/<\/p>\n\n\n\n<p>El expediente se recibira\u0301 en f\u00edsico, v\u00eda correo postal o paqueter\u00eda, una vez publicada la presente convocatoria, de lunes a viernes en un horario de 10:00 a 16:00 horas, en la oficina de la Direcci\u00f3n de Atenci\u00f3n Cultural Comunitaria, ubicada en Tercera Privada de Pinos #105, Col. Reforma, C. P. 68050, Oaxaca de Jua\u0301rez, Oaxaca.<\/p>\n\n\n\n<p>La documentaci\u00f3n digital deber\u00e1 ser enviada al correo diosacenteotl2023@gmail.com. Para mayor informaci\u00f3n o dudas, comunicarse al n\u00famero telef\u00f3nico 951 501 20 82 o al correo antes mencionado.<\/p>\n\n\n\n<p>La fecha l\u00edmite para la recepci\u00f3n de documentos es el pr\u00f3ximo 5 de junio, y el certamen se realizar\u00e1 los d\u00edas 23 y 24 de junio. La mujer elegida como Diosa Cent\u00e9otl se dar\u00e1 a conocer en el segundo d\u00eda al finalizar la participaci\u00f3n de todas las concursantes tras la decisi\u00f3n del jurado calificador, recibiendo un cetro en reconocimiento a su investidura.<\/p>\n","protected":false},"excerpt":{"rendered":"<p>\u2022 Podr\u00e1n participar todas las mujeres ind\u00edgenas, afromexicanas y o mestizas de los municipios del&#8230;<\/p>\n","protected":false},"author":4,"featured_media":13212,"comment_status":"closed","ping_status":"open","sticky":false,"template":"","format":"standard","meta":{"footnotes":""},"categories":[4],"tags":[],"jetpack_sharing_enabled":true,"featured_image_urls":{"full":["https:\/\/contextoanalisisperiodistico.com\/wp-content\/uploads\/2023\/05\/IMG-20230512-WA0040.jpg",1080,1343,false],"thumbnail":["https:\/\/contextoanalisisperiodistico.com\/wp-content\/uploads\/2023\/05\/IMG-20230512-WA0040-150x150.jpg",150,150,true],"medium":["https:\/\/contextoanalisisperiodistico.com\/wp-content\/uploads\/2023\/05\/IMG-20230512-WA0040-241x300.jpg",241,300,true],"medium_large":["https:\/\/contextoanalisisperiodistico.com\/wp-content\/uploads\/2023\/05\/IMG-20230512-WA0040-768x955.jpg",640,796,true],"large":["https:\/\/contextoanalisisperiodistico.com\/wp-content\/uploads\/2023\/05\/IMG-20230512-WA0040-823x1024.jpg",640,796,true],"1536x1536":["https:\/\/contextoanalisisperiodistico.com\/wp-content\/uploads\/2023\/05\/IMG-20230512-WA0040.jpg",1080,1343,false],"2048x2048":["https:\/\/contextoanalisisperiodistico.com\/wp-content\/uploads\/2023\/05\/IMG-20230512-WA0040.jpg",1080,1343,false],"covernews-slider-full":["https:\/\/contextoanalisisperiodistico.com\/wp-content\/uploads\/2023\/05\/IMG-20230512-WA0040-1080x715.jpg",1080,715,true],"covernews-slider-center":["https:\/\/contextoanalisisperiodistico.com\/wp-content\/uploads\/2023\/05\/IMG-20230512-WA0040-800x500.jpg",800,500,true],"covernews-featured":["https:\/\/contextoanalisisperiodistico.com\/wp-content\/uploads\/2023\/05\/IMG-20230512-WA0040-1024x1273.jpg",1024,1273,true],"covernews-medium":["https:\/\/contextoanalisisperiodistico.com\/wp-content\/uploads\/2023\/05\/IMG-20230512-WA0040-540x340.jpg",540,340,true],"covernews-medium-square":["https:\/\/contextoanalisisperiodistico.com\/wp-content\/uploads\/2023\/05\/IMG-20230512-WA0040-400x250.jpg",400,250,true]},"author_info":{"display_name":"Mario Gir\u00f3n","author_link":"https:\/\/contextoanalisisperiodistico.com\/index.php\/author\/director\/"},"category_info":"<a href=\"https:\/\/contextoanalisisperiodistico.com\/index.php\/category\/cultura\/\" rel=\"category tag\">Cultura<\/a>","tag_info":"Cultura","comment_count":"0","jetpack_featured_media_url":"https:\/\/contextoanalisisperiodistico.com\/wp-content\/uploads\/2023\/05\/IMG-20230512-WA0040.jpg","_links":{"self":[{"href":"https:\/\/contextoanalisisperiodistico.com\/index.php\/wp-json\/wp\/v2\/posts\/13210"}],"collection":[{"href":"https:\/\/contextoanalisisperiodistico.com\/index.php\/wp-json\/wp\/v2\/posts"}],"about":[{"href":"https:\/\/contextoanalisisperiodistico.com\/index.php\/wp-json\/wp\/v2\/types\/post"}],"author":[{"embeddable":true,"href":"https:\/\/contextoanalisisperiodistico.com\/index.php\/wp-json\/wp\/v2\/users\/4"}],"replies":[{"embeddable":true,"href":"https:\/\/contextoanalisisperiodistico.com\/index.php\/wp-json\/wp\/v2\/comments?post=13210"}],"version-history":[{"count":2,"href":"https:\/\/contextoanalisisperiodistico.com\/index.php\/wp-json\/wp\/v2\/posts\/13210\/revisions"}],"predecessor-version":[{"id":13213,"href":"https:\/\/contextoanalisisperiodistico.com\/index.php\/wp-json\/wp\/v2\/posts\/13210\/revisions\/13213"}],"wp:featuredmedia":[{"embeddable":true,"href":"https:\/\/contextoanalisisperiodistico.com\/index.php\/wp-json\/wp\/v2\/media\/13212"}],"wp:attachment":[{"href":"https:\/\/contextoanalisisperiodistico.com\/index.php\/wp-json\/wp\/v2\/media?parent=13210"}],"wp:term":[{"taxonomy":"category","embeddable":true,"href":"https:\/\/contextoanalisisperiodistico.com\/index.php\/wp-json\/wp\/v2\/categories?post=13210"},{"taxonomy":"post_tag","embeddable":true,"href":"https:\/\/contextoanalisisperiodistico.com\/index.php\/wp-json\/wp\/v2\/tags?post=13210"}],"curies":[{"name":"wp","href":"https:\/\/api.w.org\/{rel}","templated":true}]}}