{"id":13192,"date":"2023-05-11T21:21:40","date_gmt":"2023-05-12T03:21:40","guid":{"rendered":"https:\/\/contextoanalisisperiodistico.com\/?p=13192"},"modified":"2023-05-11T21:24:06","modified_gmt":"2023-05-12T03:24:06","slug":"policia-municipal-detiene-a-persona-que-presuntamente-contactaba-a-menores","status":"publish","type":"post","link":"https:\/\/contextoanalisisperiodistico.com\/index.php\/2023\/05\/11\/policia-municipal-detiene-a-persona-que-presuntamente-contactaba-a-menores\/","title":{"rendered":"Polic\u00eda Municipal detiene a persona que presuntamente contactaba a menores"},"content":{"rendered":"<div id=\"fb-root\"><\/div>\n\n<p><em>Lo sorprenden cuando pegaba carteles en la zona del mercado de Abasto<\/em><\/p>\n\n\n\n<p>Oaxaca de Ju\u00e1rez, Oax., 11 de mayo de 2023<\/p>\n\n\n\n<p>Polic\u00edas municipales adscritos a la Unidad de Investigaci\u00f3n del Delito realizaron la detenci\u00f3n de una persona como presunta responsable del delito de resistencia de particulares.<\/p>\n\n\n\n<p>El secretario de Seguridad Ciudadana, Movilidad y Protecci\u00f3n Civil, Ra\u00fal \u00c1vila Ibarra, dio a conocer que la intervenci\u00f3n se llev\u00f3 a cabo el mi\u00e9rcoles a las 11:30 horas en la prolongaci\u00f3n de Trujano, de la colonia Libertad.<\/p>\n\n\n\n<p>Al efectuar acciones de investigaci\u00f3n en esa zona, observaron que una persona pegaba carteles en un poste, cuyas caracter\u00edsticas coincid\u00edan con las de un sujeto denunciado en redes sociales por exhibir carteles en busca de menores para encuentros sexuales.<\/p>\n\n\n\n<p>Por ello, decidieron abordarlo, sin embargo, el sujeto les lanz\u00f3 las hojas y trat\u00f3 de golpear a uno de ellos, por lo cual le solicitaron que se calmara.<\/p>\n\n\n\n<p>Lejos de ello, continu\u00f3 con agresiones verbales y dijo que \u00e9l \u00fanicamente realizaba su trabajo, as\u00ed como lanz\u00f3 varios golpes a uno de los elementos, por lo cual fue controlado y detenido.<br \/>La persona dijo llamarse J. L. M. J., de 34 a\u00f1os de edad, misma que fue consignada a la Fiscal\u00eda General del Estado como presunta responsable del delito de resistencia de particulares.<\/p>\n\n\n\n<p><em>Denunciado en redes sociales<\/em><br \/>\u00c1vila Ibarra, dijo que el fin de semana pasado, en las redes sociales se denunci\u00f3 la aparici\u00f3n de carteles donde buscaban a ni\u00f1as menores de edad para presuntos encuentros sexuales.<br \/>En la primera denuncia, mencionaron que los carteles fueron pegados en el parque del Amor.<\/p>\n\n\n\n<p>Al d\u00eda siguiente, aparecieron m\u00e1s en la zona de Chedraui de la avenida Eduardo Mata.<\/p>\n\n\n\n<p><em>Investigaci\u00f3n de campo y gabinete<\/em><\/p>\n\n\n\n<p>El responsable de la seguridad p\u00fablica en la capital del estado, indic\u00f3 que instruy\u00f3 a elementos de la Unidad de Investigaci\u00f3n del Delito para retomar la denuncia y dar con el responsable de esas pegas.<\/p>\n\n\n\n<p>La investigaci\u00f3n se bas\u00f3 en el rastreo a los n\u00fameros telef\u00f3nicos que aparec\u00edan en los carteles, que ten\u00edan clave lada el estado de Chihuahua, los cuales llevaron a los elementos a una cuenta de Facebook, que a su vez estaba vinculada con una cuenta de Twitter e Instagram.<\/p>\n\n\n\n<p>Fue as\u00ed como pudieron establecer su centro de trabajo el cual se ubica en la calle Las Flores, de la colonia Libertad, a solo unos metros del Perif\u00e9rico.<br \/>Una vez con ese dato, montaron vigilancia y pudieron establecer el lugar exacto, al contar ya con la foto de perfil del titular de la cuenta.<br \/>El mi\u00e9rcoles lo sorprendieron cuando trataba de pegar m\u00e1s carteles a unos metros de su lugar de trabajo.<br \/>En su detenci\u00f3n, le fue asegurado un tel\u00e9fono celular, que utilizaba para contactar por redes sociales a posibles v\u00edctimas.<br \/>Por ese motivo, el tel\u00e9fono celular fue asegurado como evidencia para quedar a disposici\u00f3n de la Fiscal\u00eda General del Estado para el estudio forense de su contenido.<\/p>\n\n\n\n<p><em>Confianza en la polic\u00eda municipal<\/em><\/p>\n\n\n\n<p>El secretario \u00c1vila Ibarra indic\u00f3 que la Secretar\u00eda a su mando da seguimiento a todas las denuncias relacionadas con la seguridad y que ponen en riesgo la integridad de las mujeres, por lo cual agradece a la ciudadan\u00eda la confianza en la Polic\u00eda Municipal, que d\u00eda con d\u00eda, refrenda su compromiso de proteger y servir a la comunidad.<\/p>\n\n\n\n<p><em>Polic\u00eda Municipal<\/em><br \/><em>Garante de Seguridad y Paz Social<\/em><br \/><em>\u00a1Polic\u00eda Municipal, m\u00e1s cerca de ti!<\/em><\/p>\n","protected":false},"excerpt":{"rendered":"<p>Lo sorprenden cuando pegaba carteles en la zona del mercado de Abasto Oaxaca de Ju\u00e1rez,&#8230;<\/p>\n","protected":false},"author":4,"featured_media":13193,"comment_status":"closed","ping_status":"open","sticky":false,"template":"","format":"standard","meta":{"footnotes":""},"categories":[9],"tags":[],"jetpack_sharing_enabled":true,"featured_image_urls":{"full":["https:\/\/contextoanalisisperiodistico.com\/wp-content\/uploads\/2023\/05\/IMG-20230511-WA0106.jpg",1040,780,false],"thumbnail":["https:\/\/contextoanalisisperiodistico.com\/wp-content\/uploads\/2023\/05\/IMG-20230511-WA0106-150x150.jpg",150,150,true],"medium":["https:\/\/contextoanalisisperiodistico.com\/wp-content\/uploads\/2023\/05\/IMG-20230511-WA0106-300x225.jpg",300,225,true],"medium_large":["https:\/\/contextoanalisisperiodistico.com\/wp-content\/uploads\/2023\/05\/IMG-20230511-WA0106-768x576.jpg",640,480,true],"large":["https:\/\/contextoanalisisperiodistico.com\/wp-content\/uploads\/2023\/05\/IMG-20230511-WA0106-1024x768.jpg",640,480,true],"1536x1536":["https:\/\/contextoanalisisperiodistico.com\/wp-content\/uploads\/2023\/05\/IMG-20230511-WA0106.jpg",1040,780,false],"2048x2048":["https:\/\/contextoanalisisperiodistico.com\/wp-content\/uploads\/2023\/05\/IMG-20230511-WA0106.jpg",1040,780,false],"covernews-slider-full":["https:\/\/contextoanalisisperiodistico.com\/wp-content\/uploads\/2023\/05\/IMG-20230511-WA0106-1040x715.jpg",1040,715,true],"covernews-slider-center":["https:\/\/contextoanalisisperiodistico.com\/wp-content\/uploads\/2023\/05\/IMG-20230511-WA0106-800x500.jpg",800,500,true],"covernews-featured":["https:\/\/contextoanalisisperiodistico.com\/wp-content\/uploads\/2023\/05\/IMG-20230511-WA0106-1024x768.jpg",1024,768,true],"covernews-medium":["https:\/\/contextoanalisisperiodistico.com\/wp-content\/uploads\/2023\/05\/IMG-20230511-WA0106-540x340.jpg",540,340,true],"covernews-medium-square":["https:\/\/contextoanalisisperiodistico.com\/wp-content\/uploads\/2023\/05\/IMG-20230511-WA0106-400x250.jpg",400,250,true]},"author_info":{"display_name":"Mario Gir\u00f3n","author_link":"https:\/\/contextoanalisisperiodistico.com\/index.php\/author\/director\/"},"category_info":"<a href=\"https:\/\/contextoanalisisperiodistico.com\/index.php\/category\/politica\/\" rel=\"category tag\">Pol\u00edtica<\/a>","tag_info":"Pol\u00edtica","comment_count":"0","jetpack_featured_media_url":"https:\/\/contextoanalisisperiodistico.com\/wp-content\/uploads\/2023\/05\/IMG-20230511-WA0106.jpg","_links":{"self":[{"href":"https:\/\/contextoanalisisperiodistico.com\/index.php\/wp-json\/wp\/v2\/posts\/13192"}],"collection":[{"href":"https:\/\/contextoanalisisperiodistico.com\/index.php\/wp-json\/wp\/v2\/posts"}],"about":[{"href":"https:\/\/contextoanalisisperiodistico.com\/index.php\/wp-json\/wp\/v2\/types\/post"}],"author":[{"embeddable":true,"href":"https:\/\/contextoanalisisperiodistico.com\/index.php\/wp-json\/wp\/v2\/users\/4"}],"replies":[{"embeddable":true,"href":"https:\/\/contextoanalisisperiodistico.com\/index.php\/wp-json\/wp\/v2\/comments?post=13192"}],"version-history":[{"count":1,"href":"https:\/\/contextoanalisisperiodistico.com\/index.php\/wp-json\/wp\/v2\/posts\/13192\/revisions"}],"predecessor-version":[{"id":13194,"href":"https:\/\/contextoanalisisperiodistico.com\/index.php\/wp-json\/wp\/v2\/posts\/13192\/revisions\/13194"}],"wp:featuredmedia":[{"embeddable":true,"href":"https:\/\/contextoanalisisperiodistico.com\/index.php\/wp-json\/wp\/v2\/media\/13193"}],"wp:attachment":[{"href":"https:\/\/contextoanalisisperiodistico.com\/index.php\/wp-json\/wp\/v2\/media?parent=13192"}],"wp:term":[{"taxonomy":"category","embeddable":true,"href":"https:\/\/contextoanalisisperiodistico.com\/index.php\/wp-json\/wp\/v2\/categories?post=13192"},{"taxonomy":"post_tag","embeddable":true,"href":"https:\/\/contextoanalisisperiodistico.com\/index.php\/wp-json\/wp\/v2\/tags?post=13192"}],"curies":[{"name":"wp","href":"https:\/\/api.w.org\/{rel}","templated":true}]}}