{"id":13148,"date":"2023-05-11T08:55:35","date_gmt":"2023-05-11T14:55:35","guid":{"rendered":"https:\/\/contextoanalisisperiodistico.com\/?p=13148"},"modified":"2023-05-11T08:59:19","modified_gmt":"2023-05-11T14:59:19","slug":"gobierno-de-oaxaca-de-juarez-emite-recomendaciones-para-prevenir-incendios-en-la-ciudad","status":"publish","type":"post","link":"https:\/\/contextoanalisisperiodistico.com\/index.php\/2023\/05\/11\/gobierno-de-oaxaca-de-juarez-emite-recomendaciones-para-prevenir-incendios-en-la-ciudad\/","title":{"rendered":"Gobierno de Oaxaca de Ju\u00e1rez, emite recomendaciones para prevenir incendios en la ciudad"},"content":{"rendered":"<div id=\"fb-root\"><\/div>\n\n<p>\u2022 Esta campa\u00f1a busca fomentar la cultura de la prevenci\u00f3n y crear conciencia sobre la importancia de tomar medidas para evitar incendios forestales.<\/p>\n\n\n\n<p>Oaxaca de Ju\u00e1rez, Oax., a 10 de mayo de 2023.- Con la temporada de calor en pleno apogeo, los riesgos de incendios forestales son cada vez m\u00e1s altos en la ciudad. Con el objetivo de prevenir estos siniestros, la Regidur\u00eda de Protecci\u00f3n Civil y de Zona Metropolitana del municipio de Oaxaca de Ju\u00e1rez ha emitido una campa\u00f1a de concientizaci\u00f3n para informar a la poblaci\u00f3n sobre las medidas preventivas que deben adoptarse.<\/p>\n\n\n\n<p>El regidor de Protecci\u00f3n Civil y de Zona Metropolitana, Juan Rafael Rosas Herrera, ha hecho un llamado a la poblaci\u00f3n para tomar precauciones al momento de visitar espacios abiertos o vivir cerca de zonas boscosas. Se recomienda utilizar los n\u00fameros de emergencia para reportar cualquier tipo de incidente, por peque\u00f1o que sea, ya que en las condiciones clim\u00e1ticas actuales, un peque\u00f1o fuego puede convertirse r\u00e1pidamente en un gran incendio que afecte a grandes \u00e1reas.<\/p>\n\n\n\n<p>Entre las medidas preventivas recomendadas para prevenir incendios forestales, se encuentran evitar arrojar colillas de cigarros o encendedores en zonas boscosas o pastizales, no hacer fogatas en \u00e1reas prohibidas, no dejar basura en estos lugares, y no encender fuegos artificiales cerca de la vegetaci\u00f3n.<\/p>\n\n\n\n<p>Adem\u00e1s, se insta a los propietarios de terrenos cercanos a zonas boscosas a realizar labores de limpieza y mantenimiento en sus terrenos, ya que la maleza y los escombros pueden ser combustibles en caso de incendio.<\/p>\n\n\n\n<p>La campa\u00f1a de concientizaci\u00f3n busca fomentar la cultura de la prevenci\u00f3n y crear conciencia sobre la importancia de tomar medidas preventivas para evitar incendios forestales. El municipio de Oaxaca de Ju\u00e1rez invita a la poblaci\u00f3n a tomar conciencia de la importancia de prevenir los incendios forestales invit\u00e1ndolos a tomar todas las precauciones necesarias al momento de acudir a ranchos o espacios abiertos en esta temporada de verano.<\/p>\n\n\n\n<p>Es importante recordar que prevenir los incendios forestales no solo protege la naturaleza y los recursos naturales, sino que tambi\u00e9n protege las viviendas y propiedades de las y los ciudadanos, as\u00ed como su seguridad y la de su comunidad.<\/p>\n\n\n\n<figure class=\"wp-block-image size-large\"><img fetchpriority=\"high\" decoding=\"async\" width=\"1024\" height=\"682\" src=\"https:\/\/contextoanalisisperiodistico.com\/wp-content\/uploads\/2023\/05\/img-20230511-wa00055450913863348450489.jpg\" alt=\"\" class=\"wp-image-13150\" srcset=\"https:\/\/contextoanalisisperiodistico.com\/wp-content\/uploads\/2023\/05\/img-20230511-wa00055450913863348450489.jpg 1024w, https:\/\/contextoanalisisperiodistico.com\/wp-content\/uploads\/2023\/05\/img-20230511-wa00055450913863348450489-300x200.jpg 300w, https:\/\/contextoanalisisperiodistico.com\/wp-content\/uploads\/2023\/05\/img-20230511-wa00055450913863348450489-768x512.jpg 768w\" sizes=\"(max-width: 1024px) 100vw, 1024px\" \/><\/figure>\n\n\n\n<figure class=\"wp-block-image size-large\"><img decoding=\"async\" width=\"811\" height=\"1024\" src=\"https:\/\/contextoanalisisperiodistico.com\/wp-content\/uploads\/2023\/05\/img-20230511-wa00062101761618974051384-811x1024.jpg\" alt=\"\" class=\"wp-image-13152\" srcset=\"https:\/\/contextoanalisisperiodistico.com\/wp-content\/uploads\/2023\/05\/img-20230511-wa00062101761618974051384-811x1024.jpg 811w, https:\/\/contextoanalisisperiodistico.com\/wp-content\/uploads\/2023\/05\/img-20230511-wa00062101761618974051384-238x300.jpg 238w, https:\/\/contextoanalisisperiodistico.com\/wp-content\/uploads\/2023\/05\/img-20230511-wa00062101761618974051384-768x970.jpg 768w, https:\/\/contextoanalisisperiodistico.com\/wp-content\/uploads\/2023\/05\/img-20230511-wa00062101761618974051384-1216x1536.jpg 1216w, https:\/\/contextoanalisisperiodistico.com\/wp-content\/uploads\/2023\/05\/img-20230511-wa00062101761618974051384-1024x1293.jpg 1024w, https:\/\/contextoanalisisperiodistico.com\/wp-content\/uploads\/2023\/05\/img-20230511-wa00062101761618974051384.jpg 1267w\" sizes=\"(max-width: 811px) 100vw, 811px\" \/><\/figure>\n","protected":false},"excerpt":{"rendered":"<p>\u2022 Esta campa\u00f1a busca fomentar la cultura de la prevenci\u00f3n y crear conciencia sobre la&#8230;<\/p>\n","protected":false},"author":4,"featured_media":13149,"comment_status":"closed","ping_status":"open","sticky":false,"template":"","format":"standard","meta":{"footnotes":""},"categories":[9],"tags":[],"jetpack_sharing_enabled":true,"featured_image_urls":{"full":["https:\/\/contextoanalisisperiodistico.com\/wp-content\/uploads\/2023\/05\/IMG-20230511-WA0007.jpg",1024,589,false],"thumbnail":["https:\/\/contextoanalisisperiodistico.com\/wp-content\/uploads\/2023\/05\/IMG-20230511-WA0007-150x150.jpg",150,150,true],"medium":["https:\/\/contextoanalisisperiodistico.com\/wp-content\/uploads\/2023\/05\/IMG-20230511-WA0007-300x173.jpg",300,173,true],"medium_large":["https:\/\/contextoanalisisperiodistico.com\/wp-content\/uploads\/2023\/05\/IMG-20230511-WA0007-768x442.jpg",640,368,true],"large":["https:\/\/contextoanalisisperiodistico.com\/wp-content\/uploads\/2023\/05\/IMG-20230511-WA0007.jpg",640,368,false],"1536x1536":["https:\/\/contextoanalisisperiodistico.com\/wp-content\/uploads\/2023\/05\/IMG-20230511-WA0007.jpg",1024,589,false],"2048x2048":["https:\/\/contextoanalisisperiodistico.com\/wp-content\/uploads\/2023\/05\/IMG-20230511-WA0007.jpg",1024,589,false],"covernews-slider-full":["https:\/\/contextoanalisisperiodistico.com\/wp-content\/uploads\/2023\/05\/IMG-20230511-WA0007.jpg",1024,589,false],"covernews-slider-center":["https:\/\/contextoanalisisperiodistico.com\/wp-content\/uploads\/2023\/05\/IMG-20230511-WA0007-800x500.jpg",800,500,true],"covernews-featured":["https:\/\/contextoanalisisperiodistico.com\/wp-content\/uploads\/2023\/05\/IMG-20230511-WA0007.jpg",1024,589,false],"covernews-medium":["https:\/\/contextoanalisisperiodistico.com\/wp-content\/uploads\/2023\/05\/IMG-20230511-WA0007-540x340.jpg",540,340,true],"covernews-medium-square":["https:\/\/contextoanalisisperiodistico.com\/wp-content\/uploads\/2023\/05\/IMG-20230511-WA0007-400x250.jpg",400,250,true]},"author_info":{"display_name":"Mario Gir\u00f3n","author_link":"https:\/\/contextoanalisisperiodistico.com\/index.php\/author\/director\/"},"category_info":"<a href=\"https:\/\/contextoanalisisperiodistico.com\/index.php\/category\/politica\/\" rel=\"category tag\">Pol\u00edtica<\/a>","tag_info":"Pol\u00edtica","comment_count":"0","jetpack_featured_media_url":"https:\/\/contextoanalisisperiodistico.com\/wp-content\/uploads\/2023\/05\/IMG-20230511-WA0007.jpg","_links":{"self":[{"href":"https:\/\/contextoanalisisperiodistico.com\/index.php\/wp-json\/wp\/v2\/posts\/13148"}],"collection":[{"href":"https:\/\/contextoanalisisperiodistico.com\/index.php\/wp-json\/wp\/v2\/posts"}],"about":[{"href":"https:\/\/contextoanalisisperiodistico.com\/index.php\/wp-json\/wp\/v2\/types\/post"}],"author":[{"embeddable":true,"href":"https:\/\/contextoanalisisperiodistico.com\/index.php\/wp-json\/wp\/v2\/users\/4"}],"replies":[{"embeddable":true,"href":"https:\/\/contextoanalisisperiodistico.com\/index.php\/wp-json\/wp\/v2\/comments?post=13148"}],"version-history":[{"count":2,"href":"https:\/\/contextoanalisisperiodistico.com\/index.php\/wp-json\/wp\/v2\/posts\/13148\/revisions"}],"predecessor-version":[{"id":13153,"href":"https:\/\/contextoanalisisperiodistico.com\/index.php\/wp-json\/wp\/v2\/posts\/13148\/revisions\/13153"}],"wp:featuredmedia":[{"embeddable":true,"href":"https:\/\/contextoanalisisperiodistico.com\/index.php\/wp-json\/wp\/v2\/media\/13149"}],"wp:attachment":[{"href":"https:\/\/contextoanalisisperiodistico.com\/index.php\/wp-json\/wp\/v2\/media?parent=13148"}],"wp:term":[{"taxonomy":"category","embeddable":true,"href":"https:\/\/contextoanalisisperiodistico.com\/index.php\/wp-json\/wp\/v2\/categories?post=13148"},{"taxonomy":"post_tag","embeddable":true,"href":"https:\/\/contextoanalisisperiodistico.com\/index.php\/wp-json\/wp\/v2\/tags?post=13148"}],"curies":[{"name":"wp","href":"https:\/\/api.w.org\/{rel}","templated":true}]}}