{"id":13075,"date":"2023-05-09T15:23:57","date_gmt":"2023-05-09T21:23:57","guid":{"rendered":"https:\/\/contextoanalisisperiodistico.com\/?p=13075"},"modified":"2023-05-09T15:24:30","modified_gmt":"2023-05-09T21:24:30","slug":"impulsa-gobierno-de-oaxaca-inclusion-financiera-de-200-artesanas","status":"publish","type":"post","link":"https:\/\/contextoanalisisperiodistico.com\/index.php\/2023\/05\/09\/impulsa-gobierno-de-oaxaca-inclusion-financiera-de-200-artesanas\/","title":{"rendered":"Impulsa Gobierno de Oaxaca inclusi\u00f3n financiera de 200 artesanas"},"content":{"rendered":"<div id=\"fb-root\"><\/div>\n\n<p>\u2022 El esquema tiene como objetivo mejorar sus condiciones de vida y transformarlas en agentes de cambio de sus comunidades<\/p>\n\n\n\n<p>Santa Luc\u00eda del Camino, Oax. 9 de mayo de 2023.- Para brindar oportunidades de capacitaci\u00f3n y emprendimiento, as\u00ed como aumentar la inclusi\u00f3n financiera de 200 mujeres artesanas, el Gobierno del Estado a trav\u00e9s de la Secretar\u00eda de las Mujeres (SM), y la Secretar\u00eda de Desarrollo Econ\u00f3mico (Sedeco) dieron inicio al programa Comienza tu Negocio.<\/p>\n\n\n\n<p>La titular de la SM Elisa Zepeda Lagunas asegur\u00f3 que en coordinaci\u00f3n con la organizaci\u00f3n Pro Mujer, se otorgaron 200 becas del 100 por ciento para que artesanas de las diferentes regiones del estado participen en esta capacitaci\u00f3n, la cual otorga la oportunidad de mejorar sus condiciones de vida y transformarse en agentes de cambio en sus comunidades.<\/p>\n\n\n\n<p>En el primer m\u00f3dulo de este programa que contempla capacitaci\u00f3n a las mujeres, se comparte informaci\u00f3n necesaria para posicionar productos a trav\u00e9s de las redes sociales.<\/p>\n\n\n\n<p>Las mujeres beneficiadas cuentan con un grupo de mentoras quienes brindan contenci\u00f3n, asesoramiento y acompa\u00f1amiento durante el desarrollo del programa, que tendr\u00e1 una duraci\u00f3n de seis semanas, con sede en el municipio de Santa Luc\u00eda del Camino.<\/p>\n\n\n\n<p>Los temas que se imparten son: autoconocimiento y autocuidado, mejora del costo de sus productos o servicios, mejora de las ventas en l\u00ednea, y c\u00f3mo hacer un plan de ahorro e inventario.<\/p>\n\n\n\n<p>Con esta acci\u00f3n afirmativa, la administraci\u00f3n que encabeza Salom\u00f3n Jara Cruz cumple con el eje transversal de gobierno en materia de Perspectiva de G\u00e9nero, en el que se brindan herramientas para terminar la desigualdad entre mujeres y hombres.<\/p>\n\n\n\n<figure class=\"wp-block-image size-large\"><img fetchpriority=\"high\" decoding=\"async\" width=\"1024\" height=\"682\" src=\"https:\/\/contextoanalisisperiodistico.com\/wp-content\/uploads\/2023\/05\/img-20230509-wa00242725498873145050852-1024x682.jpg\" alt=\"\" class=\"wp-image-13078\" srcset=\"https:\/\/contextoanalisisperiodistico.com\/wp-content\/uploads\/2023\/05\/img-20230509-wa00242725498873145050852-1024x682.jpg 1024w, https:\/\/contextoanalisisperiodistico.com\/wp-content\/uploads\/2023\/05\/img-20230509-wa00242725498873145050852-300x200.jpg 300w, https:\/\/contextoanalisisperiodistico.com\/wp-content\/uploads\/2023\/05\/img-20230509-wa00242725498873145050852-768x512.jpg 768w, https:\/\/contextoanalisisperiodistico.com\/wp-content\/uploads\/2023\/05\/img-20230509-wa00242725498873145050852.jpg 1280w\" sizes=\"(max-width: 1024px) 100vw, 1024px\" \/><\/figure>\n\n\n\n<figure class=\"wp-block-image\"><img decoding=\"async\" width=\"1024\" height=\"682\" src=\"https:\/\/contextoanalisisperiodistico.com\/wp-content\/uploads\/2023\/05\/img-20230509-wa00227716086531519021203-1024x682.jpg\" alt=\"\" class=\"wp-image-13077\" srcset=\"https:\/\/contextoanalisisperiodistico.com\/wp-content\/uploads\/2023\/05\/img-20230509-wa00227716086531519021203-1024x682.jpg 1024w, https:\/\/contextoanalisisperiodistico.com\/wp-content\/uploads\/2023\/05\/img-20230509-wa00227716086531519021203-300x200.jpg 300w, https:\/\/contextoanalisisperiodistico.com\/wp-content\/uploads\/2023\/05\/img-20230509-wa00227716086531519021203-768x512.jpg 768w, https:\/\/contextoanalisisperiodistico.com\/wp-content\/uploads\/2023\/05\/img-20230509-wa00227716086531519021203.jpg 1280w\" sizes=\"(max-width: 1024px) 100vw, 1024px\" \/><\/figure>\n","protected":false},"excerpt":{"rendered":"<p>\u2022 El esquema tiene como objetivo mejorar sus condiciones de vida y transformarlas en agentes&#8230;<\/p>\n","protected":false},"author":4,"featured_media":13076,"comment_status":"closed","ping_status":"open","sticky":false,"template":"","format":"standard","meta":{"footnotes":""},"categories":[9],"tags":[],"jetpack_sharing_enabled":true,"featured_image_urls":{"full":["https:\/\/contextoanalisisperiodistico.com\/wp-content\/uploads\/2023\/05\/IMG-20230509-WA0023.jpg",1280,853,false],"thumbnail":["https:\/\/contextoanalisisperiodistico.com\/wp-content\/uploads\/2023\/05\/IMG-20230509-WA0023-150x150.jpg",150,150,true],"medium":["https:\/\/contextoanalisisperiodistico.com\/wp-content\/uploads\/2023\/05\/IMG-20230509-WA0023-300x200.jpg",300,200,true],"medium_large":["https:\/\/contextoanalisisperiodistico.com\/wp-content\/uploads\/2023\/05\/IMG-20230509-WA0023-768x512.jpg",640,427,true],"large":["https:\/\/contextoanalisisperiodistico.com\/wp-content\/uploads\/2023\/05\/IMG-20230509-WA0023-1024x682.jpg",640,426,true],"1536x1536":["https:\/\/contextoanalisisperiodistico.com\/wp-content\/uploads\/2023\/05\/IMG-20230509-WA0023.jpg",1280,853,false],"2048x2048":["https:\/\/contextoanalisisperiodistico.com\/wp-content\/uploads\/2023\/05\/IMG-20230509-WA0023.jpg",1280,853,false],"covernews-slider-full":["https:\/\/contextoanalisisperiodistico.com\/wp-content\/uploads\/2023\/05\/IMG-20230509-WA0023-1115x715.jpg",1115,715,true],"covernews-slider-center":["https:\/\/contextoanalisisperiodistico.com\/wp-content\/uploads\/2023\/05\/IMG-20230509-WA0023-800x500.jpg",800,500,true],"covernews-featured":["https:\/\/contextoanalisisperiodistico.com\/wp-content\/uploads\/2023\/05\/IMG-20230509-WA0023-1024x682.jpg",1024,682,true],"covernews-medium":["https:\/\/contextoanalisisperiodistico.com\/wp-content\/uploads\/2023\/05\/IMG-20230509-WA0023-540x340.jpg",540,340,true],"covernews-medium-square":["https:\/\/contextoanalisisperiodistico.com\/wp-content\/uploads\/2023\/05\/IMG-20230509-WA0023-400x250.jpg",400,250,true]},"author_info":{"display_name":"Mario Gir\u00f3n","author_link":"https:\/\/contextoanalisisperiodistico.com\/index.php\/author\/director\/"},"category_info":"<a href=\"https:\/\/contextoanalisisperiodistico.com\/index.php\/category\/politica\/\" rel=\"category tag\">Pol\u00edtica<\/a>","tag_info":"Pol\u00edtica","comment_count":"0","jetpack_featured_media_url":"https:\/\/contextoanalisisperiodistico.com\/wp-content\/uploads\/2023\/05\/IMG-20230509-WA0023.jpg","_links":{"self":[{"href":"https:\/\/contextoanalisisperiodistico.com\/index.php\/wp-json\/wp\/v2\/posts\/13075"}],"collection":[{"href":"https:\/\/contextoanalisisperiodistico.com\/index.php\/wp-json\/wp\/v2\/posts"}],"about":[{"href":"https:\/\/contextoanalisisperiodistico.com\/index.php\/wp-json\/wp\/v2\/types\/post"}],"author":[{"embeddable":true,"href":"https:\/\/contextoanalisisperiodistico.com\/index.php\/wp-json\/wp\/v2\/users\/4"}],"replies":[{"embeddable":true,"href":"https:\/\/contextoanalisisperiodistico.com\/index.php\/wp-json\/wp\/v2\/comments?post=13075"}],"version-history":[{"count":1,"href":"https:\/\/contextoanalisisperiodistico.com\/index.php\/wp-json\/wp\/v2\/posts\/13075\/revisions"}],"predecessor-version":[{"id":13079,"href":"https:\/\/contextoanalisisperiodistico.com\/index.php\/wp-json\/wp\/v2\/posts\/13075\/revisions\/13079"}],"wp:featuredmedia":[{"embeddable":true,"href":"https:\/\/contextoanalisisperiodistico.com\/index.php\/wp-json\/wp\/v2\/media\/13076"}],"wp:attachment":[{"href":"https:\/\/contextoanalisisperiodistico.com\/index.php\/wp-json\/wp\/v2\/media?parent=13075"}],"wp:term":[{"taxonomy":"category","embeddable":true,"href":"https:\/\/contextoanalisisperiodistico.com\/index.php\/wp-json\/wp\/v2\/categories?post=13075"},{"taxonomy":"post_tag","embeddable":true,"href":"https:\/\/contextoanalisisperiodistico.com\/index.php\/wp-json\/wp\/v2\/tags?post=13075"}],"curies":[{"name":"wp","href":"https:\/\/api.w.org\/{rel}","templated":true}]}}