{"id":13046,"date":"2023-05-08T15:47:57","date_gmt":"2023-05-08T21:47:57","guid":{"rendered":"https:\/\/contextoanalisisperiodistico.com\/?p=13046"},"modified":"2023-05-08T15:48:05","modified_gmt":"2023-05-08T21:48:05","slug":"cancer-de-ovario-representa-5-3-de-neoplasias-ginecologicas-sso","status":"publish","type":"post","link":"https:\/\/contextoanalisisperiodistico.com\/index.php\/2023\/05\/08\/cancer-de-ovario-representa-5-3-de-neoplasias-ginecologicas-sso\/","title":{"rendered":"C\u00e1ncer de ovario representa 5.3% de neoplasias ginecol\u00f3gicas: SSO"},"content":{"rendered":"<div id=\"fb-root\"><\/div>\n\n<p>\u2022 La mayor incidencia se registra en mujeres mayores de 50 a\u00f1os<\/p>\n\n\n\n<p><br>\u2022 Del 2018 al 2022 se reportaron 339 defunciones a causa de esta patolog\u00eda<\/p>\n\n\n\n<p>Oaxaca de Ju\u00e1rez, Oax. 8 de mayo de 2023.- En el marco del D\u00eda Mundial del C\u00e1ncer de Ovario, que se conmemora este 8 de mayo, los Servicios de Salud de Oaxaca (SSO) hacen un llamado a las mujeres para que acudan de manera rutinaria a realizarse ex\u00e1menes ginecol\u00f3gicos, lo que permitir\u00e1 establecer un diagn\u00f3stico precoz, as\u00ed como un tratamiento adecuado y oportuno en caso de padecer la enfermedad.<\/p>\n\n\n\n<p>La dependencia se\u00f1al\u00f3 que en M\u00e9xico este tipo de carcinoma representa el 5.3 por ciento de los diagn\u00f3sticos de c\u00e1ncer en todos los grupos de edad, y el 21 por ciento de los ginecol\u00f3gicos. Respecto a la entidad, en el periodo del 2018 al 2022, los SSO registraron 283 casos nuevos y 339 muertes por esta patolog\u00eda.<\/p>\n\n\n\n<p>Explic\u00f3 que este padecimiento es un tumor maligno que se origina cuando las c\u00e9lulas del ovario comienzan a crecer en forma descontrolada, se desarrolla en uno o ambos ovarios y suele presentarse con mayor incidencia en mujeres de 50 a\u00f1os y m\u00e1s.<\/p>\n\n\n\n<p>Esta neoplasia no puede evitarse, ya que es multifactorial; sin embargo, existen factores que aumentan el riesgo de desarrollarla como: inicio de la menstruaci\u00f3n antes de los 12 a\u00f1os, mayor n\u00famero de ciclos menstruales en la vida de la mujer, no haber tenido hijos, el riesgo aumenta con la edad principalmente despu\u00e9s de la menopausia, el tabaquismo y alcoholismo, y terapia de reemplazo hormonal.<\/p>\n\n\n\n<p>As\u00ed como tener un familiar cercano (madre, hermana o hija) que ha padecido o padece c\u00e1ncer de ovario, mama o colon, la obesidad y el sedentarismo.<\/p>\n\n\n\n<p>Los s\u00edntomas de esta neoplasia pueden ser inespec\u00edficos y suelen confundirse con otras enfermedades, de ah\u00ed el diagn\u00f3stico puede ser tard\u00edo.<\/p>\n\n\n\n<p>Recalc\u00f3 que algunas mujeres pueden presentar sangrados vaginales anormales, ya sea durante la menstruaci\u00f3n o despu\u00e9s de la menopausia; sensaci\u00f3n o necesidad de orinar con frecuencia; dolor en abdomen bajo, distensi\u00f3n abdominal, sensaci\u00f3n de llenarse r\u00e1pido al comer, estre\u00f1imiento o diarrea.<\/p>\n\n\n\n<p>Por su magnitud, transcendencia y vulnerabilidad, el c\u00e1ncer de ovario constituye un importante problema de salud p\u00fablica, debido al incremento en la tasa de mortalidad y por generar elevados costos para las mujeres y sus familias, por ello es importante conocer las generalidades de esta enfermedad y realizarse revisiones m\u00e9dicas de manera preventiva.<\/p>\n\n\n\n<figure class=\"wp-block-image size-large\"><img fetchpriority=\"high\" decoding=\"async\" width=\"1024\" height=\"576\" src=\"https:\/\/contextoanalisisperiodistico.com\/wp-content\/uploads\/2023\/05\/img-20230508-wa00528615625173884781660.jpg\" alt=\"\" class=\"wp-image-13048\" srcset=\"https:\/\/contextoanalisisperiodistico.com\/wp-content\/uploads\/2023\/05\/img-20230508-wa00528615625173884781660.jpg 1024w, https:\/\/contextoanalisisperiodistico.com\/wp-content\/uploads\/2023\/05\/img-20230508-wa00528615625173884781660-300x169.jpg 300w, https:\/\/contextoanalisisperiodistico.com\/wp-content\/uploads\/2023\/05\/img-20230508-wa00528615625173884781660-768x432.jpg 768w\" sizes=\"(max-width: 1024px) 100vw, 1024px\" \/><\/figure>\n","protected":false},"excerpt":{"rendered":"<p>\u2022 La mayor incidencia se registra en mujeres mayores de 50 a\u00f1os \u2022 Del 2018&#8230;<\/p>\n","protected":false},"author":4,"featured_media":13047,"comment_status":"closed","ping_status":"open","sticky":false,"template":"","format":"standard","meta":{"footnotes":""},"categories":[92],"tags":[],"jetpack_sharing_enabled":true,"featured_image_urls":{"full":["https:\/\/contextoanalisisperiodistico.com\/wp-content\/uploads\/2023\/05\/IMG-20230508-WA0053.jpg",1600,1066,false],"thumbnail":["https:\/\/contextoanalisisperiodistico.com\/wp-content\/uploads\/2023\/05\/IMG-20230508-WA0053-150x150.jpg",150,150,true],"medium":["https:\/\/contextoanalisisperiodistico.com\/wp-content\/uploads\/2023\/05\/IMG-20230508-WA0053-300x200.jpg",300,200,true],"medium_large":["https:\/\/contextoanalisisperiodistico.com\/wp-content\/uploads\/2023\/05\/IMG-20230508-WA0053-768x512.jpg",640,427,true],"large":["https:\/\/contextoanalisisperiodistico.com\/wp-content\/uploads\/2023\/05\/IMG-20230508-WA0053-1024x682.jpg",640,426,true],"1536x1536":["https:\/\/contextoanalisisperiodistico.com\/wp-content\/uploads\/2023\/05\/IMG-20230508-WA0053-1536x1023.jpg",1536,1023,true],"2048x2048":["https:\/\/contextoanalisisperiodistico.com\/wp-content\/uploads\/2023\/05\/IMG-20230508-WA0053.jpg",1600,1066,false],"covernews-slider-full":["https:\/\/contextoanalisisperiodistico.com\/wp-content\/uploads\/2023\/05\/IMG-20230508-WA0053-1115x715.jpg",1115,715,true],"covernews-slider-center":["https:\/\/contextoanalisisperiodistico.com\/wp-content\/uploads\/2023\/05\/IMG-20230508-WA0053-800x500.jpg",800,500,true],"covernews-featured":["https:\/\/contextoanalisisperiodistico.com\/wp-content\/uploads\/2023\/05\/IMG-20230508-WA0053-1024x682.jpg",1024,682,true],"covernews-medium":["https:\/\/contextoanalisisperiodistico.com\/wp-content\/uploads\/2023\/05\/IMG-20230508-WA0053-540x340.jpg",540,340,true],"covernews-medium-square":["https:\/\/contextoanalisisperiodistico.com\/wp-content\/uploads\/2023\/05\/IMG-20230508-WA0053-400x250.jpg",400,250,true]},"author_info":{"display_name":"Mario Gir\u00f3n","author_link":"https:\/\/contextoanalisisperiodistico.com\/index.php\/author\/director\/"},"category_info":"<a href=\"https:\/\/contextoanalisisperiodistico.com\/index.php\/category\/salud\/\" rel=\"category tag\">Salud<\/a>","tag_info":"Salud","comment_count":"0","jetpack_featured_media_url":"https:\/\/contextoanalisisperiodistico.com\/wp-content\/uploads\/2023\/05\/IMG-20230508-WA0053.jpg","_links":{"self":[{"href":"https:\/\/contextoanalisisperiodistico.com\/index.php\/wp-json\/wp\/v2\/posts\/13046"}],"collection":[{"href":"https:\/\/contextoanalisisperiodistico.com\/index.php\/wp-json\/wp\/v2\/posts"}],"about":[{"href":"https:\/\/contextoanalisisperiodistico.com\/index.php\/wp-json\/wp\/v2\/types\/post"}],"author":[{"embeddable":true,"href":"https:\/\/contextoanalisisperiodistico.com\/index.php\/wp-json\/wp\/v2\/users\/4"}],"replies":[{"embeddable":true,"href":"https:\/\/contextoanalisisperiodistico.com\/index.php\/wp-json\/wp\/v2\/comments?post=13046"}],"version-history":[{"count":1,"href":"https:\/\/contextoanalisisperiodistico.com\/index.php\/wp-json\/wp\/v2\/posts\/13046\/revisions"}],"predecessor-version":[{"id":13049,"href":"https:\/\/contextoanalisisperiodistico.com\/index.php\/wp-json\/wp\/v2\/posts\/13046\/revisions\/13049"}],"wp:featuredmedia":[{"embeddable":true,"href":"https:\/\/contextoanalisisperiodistico.com\/index.php\/wp-json\/wp\/v2\/media\/13047"}],"wp:attachment":[{"href":"https:\/\/contextoanalisisperiodistico.com\/index.php\/wp-json\/wp\/v2\/media?parent=13046"}],"wp:term":[{"taxonomy":"category","embeddable":true,"href":"https:\/\/contextoanalisisperiodistico.com\/index.php\/wp-json\/wp\/v2\/categories?post=13046"},{"taxonomy":"post_tag","embeddable":true,"href":"https:\/\/contextoanalisisperiodistico.com\/index.php\/wp-json\/wp\/v2\/tags?post=13046"}],"curies":[{"name":"wp","href":"https:\/\/api.w.org\/{rel}","templated":true}]}}