{"id":13034,"date":"2023-05-08T15:34:04","date_gmt":"2023-05-08T21:34:04","guid":{"rendered":"https:\/\/contextoanalisisperiodistico.com\/index.php\/2023\/05\/08\/las-mujeres-trabajadoras-parte-fundamental-de-la-primavera-oaxaquena-reconoce-antonino-morales-toledo\/"},"modified":"2023-05-08T15:34:04","modified_gmt":"2023-05-08T21:34:04","slug":"las-mujeres-trabajadoras-parte-fundamental-de-la-primavera-oaxaquena-reconoce-antonino-morales-toledo","status":"publish","type":"post","link":"https:\/\/contextoanalisisperiodistico.com\/index.php\/2023\/05\/08\/las-mujeres-trabajadoras-parte-fundamental-de-la-primavera-oaxaquena-reconoce-antonino-morales-toledo\/","title":{"rendered":"Las mujeres trabajadoras parte fundamental de la Primavera Oaxaque\u00f1a, reconoce Antonino Morales Toledo"},"content":{"rendered":"<div id=\"fb-root\"><\/div>\n\n<p>*El secretario de Administraci\u00f3n Antonino Morales Toledo, reconoci\u00f3 en cada mujer trabajadora, una servidora p\u00fablica comprometida con la Primavera Oaxaque\u00f1a<\/p>\n\n\n\n<p>En representaci\u00f3n del Gobernador del Estado Salom\u00f3n Jara Cruz, el secretario de Administraci\u00f3n Antonino Morales Toledo, encabez\u00f3 el festejo con motivo del D\u00eda de las Madres dedicado a las trabajadoras pertenecientes al Sindicato de Trabajadores de los Poderes del Estado e Instituciones Descentralizadas de Car\u00e1cter Estatal de Oaxaca, (STPEIDCEO).<\/p>\n\n\n\n<p>Acompa\u00f1ado del magistrado Presidente del Tribunal Superior de Justicia del Estado, Eduardo Pinacho S\u00e1nchez, y el secretario general del STPEIDCEO, Pedro Castillejos Villalobos, el responsable de la pol\u00edtica administrativa estatal, a nombre del gobernador Salom\u00f3n Jara Cruz, felicit\u00f3 a las madres trabajadores, a qui\u00e9nes hizo un amplio reconocimiento por la labor fundamental que realizan en sus diferentes \u00e1reas de trabajo y que son parte fundamental de la Primavera Oaxaque\u00f1a.<\/p>\n\n\n\n<p>Morales Toledo salud\u00f3 a las madres trabajadoras por la labor comprometida que realizan en sus \u00e1reas y dependencias y por ser parte fundamental para el gobierno estatal.<\/p>\n\n\n\n<p>Indic\u00f3 que son las mujeres las m\u00e1s entregadas a su trabajo que siempre es amable, eficiente, diligente, cordial y profesional<br \/>y que es digno de reconocerse.<\/p>\n\n\n\n<p>El secretario de Administraci\u00f3n, reconoci\u00f3 en cada una de las madres trabajadoras su amor a Oaxaca, su compromiso con la transformaci\u00f3n y su empe\u00f1o por ser eficientes servidoras p\u00fablicas, adem\u00e1s de ser grandes madres de familia que fortalecen con valores y principios el crecimiento de sus hijas e hijos.<\/p>\n\n\n\n<figure class=\"wp-block-image size-large\"><img fetchpriority=\"high\" decoding=\"async\" width=\"1024\" height=\"683\" src=\"https:\/\/contextoanalisisperiodistico.com\/wp-content\/uploads\/2023\/05\/img-20230508-wa00542235398571333466884.jpg\" alt=\"\" class=\"wp-image-13031\" srcset=\"https:\/\/contextoanalisisperiodistico.com\/wp-content\/uploads\/2023\/05\/img-20230508-wa00542235398571333466884.jpg 1024w, https:\/\/contextoanalisisperiodistico.com\/wp-content\/uploads\/2023\/05\/img-20230508-wa00542235398571333466884-300x200.jpg 300w, https:\/\/contextoanalisisperiodistico.com\/wp-content\/uploads\/2023\/05\/img-20230508-wa00542235398571333466884-768x512.jpg 768w\" sizes=\"(max-width: 1024px) 100vw, 1024px\" \/><\/figure>\n\n\n\n<figure class=\"wp-block-image\"><img decoding=\"async\" width=\"300\" height=\"200\" src=\"https:\/\/contextoanalisisperiodistico.com\/wp-content\/uploads\/2023\/05\/img-20230508-wa00552246319805291559058-300x200.jpg\" alt=\"\" class=\"wp-image-13033\" srcset=\"https:\/\/contextoanalisisperiodistico.com\/wp-content\/uploads\/2023\/05\/img-20230508-wa00552246319805291559058-300x200.jpg 300w, https:\/\/contextoanalisisperiodistico.com\/wp-content\/uploads\/2023\/05\/img-20230508-wa00552246319805291559058-768x512.jpg 768w, https:\/\/contextoanalisisperiodistico.com\/wp-content\/uploads\/2023\/05\/img-20230508-wa00552246319805291559058.jpg 1024w\" sizes=\"(max-width: 300px) 100vw, 300px\" \/><\/figure>\n\n\n\n<figure class=\"wp-block-image\"><img decoding=\"async\" width=\"300\" height=\"200\" src=\"https:\/\/contextoanalisisperiodistico.com\/wp-content\/uploads\/2023\/05\/img-20230508-wa00562373293070330463380-300x200.jpg\" alt=\"\" class=\"wp-image-13032\" srcset=\"https:\/\/contextoanalisisperiodistico.com\/wp-content\/uploads\/2023\/05\/img-20230508-wa00562373293070330463380-300x200.jpg 300w, https:\/\/contextoanalisisperiodistico.com\/wp-content\/uploads\/2023\/05\/img-20230508-wa00562373293070330463380-768x512.jpg 768w, https:\/\/contextoanalisisperiodistico.com\/wp-content\/uploads\/2023\/05\/img-20230508-wa00562373293070330463380.jpg 1024w\" sizes=\"(max-width: 300px) 100vw, 300px\" \/><\/figure>\n","protected":false},"excerpt":{"rendered":"<p>*El secretario de Administraci\u00f3n Antonino Morales Toledo, reconoci\u00f3 en cada mujer trabajadora, una servidora p\u00fablica&#8230;<\/p>\n","protected":false},"author":4,"featured_media":13030,"comment_status":"","ping_status":"open","sticky":false,"template":"","format":"standard","meta":{"footnotes":""},"categories":[9],"tags":[],"jetpack_sharing_enabled":true,"featured_image_urls":{"full":["https:\/\/contextoanalisisperiodistico.com\/wp-content\/uploads\/2023\/05\/IMG-20230508-WA0057.jpg",960,640,false],"thumbnail":["https:\/\/contextoanalisisperiodistico.com\/wp-content\/uploads\/2023\/05\/IMG-20230508-WA0057-150x150.jpg",150,150,true],"medium":["https:\/\/contextoanalisisperiodistico.com\/wp-content\/uploads\/2023\/05\/IMG-20230508-WA0057-300x200.jpg",300,200,true],"medium_large":["https:\/\/contextoanalisisperiodistico.com\/wp-content\/uploads\/2023\/05\/IMG-20230508-WA0057-768x512.jpg",640,427,true],"large":["https:\/\/contextoanalisisperiodistico.com\/wp-content\/uploads\/2023\/05\/IMG-20230508-WA0057.jpg",640,427,false],"1536x1536":["https:\/\/contextoanalisisperiodistico.com\/wp-content\/uploads\/2023\/05\/IMG-20230508-WA0057.jpg",960,640,false],"2048x2048":["https:\/\/contextoanalisisperiodistico.com\/wp-content\/uploads\/2023\/05\/IMG-20230508-WA0057.jpg",960,640,false],"covernews-slider-full":["https:\/\/contextoanalisisperiodistico.com\/wp-content\/uploads\/2023\/05\/IMG-20230508-WA0057.jpg",960,640,false],"covernews-slider-center":["https:\/\/contextoanalisisperiodistico.com\/wp-content\/uploads\/2023\/05\/IMG-20230508-WA0057-800x500.jpg",800,500,true],"covernews-featured":["https:\/\/contextoanalisisperiodistico.com\/wp-content\/uploads\/2023\/05\/IMG-20230508-WA0057.jpg",960,640,false],"covernews-medium":["https:\/\/contextoanalisisperiodistico.com\/wp-content\/uploads\/2023\/05\/IMG-20230508-WA0057-540x340.jpg",540,340,true],"covernews-medium-square":["https:\/\/contextoanalisisperiodistico.com\/wp-content\/uploads\/2023\/05\/IMG-20230508-WA0057-400x250.jpg",400,250,true]},"author_info":{"display_name":"Mario Gir\u00f3n","author_link":"https:\/\/contextoanalisisperiodistico.com\/index.php\/author\/director\/"},"category_info":"<a href=\"https:\/\/contextoanalisisperiodistico.com\/index.php\/category\/politica\/\" rel=\"category tag\">Pol\u00edtica<\/a>","tag_info":"Pol\u00edtica","comment_count":"0","jetpack_featured_media_url":"https:\/\/contextoanalisisperiodistico.com\/wp-content\/uploads\/2023\/05\/IMG-20230508-WA0057.jpg","_links":{"self":[{"href":"https:\/\/contextoanalisisperiodistico.com\/index.php\/wp-json\/wp\/v2\/posts\/13034"}],"collection":[{"href":"https:\/\/contextoanalisisperiodistico.com\/index.php\/wp-json\/wp\/v2\/posts"}],"about":[{"href":"https:\/\/contextoanalisisperiodistico.com\/index.php\/wp-json\/wp\/v2\/types\/post"}],"author":[{"embeddable":true,"href":"https:\/\/contextoanalisisperiodistico.com\/index.php\/wp-json\/wp\/v2\/users\/4"}],"replies":[{"embeddable":true,"href":"https:\/\/contextoanalisisperiodistico.com\/index.php\/wp-json\/wp\/v2\/comments?post=13034"}],"version-history":[{"count":0,"href":"https:\/\/contextoanalisisperiodistico.com\/index.php\/wp-json\/wp\/v2\/posts\/13034\/revisions"}],"wp:featuredmedia":[{"embeddable":true,"href":"https:\/\/contextoanalisisperiodistico.com\/index.php\/wp-json\/wp\/v2\/media\/13030"}],"wp:attachment":[{"href":"https:\/\/contextoanalisisperiodistico.com\/index.php\/wp-json\/wp\/v2\/media?parent=13034"}],"wp:term":[{"taxonomy":"category","embeddable":true,"href":"https:\/\/contextoanalisisperiodistico.com\/index.php\/wp-json\/wp\/v2\/categories?post=13034"},{"taxonomy":"post_tag","embeddable":true,"href":"https:\/\/contextoanalisisperiodistico.com\/index.php\/wp-json\/wp\/v2\/tags?post=13034"}],"curies":[{"name":"wp","href":"https:\/\/api.w.org\/{rel}","templated":true}]}}