{"id":13003,"date":"2023-05-07T20:47:39","date_gmt":"2023-05-08T02:47:39","guid":{"rendered":"https:\/\/contextoanalisisperiodistico.com\/?p=13003"},"modified":"2023-05-07T20:47:46","modified_gmt":"2023-05-08T02:47:46","slug":"con-esta-accion-educadora-damos-ejemplo-de-compromiso-martinez-neri","status":"publish","type":"post","link":"https:\/\/contextoanalisisperiodistico.com\/index.php\/2023\/05\/07\/con-esta-accion-educadora-damos-ejemplo-de-compromiso-martinez-neri\/","title":{"rendered":"Con esta acci\u00f3n educadora damos ejemplo de compromiso: Mart\u00ednez Neri"},"content":{"rendered":"<div id=\"fb-root\"><\/div>\n\n<ul>\n<li>Se contin\u00faa supervisando obras y fortaleciendo el trabajo comunitario.<\/li>\n<\/ul>\n\n\n\n<p>\u2022 El compromiso de Mart\u00ednez Neri con la comunidad qued\u00f3 reafirmado en cada uno de los encuentros y visitas realizadas.<\/p>\n\n\n\n<p>Oaxaca de Ju\u00e1rez, Oax., a 07 de mayo de 2023. Francisco Mart\u00ednez Neri, el presidente municipal de Oaxaca de Ju\u00e1rez, contin\u00faa recorriendo diversas agencias municipales para constatar las obras realizadas en beneficio de la comunidad.<\/p>\n\n\n\n<p>Su primera visita la realiz\u00f3 hoy en la colonia El Manantial, de la agencia municipal de Pueblo Nuevo, y en la cual se reuni\u00f3 con las y los habitantes que fueron beneficiados con la obra de pavimentaci\u00f3n con concreto hidr\u00e1ulico en la calle Lago de Chapultepec.<\/p>\n\n\n\n<p>Posteriormente se dirigi\u00f3 a la agencia de Santa Rosa Panzacola para supervisar las obras de pavimentaci\u00f3n con concreto hidr\u00e1ulico en la calle Primero de Mayo, de la colonia Lomas de San Jacinto, Sector 6, adem\u00e1s de inaugurar la primera etapa de la rehabilitaci\u00f3n de la galera del COMVIVE del Sector 2. Esta \u00faltima realizada a trav\u00e9s del Banco de Materiales, con lo cual se fomenta la participaci\u00f3n social en la realizaci\u00f3n de las obras.<\/p>\n\n\n\n<p>Finalmente, acudi\u00f3 a la colonia Aurora, en la cabecera municipal, en donde inaugur\u00f3 la obra de pavimentaci\u00f3n con concreto hidr\u00e1ulico, tambi\u00e9n realizada a trav\u00e9s del Banco de Materiales.<\/p>\n\n\n\n<p>El edil capitalino elogi\u00f3 el trabajo en equipo se\u00f1alando que \u00abese es un valor educativo muy importante que debemos preservar; adem\u00e1s, termin\u00f3 diciendo, estas acciones son educadoras porque permiten comprender la importancia del trabajo comunitario para el beneficio colectivo.<\/p>\n\n\n\n<figure class=\"wp-block-image size-large\"><img fetchpriority=\"high\" decoding=\"async\" width=\"1024\" height=\"683\" src=\"https:\/\/contextoanalisisperiodistico.com\/wp-content\/uploads\/2023\/05\/img-20230507-wa00638270681489183465526-1024x683.jpg\" alt=\"\" class=\"wp-image-13007\" srcset=\"https:\/\/contextoanalisisperiodistico.com\/wp-content\/uploads\/2023\/05\/img-20230507-wa00638270681489183465526-1024x683.jpg 1024w, https:\/\/contextoanalisisperiodistico.com\/wp-content\/uploads\/2023\/05\/img-20230507-wa00638270681489183465526-300x200.jpg 300w, https:\/\/contextoanalisisperiodistico.com\/wp-content\/uploads\/2023\/05\/img-20230507-wa00638270681489183465526-768x512.jpg 768w, https:\/\/contextoanalisisperiodistico.com\/wp-content\/uploads\/2023\/05\/img-20230507-wa00638270681489183465526-1536x1024.jpg 1536w, https:\/\/contextoanalisisperiodistico.com\/wp-content\/uploads\/2023\/05\/img-20230507-wa00638270681489183465526.jpg 1600w\" sizes=\"(max-width: 1024px) 100vw, 1024px\" \/><\/figure>\n\n\n\n<figure class=\"wp-block-image\"><img decoding=\"async\" width=\"1024\" height=\"683\" src=\"https:\/\/contextoanalisisperiodistico.com\/wp-content\/uploads\/2023\/05\/img-20230507-wa00613993530741499314218-1024x683.jpg\" alt=\"\" class=\"wp-image-13005\" srcset=\"https:\/\/contextoanalisisperiodistico.com\/wp-content\/uploads\/2023\/05\/img-20230507-wa00613993530741499314218-1024x683.jpg 1024w, https:\/\/contextoanalisisperiodistico.com\/wp-content\/uploads\/2023\/05\/img-20230507-wa00613993530741499314218-300x200.jpg 300w, https:\/\/contextoanalisisperiodistico.com\/wp-content\/uploads\/2023\/05\/img-20230507-wa00613993530741499314218-768x512.jpg 768w, https:\/\/contextoanalisisperiodistico.com\/wp-content\/uploads\/2023\/05\/img-20230507-wa00613993530741499314218-1536x1024.jpg 1536w, https:\/\/contextoanalisisperiodistico.com\/wp-content\/uploads\/2023\/05\/img-20230507-wa00613993530741499314218.jpg 1600w\" sizes=\"(max-width: 1024px) 100vw, 1024px\" \/><\/figure>\n\n\n\n<figure class=\"wp-block-image\"><img decoding=\"async\" width=\"1024\" height=\"683\" src=\"https:\/\/contextoanalisisperiodistico.com\/wp-content\/uploads\/2023\/05\/img-20230507-wa00603037670453296338518-1024x683.jpg\" alt=\"\" class=\"wp-image-13006\" srcset=\"https:\/\/contextoanalisisperiodistico.com\/wp-content\/uploads\/2023\/05\/img-20230507-wa00603037670453296338518-1024x683.jpg 1024w, https:\/\/contextoanalisisperiodistico.com\/wp-content\/uploads\/2023\/05\/img-20230507-wa00603037670453296338518-300x200.jpg 300w, https:\/\/contextoanalisisperiodistico.com\/wp-content\/uploads\/2023\/05\/img-20230507-wa00603037670453296338518-768x512.jpg 768w, https:\/\/contextoanalisisperiodistico.com\/wp-content\/uploads\/2023\/05\/img-20230507-wa00603037670453296338518-1536x1024.jpg 1536w, https:\/\/contextoanalisisperiodistico.com\/wp-content\/uploads\/2023\/05\/img-20230507-wa00603037670453296338518.jpg 1600w\" sizes=\"(max-width: 1024px) 100vw, 1024px\" \/><\/figure>\n","protected":false},"excerpt":{"rendered":"<p>\u2022 El compromiso de Mart\u00ednez Neri con la comunidad qued\u00f3 reafirmado en cada uno de&#8230;<\/p>\n","protected":false},"author":4,"featured_media":13004,"comment_status":"closed","ping_status":"open","sticky":false,"template":"","format":"standard","meta":{"footnotes":""},"categories":[9],"tags":[],"jetpack_sharing_enabled":true,"featured_image_urls":{"full":["https:\/\/contextoanalisisperiodistico.com\/wp-content\/uploads\/2023\/05\/IMG-20230507-WA0062.jpg",1600,1067,false],"thumbnail":["https:\/\/contextoanalisisperiodistico.com\/wp-content\/uploads\/2023\/05\/IMG-20230507-WA0062-150x150.jpg",150,150,true],"medium":["https:\/\/contextoanalisisperiodistico.com\/wp-content\/uploads\/2023\/05\/IMG-20230507-WA0062-300x200.jpg",300,200,true],"medium_large":["https:\/\/contextoanalisisperiodistico.com\/wp-content\/uploads\/2023\/05\/IMG-20230507-WA0062-768x512.jpg",640,427,true],"large":["https:\/\/contextoanalisisperiodistico.com\/wp-content\/uploads\/2023\/05\/IMG-20230507-WA0062-1024x683.jpg",640,427,true],"1536x1536":["https:\/\/contextoanalisisperiodistico.com\/wp-content\/uploads\/2023\/05\/IMG-20230507-WA0062-1536x1024.jpg",1536,1024,true],"2048x2048":["https:\/\/contextoanalisisperiodistico.com\/wp-content\/uploads\/2023\/05\/IMG-20230507-WA0062.jpg",1600,1067,false],"covernews-slider-full":["https:\/\/contextoanalisisperiodistico.com\/wp-content\/uploads\/2023\/05\/IMG-20230507-WA0062-1115x715.jpg",1115,715,true],"covernews-slider-center":["https:\/\/contextoanalisisperiodistico.com\/wp-content\/uploads\/2023\/05\/IMG-20230507-WA0062-800x500.jpg",800,500,true],"covernews-featured":["https:\/\/contextoanalisisperiodistico.com\/wp-content\/uploads\/2023\/05\/IMG-20230507-WA0062-1024x683.jpg",1024,683,true],"covernews-medium":["https:\/\/contextoanalisisperiodistico.com\/wp-content\/uploads\/2023\/05\/IMG-20230507-WA0062-540x340.jpg",540,340,true],"covernews-medium-square":["https:\/\/contextoanalisisperiodistico.com\/wp-content\/uploads\/2023\/05\/IMG-20230507-WA0062-400x250.jpg",400,250,true]},"author_info":{"display_name":"Mario Gir\u00f3n","author_link":"https:\/\/contextoanalisisperiodistico.com\/index.php\/author\/director\/"},"category_info":"<a href=\"https:\/\/contextoanalisisperiodistico.com\/index.php\/category\/politica\/\" rel=\"category tag\">Pol\u00edtica<\/a>","tag_info":"Pol\u00edtica","comment_count":"0","jetpack_featured_media_url":"https:\/\/contextoanalisisperiodistico.com\/wp-content\/uploads\/2023\/05\/IMG-20230507-WA0062.jpg","_links":{"self":[{"href":"https:\/\/contextoanalisisperiodistico.com\/index.php\/wp-json\/wp\/v2\/posts\/13003"}],"collection":[{"href":"https:\/\/contextoanalisisperiodistico.com\/index.php\/wp-json\/wp\/v2\/posts"}],"about":[{"href":"https:\/\/contextoanalisisperiodistico.com\/index.php\/wp-json\/wp\/v2\/types\/post"}],"author":[{"embeddable":true,"href":"https:\/\/contextoanalisisperiodistico.com\/index.php\/wp-json\/wp\/v2\/users\/4"}],"replies":[{"embeddable":true,"href":"https:\/\/contextoanalisisperiodistico.com\/index.php\/wp-json\/wp\/v2\/comments?post=13003"}],"version-history":[{"count":1,"href":"https:\/\/contextoanalisisperiodistico.com\/index.php\/wp-json\/wp\/v2\/posts\/13003\/revisions"}],"predecessor-version":[{"id":13008,"href":"https:\/\/contextoanalisisperiodistico.com\/index.php\/wp-json\/wp\/v2\/posts\/13003\/revisions\/13008"}],"wp:featuredmedia":[{"embeddable":true,"href":"https:\/\/contextoanalisisperiodistico.com\/index.php\/wp-json\/wp\/v2\/media\/13004"}],"wp:attachment":[{"href":"https:\/\/contextoanalisisperiodistico.com\/index.php\/wp-json\/wp\/v2\/media?parent=13003"}],"wp:term":[{"taxonomy":"category","embeddable":true,"href":"https:\/\/contextoanalisisperiodistico.com\/index.php\/wp-json\/wp\/v2\/categories?post=13003"},{"taxonomy":"post_tag","embeddable":true,"href":"https:\/\/contextoanalisisperiodistico.com\/index.php\/wp-json\/wp\/v2\/tags?post=13003"}],"curies":[{"name":"wp","href":"https:\/\/api.w.org\/{rel}","templated":true}]}}