{"id":13002,"date":"2023-05-07T19:21:36","date_gmt":"2023-05-08T01:21:36","guid":{"rendered":"https:\/\/contextoanalisisperiodistico.com\/index.php\/2023\/05\/07\/los-que-menos-tienen-solucionan-problemas-en-la-vista-patrocinio-de-fundacion-nino-a-c\/"},"modified":"2023-05-07T19:21:36","modified_gmt":"2023-05-08T01:21:36","slug":"los-que-menos-tienen-solucionan-problemas-en-la-vista-patrocinio-de-fundacion-nino-a-c","status":"publish","type":"post","link":"https:\/\/contextoanalisisperiodistico.com\/index.php\/2023\/05\/07\/los-que-menos-tienen-solucionan-problemas-en-la-vista-patrocinio-de-fundacion-nino-a-c\/","title":{"rendered":"Los que menos tienen solucionan problemas en la vista, patrocinio de fundaci\u00f3n Nino, A.C."},"content":{"rendered":"<div id=\"fb-root\"><\/div>\n\n<p>\u25cf Nueva entrega de lentes gratuitos a familias humildes de San Miguel Tlacotepec<\/p>\n\n\n\n<p>*La Fundaci\u00f3n Nino, tiene como objetivo apoyar a los que menos tienen, mejorando su calidad de vida, a trav\u00e9s de una mejor visi\u00f3n \u00f3ptica<\/p>\n\n\n\n<p>Para apoyar en la econom\u00eda familiar, la Fundaci\u00f3n Nino, hizo entrega de lentes gratuitos, a habitantes de San Miguel Tlacotepec de la Mixteca baja del estado<\/p>\n\n\n\n<p>En un acto que se llev\u00f3 a cabo en las canchas municipales, representantes de la Fundaci\u00f3n Nino, agradecieron la confianza de las familias por acudir al llamado de los m\u00e9dicos especialistas para la realizaci\u00f3n de los ex\u00e1menes oftalmol\u00f3gicos.<\/p>\n\n\n\n<p>Y es que en una primera etapa, la Fundaci\u00f3n Nino entreg\u00f3 fichas a qui\u00e9nes solicitaron los lentes, para despu\u00e9s los m\u00e9dicos oftalm\u00f3logos realizar los ex\u00e1menes de la vista y por \u00faltimo entregar los lentes a cada persona que as\u00ed lo solicit\u00f3.<\/p>\n\n\n\n<p>Las y los beneficiados, agradecieron a la Fundaci\u00f3n Nino, el apoyo brindado a todas las familias de San Miguel Tlacotepec, ya que adem\u00e1s de apoyarlos en la econom\u00eda familiar, el impacto es mayor en mejorar la calidad de vida.<\/p>\n\n\n\n<figure class=\"wp-block-image size-large\"><img fetchpriority=\"high\" decoding=\"async\" width=\"768\" height=\"1024\" src=\"https:\/\/contextoanalisisperiodistico.com\/wp-content\/uploads\/2023\/05\/img-20230507-wa00524463653583777132305.jpg\" alt=\"\" class=\"wp-image-13000\" srcset=\"https:\/\/contextoanalisisperiodistico.com\/wp-content\/uploads\/2023\/05\/img-20230507-wa00524463653583777132305.jpg 768w, https:\/\/contextoanalisisperiodistico.com\/wp-content\/uploads\/2023\/05\/img-20230507-wa00524463653583777132305-225x300.jpg 225w\" sizes=\"(max-width: 768px) 100vw, 768px\" \/><\/figure>\n\n\n\n<figure class=\"wp-block-image\"><img decoding=\"async\" width=\"300\" height=\"225\" src=\"https:\/\/contextoanalisisperiodistico.com\/wp-content\/uploads\/2023\/05\/img-20230507-wa00501912615314762809-300x225.jpg\" alt=\"\" class=\"wp-image-13001\" srcset=\"https:\/\/contextoanalisisperiodistico.com\/wp-content\/uploads\/2023\/05\/img-20230507-wa00501912615314762809-300x225.jpg 300w, https:\/\/contextoanalisisperiodistico.com\/wp-content\/uploads\/2023\/05\/img-20230507-wa00501912615314762809-768x576.jpg 768w, https:\/\/contextoanalisisperiodistico.com\/wp-content\/uploads\/2023\/05\/img-20230507-wa00501912615314762809.jpg 1024w\" sizes=\"(max-width: 300px) 100vw, 300px\" \/><\/figure>\n\n\n\n<figure class=\"wp-block-image\"><img decoding=\"async\" width=\"768\" height=\"1024\" src=\"https:\/\/contextoanalisisperiodistico.com\/wp-content\/uploads\/2023\/05\/img-20230507-wa00492278076453325730332-768x1024.jpg\" alt=\"\" class=\"wp-image-12999\" srcset=\"https:\/\/contextoanalisisperiodistico.com\/wp-content\/uploads\/2023\/05\/img-20230507-wa00492278076453325730332-768x1024.jpg 768w, https:\/\/contextoanalisisperiodistico.com\/wp-content\/uploads\/2023\/05\/img-20230507-wa00492278076453325730332-225x300.jpg 225w, https:\/\/contextoanalisisperiodistico.com\/wp-content\/uploads\/2023\/05\/img-20230507-wa00492278076453325730332.jpg 960w\" sizes=\"(max-width: 768px) 100vw, 768px\" \/><\/figure>\n\n\n\n<figure class=\"wp-block-image\"><img loading=\"lazy\" decoding=\"async\" width=\"300\" height=\"152\" src=\"https:\/\/contextoanalisisperiodistico.com\/wp-content\/uploads\/2023\/05\/img-20230507-wa00513508483368490705160-300x152.jpg\" alt=\"\" class=\"wp-image-12998\" srcset=\"https:\/\/contextoanalisisperiodistico.com\/wp-content\/uploads\/2023\/05\/img-20230507-wa00513508483368490705160-300x152.jpg 300w, https:\/\/contextoanalisisperiodistico.com\/wp-content\/uploads\/2023\/05\/img-20230507-wa00513508483368490705160-768x389.jpg 768w, https:\/\/contextoanalisisperiodistico.com\/wp-content\/uploads\/2023\/05\/img-20230507-wa00513508483368490705160.jpg 1024w\" sizes=\"(max-width: 300px) 100vw, 300px\" \/><\/figure>\n","protected":false},"excerpt":{"rendered":"<p>\u25cf Nueva entrega de lentes gratuitos a familias humildes de San Miguel Tlacotepec *La Fundaci\u00f3n&#8230;<\/p>\n","protected":false},"author":4,"featured_media":12997,"comment_status":"","ping_status":"open","sticky":false,"template":"","format":"standard","meta":{"footnotes":""},"categories":[9],"tags":[],"jetpack_sharing_enabled":true,"featured_image_urls":{"full":["https:\/\/contextoanalisisperiodistico.com\/wp-content\/uploads\/2023\/05\/IMG-20230507-WA0049.jpg",960,1280,false],"thumbnail":["https:\/\/contextoanalisisperiodistico.com\/wp-content\/uploads\/2023\/05\/IMG-20230507-WA0049-150x150.jpg",150,150,true],"medium":["https:\/\/contextoanalisisperiodistico.com\/wp-content\/uploads\/2023\/05\/IMG-20230507-WA0049-225x300.jpg",225,300,true],"medium_large":["https:\/\/contextoanalisisperiodistico.com\/wp-content\/uploads\/2023\/05\/IMG-20230507-WA0049-768x1024.jpg",640,853,true],"large":["https:\/\/contextoanalisisperiodistico.com\/wp-content\/uploads\/2023\/05\/IMG-20230507-WA0049-768x1024.jpg",640,853,true],"1536x1536":["https:\/\/contextoanalisisperiodistico.com\/wp-content\/uploads\/2023\/05\/IMG-20230507-WA0049.jpg",960,1280,false],"2048x2048":["https:\/\/contextoanalisisperiodistico.com\/wp-content\/uploads\/2023\/05\/IMG-20230507-WA0049.jpg",960,1280,false],"covernews-slider-full":["https:\/\/contextoanalisisperiodistico.com\/wp-content\/uploads\/2023\/05\/IMG-20230507-WA0049-960x715.jpg",960,715,true],"covernews-slider-center":["https:\/\/contextoanalisisperiodistico.com\/wp-content\/uploads\/2023\/05\/IMG-20230507-WA0049-800x500.jpg",800,500,true],"covernews-featured":["https:\/\/contextoanalisisperiodistico.com\/wp-content\/uploads\/2023\/05\/IMG-20230507-WA0049.jpg",960,1280,false],"covernews-medium":["https:\/\/contextoanalisisperiodistico.com\/wp-content\/uploads\/2023\/05\/IMG-20230507-WA0049-540x340.jpg",540,340,true],"covernews-medium-square":["https:\/\/contextoanalisisperiodistico.com\/wp-content\/uploads\/2023\/05\/IMG-20230507-WA0049-400x250.jpg",400,250,true]},"author_info":{"display_name":"Mario Gir\u00f3n","author_link":"https:\/\/contextoanalisisperiodistico.com\/index.php\/author\/director\/"},"category_info":"<a href=\"https:\/\/contextoanalisisperiodistico.com\/index.php\/category\/politica\/\" rel=\"category tag\">Pol\u00edtica<\/a>","tag_info":"Pol\u00edtica","comment_count":"0","jetpack_featured_media_url":"https:\/\/contextoanalisisperiodistico.com\/wp-content\/uploads\/2023\/05\/IMG-20230507-WA0049.jpg","_links":{"self":[{"href":"https:\/\/contextoanalisisperiodistico.com\/index.php\/wp-json\/wp\/v2\/posts\/13002"}],"collection":[{"href":"https:\/\/contextoanalisisperiodistico.com\/index.php\/wp-json\/wp\/v2\/posts"}],"about":[{"href":"https:\/\/contextoanalisisperiodistico.com\/index.php\/wp-json\/wp\/v2\/types\/post"}],"author":[{"embeddable":true,"href":"https:\/\/contextoanalisisperiodistico.com\/index.php\/wp-json\/wp\/v2\/users\/4"}],"replies":[{"embeddable":true,"href":"https:\/\/contextoanalisisperiodistico.com\/index.php\/wp-json\/wp\/v2\/comments?post=13002"}],"version-history":[{"count":0,"href":"https:\/\/contextoanalisisperiodistico.com\/index.php\/wp-json\/wp\/v2\/posts\/13002\/revisions"}],"wp:featuredmedia":[{"embeddable":true,"href":"https:\/\/contextoanalisisperiodistico.com\/index.php\/wp-json\/wp\/v2\/media\/12997"}],"wp:attachment":[{"href":"https:\/\/contextoanalisisperiodistico.com\/index.php\/wp-json\/wp\/v2\/media?parent=13002"}],"wp:term":[{"taxonomy":"category","embeddable":true,"href":"https:\/\/contextoanalisisperiodistico.com\/index.php\/wp-json\/wp\/v2\/categories?post=13002"},{"taxonomy":"post_tag","embeddable":true,"href":"https:\/\/contextoanalisisperiodistico.com\/index.php\/wp-json\/wp\/v2\/tags?post=13002"}],"curies":[{"name":"wp","href":"https:\/\/api.w.org\/{rel}","templated":true}]}}