{"id":12989,"date":"2023-05-07T15:38:11","date_gmt":"2023-05-07T21:38:11","guid":{"rendered":"https:\/\/contextoanalisisperiodistico.com\/index.php\/2023\/05\/07\/llegan-servicios-de-salud-apoblacion-mas-vulnerableomar-lopez-sanchez\/"},"modified":"2023-05-07T15:38:11","modified_gmt":"2023-05-07T21:38:11","slug":"llegan-servicios-de-salud-apoblacion-mas-vulnerableomar-lopez-sanchez","status":"publish","type":"post","link":"https:\/\/contextoanalisisperiodistico.com\/index.php\/2023\/05\/07\/llegan-servicios-de-salud-apoblacion-mas-vulnerableomar-lopez-sanchez\/","title":{"rendered":"Llegan servicios de salud a<br>poblaci\u00f3n m\u00e1s vulnerable,<br>Omar L\u00f3pez S\u00e1nchez:"},"content":{"rendered":"<div id=\"fb-root\"><\/div>\n\n<p>El Secretario General de la Secci\u00f3n 35 del SNTSA, informa: <\/p>\n\n\n\n<p>\u00abAgradezco la invitaci\u00f3n del Ing. Salom\u00f3n Jara Cruz, Gobernador del Estado de Oaxaca, para inaugurar el Centro de Salud de dos n\u00facleos b\u00e1sicos de Santiago Zacatepec, Mixes\u00bb.<\/p>\n\n\n\n<p>\u00abCon Vocaci\u00f3n de Servicio la Base Trabajadora, siempre comprometida para brindar Servicios de Salud a la poblaci\u00f3n m\u00e1s vulnerable\u00bb.<\/p>\n\n\n\n<p>\u00abSeremos vigilantes de que este y todos los centros de salud tenga los insumos y medicamentos necesarios\u00bb.<\/p>\n\n\n\n<p>\u00ab\u00a1Con el gremio seguimos avanzando!\u00bb<\/p>\n\n\n\n<figure class=\"wp-block-image size-large\"><img fetchpriority=\"high\" decoding=\"async\" width=\"720\" height=\"480\" src=\"https:\/\/contextoanalisisperiodistico.com\/wp-content\/uploads\/2023\/05\/fb_img_16834943793806563451989984298190.jpg\" alt=\"\" class=\"wp-image-12983\" srcset=\"https:\/\/contextoanalisisperiodistico.com\/wp-content\/uploads\/2023\/05\/fb_img_16834943793806563451989984298190.jpg 720w, https:\/\/contextoanalisisperiodistico.com\/wp-content\/uploads\/2023\/05\/fb_img_16834943793806563451989984298190-300x200.jpg 300w\" sizes=\"(max-width: 720px) 100vw, 720px\" \/><\/figure>\n\n\n\n<figure class=\"wp-block-image\"><img decoding=\"async\" width=\"300\" height=\"225\" src=\"https:\/\/contextoanalisisperiodistico.com\/wp-content\/uploads\/2023\/05\/fb_img_16834944045588761853942533351190-300x225.jpg\" alt=\"\" class=\"wp-image-12987\" srcset=\"https:\/\/contextoanalisisperiodistico.com\/wp-content\/uploads\/2023\/05\/fb_img_16834944045588761853942533351190-300x225.jpg 300w, https:\/\/contextoanalisisperiodistico.com\/wp-content\/uploads\/2023\/05\/fb_img_16834944045588761853942533351190.jpg 719w\" sizes=\"(max-width: 300px) 100vw, 300px\" \/><\/figure>\n\n\n\n<figure class=\"wp-block-image\"><img decoding=\"async\" width=\"300\" height=\"225\" src=\"https:\/\/contextoanalisisperiodistico.com\/wp-content\/uploads\/2023\/05\/fb_img_16834944093714488771729516895898-300x225.jpg\" alt=\"\" class=\"wp-image-12985\" srcset=\"https:\/\/contextoanalisisperiodistico.com\/wp-content\/uploads\/2023\/05\/fb_img_16834944093714488771729516895898-300x225.jpg 300w, https:\/\/contextoanalisisperiodistico.com\/wp-content\/uploads\/2023\/05\/fb_img_16834944093714488771729516895898.jpg 720w\" sizes=\"(max-width: 300px) 100vw, 300px\" \/><\/figure>\n\n\n\n<figure class=\"wp-block-image\"><img loading=\"lazy\" decoding=\"async\" width=\"300\" height=\"200\" src=\"https:\/\/contextoanalisisperiodistico.com\/wp-content\/uploads\/2023\/05\/fb_img_16834943941076007891284766206872-300x200.jpg\" alt=\"\" class=\"wp-image-12984\" srcset=\"https:\/\/contextoanalisisperiodistico.com\/wp-content\/uploads\/2023\/05\/fb_img_16834943941076007891284766206872-300x200.jpg 300w, https:\/\/contextoanalisisperiodistico.com\/wp-content\/uploads\/2023\/05\/fb_img_16834943941076007891284766206872.jpg 720w\" sizes=\"(max-width: 300px) 100vw, 300px\" \/><\/figure>\n\n\n\n<figure class=\"wp-block-image\"><img loading=\"lazy\" decoding=\"async\" width=\"300\" height=\"238\" src=\"https:\/\/contextoanalisisperiodistico.com\/wp-content\/uploads\/2023\/05\/fb_img_16834944148216770057537207044837-300x238.jpg\" alt=\"\" class=\"wp-image-12986\" srcset=\"https:\/\/contextoanalisisperiodistico.com\/wp-content\/uploads\/2023\/05\/fb_img_16834944148216770057537207044837-300x238.jpg 300w, https:\/\/contextoanalisisperiodistico.com\/wp-content\/uploads\/2023\/05\/fb_img_16834944148216770057537207044837.jpg 720w\" sizes=\"(max-width: 300px) 100vw, 300px\" \/><\/figure>\n\n\n\n<figure class=\"wp-block-image\"><img loading=\"lazy\" decoding=\"async\" width=\"683\" height=\"1024\" src=\"https:\/\/contextoanalisisperiodistico.com\/wp-content\/uploads\/2023\/05\/fb_img_16834943999562339155753189476801-683x1024.jpg\" alt=\"\" class=\"wp-image-12988\" srcset=\"https:\/\/contextoanalisisperiodistico.com\/wp-content\/uploads\/2023\/05\/fb_img_16834943999562339155753189476801-683x1024.jpg 683w, https:\/\/contextoanalisisperiodistico.com\/wp-content\/uploads\/2023\/05\/fb_img_16834943999562339155753189476801-200x300.jpg 200w, https:\/\/contextoanalisisperiodistico.com\/wp-content\/uploads\/2023\/05\/fb_img_16834943999562339155753189476801.jpg 720w\" sizes=\"(max-width: 683px) 100vw, 683px\" \/><\/figure>\n","protected":false},"excerpt":{"rendered":"<p>El Secretario General de la Secci\u00f3n 35 del SNTSA, informa: \u00abAgradezco la invitaci\u00f3n del Ing&#8230;.<\/p>\n","protected":false},"author":4,"featured_media":12982,"comment_status":"","ping_status":"open","sticky":false,"template":"","format":"standard","meta":{"footnotes":""},"categories":[9],"tags":[36],"jetpack_sharing_enabled":true,"featured_image_urls":{"full":["https:\/\/contextoanalisisperiodistico.com\/wp-content\/uploads\/2023\/05\/FB_IMG_1683494373277.jpg",368,576,false],"thumbnail":["https:\/\/contextoanalisisperiodistico.com\/wp-content\/uploads\/2023\/05\/FB_IMG_1683494373277-150x150.jpg",150,150,true],"medium":["https:\/\/contextoanalisisperiodistico.com\/wp-content\/uploads\/2023\/05\/FB_IMG_1683494373277-192x300.jpg",192,300,true],"medium_large":["https:\/\/contextoanalisisperiodistico.com\/wp-content\/uploads\/2023\/05\/FB_IMG_1683494373277.jpg",368,576,false],"large":["https:\/\/contextoanalisisperiodistico.com\/wp-content\/uploads\/2023\/05\/FB_IMG_1683494373277.jpg",368,576,false],"1536x1536":["https:\/\/contextoanalisisperiodistico.com\/wp-content\/uploads\/2023\/05\/FB_IMG_1683494373277.jpg",368,576,false],"2048x2048":["https:\/\/contextoanalisisperiodistico.com\/wp-content\/uploads\/2023\/05\/FB_IMG_1683494373277.jpg",368,576,false],"covernews-slider-full":["https:\/\/contextoanalisisperiodistico.com\/wp-content\/uploads\/2023\/05\/FB_IMG_1683494373277.jpg",368,576,false],"covernews-slider-center":["https:\/\/contextoanalisisperiodistico.com\/wp-content\/uploads\/2023\/05\/FB_IMG_1683494373277-368x500.jpg",368,500,true],"covernews-featured":["https:\/\/contextoanalisisperiodistico.com\/wp-content\/uploads\/2023\/05\/FB_IMG_1683494373277.jpg",368,576,false],"covernews-medium":["https:\/\/contextoanalisisperiodistico.com\/wp-content\/uploads\/2023\/05\/FB_IMG_1683494373277-368x340.jpg",368,340,true],"covernews-medium-square":["https:\/\/contextoanalisisperiodistico.com\/wp-content\/uploads\/2023\/05\/FB_IMG_1683494373277-368x250.jpg",368,250,true]},"author_info":{"display_name":"Mario Gir\u00f3n","author_link":"https:\/\/contextoanalisisperiodistico.com\/index.php\/author\/director\/"},"category_info":"<a href=\"https:\/\/contextoanalisisperiodistico.com\/index.php\/category\/politica\/\" rel=\"category tag\">Pol\u00edtica<\/a>","tag_info":"Pol\u00edtica","comment_count":"0","jetpack_featured_media_url":"https:\/\/contextoanalisisperiodistico.com\/wp-content\/uploads\/2023\/05\/FB_IMG_1683494373277.jpg","_links":{"self":[{"href":"https:\/\/contextoanalisisperiodistico.com\/index.php\/wp-json\/wp\/v2\/posts\/12989"}],"collection":[{"href":"https:\/\/contextoanalisisperiodistico.com\/index.php\/wp-json\/wp\/v2\/posts"}],"about":[{"href":"https:\/\/contextoanalisisperiodistico.com\/index.php\/wp-json\/wp\/v2\/types\/post"}],"author":[{"embeddable":true,"href":"https:\/\/contextoanalisisperiodistico.com\/index.php\/wp-json\/wp\/v2\/users\/4"}],"replies":[{"embeddable":true,"href":"https:\/\/contextoanalisisperiodistico.com\/index.php\/wp-json\/wp\/v2\/comments?post=12989"}],"version-history":[{"count":0,"href":"https:\/\/contextoanalisisperiodistico.com\/index.php\/wp-json\/wp\/v2\/posts\/12989\/revisions"}],"wp:featuredmedia":[{"embeddable":true,"href":"https:\/\/contextoanalisisperiodistico.com\/index.php\/wp-json\/wp\/v2\/media\/12982"}],"wp:attachment":[{"href":"https:\/\/contextoanalisisperiodistico.com\/index.php\/wp-json\/wp\/v2\/media?parent=12989"}],"wp:term":[{"taxonomy":"category","embeddable":true,"href":"https:\/\/contextoanalisisperiodistico.com\/index.php\/wp-json\/wp\/v2\/categories?post=12989"},{"taxonomy":"post_tag","embeddable":true,"href":"https:\/\/contextoanalisisperiodistico.com\/index.php\/wp-json\/wp\/v2\/tags?post=12989"}],"curies":[{"name":"wp","href":"https:\/\/api.w.org\/{rel}","templated":true}]}}