{"id":1290,"date":"2022-03-11T02:02:45","date_gmt":"2022-03-11T08:02:45","guid":{"rendered":"https:\/\/contextoanalisisperiodistico.com.mx\/?p=1290"},"modified":"2022-03-11T02:02:45","modified_gmt":"2022-03-11T08:02:45","slug":"con-el-registro-de-mauricio-cruz-vargas-pueblos-indigenas-ejercen-su-derecho-de-participar-por-la-gubernatura-de-oaxaca","status":"publish","type":"post","link":"https:\/\/contextoanalisisperiodistico.com\/index.php\/2022\/03\/11\/con-el-registro-de-mauricio-cruz-vargas-pueblos-indigenas-ejercen-su-derecho-de-participar-por-la-gubernatura-de-oaxaca\/","title":{"rendered":"Con el registro de Mauricio Cruz Vargas, pueblos ind\u00edgenas ejercen su derecho de participar por la gubernatura de Oaxaca"},"content":{"rendered":"<div id=\"fb-root\"><\/div>\n\n<p><em>(*) Por lo que ahora, ingresan a la contienda electoral que los partidos pol\u00edticos consideran patrimonio propio<\/em><br><strong>Mario GIR\u00d3N<\/strong><br>Por mandato de un sistema milenario, el de las asambleas comunitarias, Mauricio Cruz Vargas se present\u00f3 al Instituto Estatal Electoral y de Participaci\u00f3n Ciudadana (IEEPCO) a registrase como candidato independiente ind\u00edgena a la gubernatura de estado de Oaxaca.<br>M\u00e1s tarde, en su mensaje dirigido a representantes de medios de comunicaci\u00f3n, el ind\u00edgena, de profesi\u00f3n ingeniero, egresado del Instituto Tecnol\u00f3gico de Oaxaca, resalt\u00f3 anoche:<br>\u201cEstamos aqu\u00ed para decirle al pueblo de Oaxaca, que, como hombres y mujeres libres de las tierras y ra\u00edces milenarias y profundas, en donde d\u00eda a d\u00eda se construye historia y se hace comunalidad, aprovecharemos las peque\u00f1as oportunidades que nos permite la legislaci\u00f3n electoral para ejercer nuestro derecho a participar, como pueblos ind\u00edgenas, en esos espacios que los partidos pol\u00edticos consideran patrimonio propio y esperando congruencia en los consejeros electorales y no obstaculicen nuestro registro\u201d.<br>Frente a la sede del IEEPCO y ofreciendo ejemplo de humildad y congruencia entre lo que dice y hace, sin acarreo, solamente acompa\u00f1ado de unos cuantos dirigentes y de base de la Uni\u00f3n de Autoridades de los Pueblos Originarios de Oaxaca (UNAPO), Cruz Vargas destac\u00f3:<br>\u201cNuestro aporte en las formas de hacer pol\u00edtica no es mediante el acarreo de masas o suma de compadrazgos de l\u00edderes que han demostrado todo, menos servirle al pueblo. Es por ello que en este momento hist\u00f3rico que me debo al pueblo, inform\u00f3 que cumplimos con la principalidad formalidad que la convocatoria nos exige: la postulaci\u00f3n mediante actas de asamblea, sin dejar de mencionar la gran brecha de desigualdad existente hasta con el partido pol\u00edtico m\u00e1s insignificante, pues pareciera tener m\u00e1s valor una cuenta bancaria que la aut\u00e9ntica voluntad de los pueblos, demostrando que se puede caminar sin derroches ni basura pl\u00e1stica\u201d.<br>El candidato de los ind\u00edgenas de Oaxaca que result\u00f3 electo por asambleas comunitarias, m\u00e1ximo \u00f3rgano de gobierno en las comunidades y no por dedazo como sucedi\u00f3 en otros lados, dej\u00f3 en claro:<br>\u201cNos reivindicamos obradoristas, en tanto que Andr\u00e9s Manuel L\u00f3pez Obrador ha sido el \u00fanico presidente que busca el desarrollo y promueve la libre determinaci\u00f3n y el reconocimiento de nuestros derechos; nos reivindicamos bajo los conceptos de la comunalidad, pues el m\u00e9todo milenario que ha mantenido viva nuestra identidad, lengua, cultura y formas organizativas\u201d.<br>Reconoci\u00f3 a obst\u00e1culo persistente en este andar pol\u00edtico electoral como lo es el racismo, tan fuerte en nuestros d\u00edas:<br>\u201cEl anunci\u00f3 de nuestra participaci\u00f3n dado a conocer hace unos d\u00edas irrit\u00f3 a muchos quienes cobijados en el anonimato iniciaron una serie de descalificaciones a esta iniciativa ind\u00edgena; lo entendemos porque estos espacios nos han sido vedados hist\u00f3ricamente\u201d.<br>\u201cHablan esos mismos que nos han abandonado y nos utilizan y nos ven incapaces de tener iniciativa propia; nos han querido ligar con cuanta clase pol\u00edtica existente, hasta con el hoy gobernante que nos fue tra\u00eddo de lejanas tierras para los suyos\u201d.<br>Agreg\u00f3: \u201chay que decirlo tambi\u00e9n, somos bandera de todos los partidos pol\u00edticos, \u00a1en eso hemos terminado! Somos el tesoro con el que se vanaglorian en sus discursos. A lo largo de la historia el sistema ha absorbido para su causa a importantes hombres y mujeres de nuestros pueblos y, ellos, nuestros hermanos, se han despojado de su identidad olvid\u00e1ndose de nuestras causas fundamentales para defender ese sistema que nos tiene en el olvido, en la marginaci\u00f3n, pobreza y manipulaci\u00f3n\u201d.<br>De los 570 municipios en Oaxaca, 417 se rigen por la vida social, pol\u00edtica y cultural bajo un sistema milenario en donde la colectividad es la que decide, pero tambi\u00e9n con una visi\u00f3n de amor y respeto a la naturaleza y al universo.<br><\/p>\n\n\n\n<p><strong>\u00bfQui\u00e9n es Mauricio Cruz Vargas?<\/strong><\/p>\n\n\n\n<p>Ind\u00edgena zapoteco del municipio Abejones, hablante de su lengua y orgulloso de sus ra\u00edces, ocupando la totalidad de los cargos que su municipio le ha encomendado, comenzando con el de polic\u00eda, presidente del Comit\u00e9 de Autotransporte, regidor de Hacienda y presidente municipal\u201d.<br>A nivel regional: \u201cdesempe\u00f1\u00f3 la cartera de Tesorero del Comit\u00e9 Micro Regional de 10 comunidades Zapotecas y Chinantecas del valle de Etla y Sierra Norte. En septiembre de 2021 termin\u00f3 su labor como presidente de la Uni\u00f3n Liberal de Ayuntamientos del Distrito de Ixtl\u00e1n (ULADI), integrado por 26 municipios. A nivel estado es fundador de la Uni\u00f3n de Autoridades de los Pueblos Originarios de Oaxaca (UNAPO), asesorando y unificando a los pueblos ind\u00edgenas. Es egresado del Instituto Tecnol\u00f3gico de Oaxaca de la licenciatura en Ingenier\u00eda Civil, cuenta con c\u00e9dula profesional y certificaci\u00f3n como director responsable de obra; socio del Colegio de Ingenieros Civiles de Oaxaca, miembro de la Sociedad Mexicana de Ingenieros y presidente de la Asociaci\u00f3n de Egresados del ITO.<br>*En el siguiente video, m\u00e1s contenido del mensaje de Mauricio Cruz Vargas, candidato independiente ind\u00edgena a la gubernatura de estado de Oaxaca.<\/p>\n\n\n\n<figure class=\"wp-block-video wp-block-embed is-type-video is-provider-videopress\"><div class=\"wp-block-embed__wrapper\">\nhttps:\/\/videopress.com\/v\/EkiOb44D?resizeToParent=true&#038;cover=true&#038;preloadContent=metadata&#038;useAverageColor=true\n<\/div><figcaption>Es el momento de los pueblos ind\u00edgenas para demostrar que podemos gobernar mejor para todos.<\/figcaption><\/figure>\n\n\n\n<figure class=\"wp-block-video wp-block-embed is-type-video is-provider-videopress\"><div class=\"wp-block-embed__wrapper\">\nhttps:\/\/videopress.com\/v\/yxbLLjyZ?resizeToParent=true&#038;cover=true&#038;preloadContent=metadata&#038;useAverageColor=true\n<\/div><figcaption>\u00abNunca m\u00e1s un Oaxaca sin sus pueblos ind\u00edgenas\u00bb<\/figcaption><\/figure>\n","protected":false},"excerpt":{"rendered":"<p>(*) Por lo que ahora, ingresan a la contienda electoral que los partidos pol\u00edticos consideran&#8230;<\/p>\n","protected":false},"author":2,"featured_media":1292,"comment_status":"open","ping_status":"open","sticky":false,"template":"","format":"standard","meta":{"footnotes":""},"categories":[6,7,9],"tags":[],"jetpack_sharing_enabled":true,"featured_image_urls":{"full":"","thumbnail":"","medium":"","medium_large":"","large":"","1536x1536":"","2048x2048":"","covernews-slider-full":"","covernews-slider-center":"","covernews-featured":"","covernews-medium":"","covernews-medium-square":""},"author_info":{"display_name":"Miguel","author_link":"https:\/\/contextoanalisisperiodistico.com\/index.php\/author\/editor\/"},"category_info":"<a href=\"https:\/\/contextoanalisisperiodistico.com\/index.php\/category\/legislatura\/\" rel=\"category tag\">Legislatura<\/a> <a href=\"https:\/\/contextoanalisisperiodistico.com\/index.php\/category\/municipios\/\" rel=\"category tag\">Municipios<\/a> <a href=\"https:\/\/contextoanalisisperiodistico.com\/index.php\/category\/politica\/\" rel=\"category tag\">Pol\u00edtica<\/a>","tag_info":"Pol\u00edtica","comment_count":"0","jetpack_featured_media_url":"","_links":{"self":[{"href":"https:\/\/contextoanalisisperiodistico.com\/index.php\/wp-json\/wp\/v2\/posts\/1290"}],"collection":[{"href":"https:\/\/contextoanalisisperiodistico.com\/index.php\/wp-json\/wp\/v2\/posts"}],"about":[{"href":"https:\/\/contextoanalisisperiodistico.com\/index.php\/wp-json\/wp\/v2\/types\/post"}],"author":[{"embeddable":true,"href":"https:\/\/contextoanalisisperiodistico.com\/index.php\/wp-json\/wp\/v2\/users\/2"}],"replies":[{"embeddable":true,"href":"https:\/\/contextoanalisisperiodistico.com\/index.php\/wp-json\/wp\/v2\/comments?post=1290"}],"version-history":[{"count":0,"href":"https:\/\/contextoanalisisperiodistico.com\/index.php\/wp-json\/wp\/v2\/posts\/1290\/revisions"}],"wp:featuredmedia":[{"embeddable":true,"href":"https:\/\/contextoanalisisperiodistico.com\/index.php\/wp-json\/"}],"wp:attachment":[{"href":"https:\/\/contextoanalisisperiodistico.com\/index.php\/wp-json\/wp\/v2\/media?parent=1290"}],"wp:term":[{"taxonomy":"category","embeddable":true,"href":"https:\/\/contextoanalisisperiodistico.com\/index.php\/wp-json\/wp\/v2\/categories?post=1290"},{"taxonomy":"post_tag","embeddable":true,"href":"https:\/\/contextoanalisisperiodistico.com\/index.php\/wp-json\/wp\/v2\/tags?post=1290"}],"curies":[{"name":"wp","href":"https:\/\/api.w.org\/{rel}","templated":true}]}}