{"id":12853,"date":"2023-05-04T17:38:52","date_gmt":"2023-05-04T23:38:52","guid":{"rendered":"https:\/\/contextoanalisisperiodistico.com\/?p=12853"},"modified":"2023-05-04T17:39:00","modified_gmt":"2023-05-04T23:39:00","slug":"nunca-mas-un-gobierno-alejado-de-sus-autoridades-y-su-pueblo-afirma-gobernador-salomon-jara","status":"publish","type":"post","link":"https:\/\/contextoanalisisperiodistico.com\/index.php\/2023\/05\/04\/nunca-mas-un-gobierno-alejado-de-sus-autoridades-y-su-pueblo-afirma-gobernador-salomon-jara\/","title":{"rendered":"Nunca m\u00e1s un gobierno alejado de sus autoridades y su pueblo, afirma Gobernador Salom\u00f3n Jara"},"content":{"rendered":"<div id=\"fb-root\"><\/div>\n\n<p>\u2022 El Gobernador de Oaxaca expres\u00f3 que los y las funcionarias de su administraci\u00f3n deben atender las necesidades y peticiones de las autoridades municipales<\/p>\n\n\n\n<p>Ocotl\u00e1n de Morelos, Oax. 4 de mayo de 2023.- Al encabezar el Encuentro con Autoridades Municipales del distrito de Ocotl\u00e1n, el Gobernador Salom\u00f3n Jara Cruz asegur\u00f3 que su gobierno trabaja para no defraudar la confianza de los y las oaxaque\u00f1as que lograron abrir las puertas para la transformaci\u00f3n de Oaxaca.<\/p>\n\n\n\n<p>Por ello, para dar cumplimiento a su modelo de Gobierno, recorre las comunidades y realiza estos acercamientos con las autoridades municipales para atender las necesidades m\u00e1s sentidas de los pueblos.<\/p>\n\n\n\n<p>\u00abNunca m\u00e1s un gobierno alejado de sus autoridades y su pueblo\u00bb, afirm\u00f3 junto a la Presidenta Honoraria del Sistema DIF Oaxaca, Irma Bola\u00f1os Quijano, e integrantes del gabinete legal y ampliado, en este encuentro en el que a trav\u00e9s de 15 mesas de atenci\u00f3n instaladas se recibieron 73 solicitudes en materia de educaci\u00f3n, salud, vivienda, agua y saneamiento; as\u00ed como trabajo y empleo; seguridad y gobernanza.<\/p>\n\n\n\n<p>El Mandatario Oaxaque\u00f1o expres\u00f3 que a diferencia de los gobiernos anteriores, ahora la atenci\u00f3n a las autoridades municipales es de manera directa, y no tienen que hacer pagos o dar &#8216;moches&#8217; para ser escuchados y beneficiados en alg\u00fan tr\u00e1mite.<\/p>\n\n\n\n<p>\u00abEl funcionariado est\u00e1 obligado a atender a las autoridades y dar respuesta a sus necesidades. Son muchas las demandas que tenemos, pero algo debemos hacer y este gobierno no se va a esconder ni evadir\u00e1 su responsabilidad de atender las necesidades\u00bb, dijo.<\/p>\n\n\n\n<p>Luego de conocer que en este ejercicio participaron 29 autoridades municipales, quienes fueron recibidas por 34 funcionarias y funcionarios, y que de las 73 solicitudes: seis fueron atendidas de manera inmediata, 44 programadas a corto y mediano plazo y 23 a largo plazo; Salom\u00f3n Jara refrend\u00f3 el compromiso de su gobierno para resarcir las necesidades m\u00e1s apremiantes de los pueblos y comunidades, y saldar la deuda hist\u00f3rica que durante muchos a\u00f1os los han mantenido en la pobreza y marginaci\u00f3n.<\/p>\n\n\n\n<p>En este sentido, afirm\u00f3 que las peticiones se atender\u00e1n oportunamente y \u00abya no se archivar\u00e1n como antes\u00bb; asimismo, aquellas que fueron consideradas para atenderse a largo plazo se valorar\u00e1n conforme al Plan Estatal de Desarrollo 2022 -2028, para ser respaldadas con un presupuesto y estudio t\u00e9cnico.<\/p>\n\n\n\n<p>Expres\u00f3 que esta planificaci\u00f3n permitir\u00e1 a Oaxaca desocupar los \u00faltimos lugares de desarrollo y los primeros en pobreza, marginaci\u00f3n y abandono, toda vez que el destino de los y las oaxaque\u00f1as no es la pobreza y el olvido, sino el progreso y la mejora.<\/p>\n\n\n\n<p><em>Entrega acreditaciones a Comit\u00e9s de Contralor\u00eda Social<\/em><\/p>\n\n\n\n<p>En el Encuentro con Autoridades Municipales n\u00famero 22, el Mandatario Estatal entreg\u00f3 de manera simb\u00f3lica acreditaciones a cuatro Comit\u00e9s de Contralor\u00eda Social, de un total de 23 conformados en este distrito por personas ciudadanas con la responsabilidad y compromiso de vigilar el cumplimiento y destino de los recursos que llegar\u00e1n a los municipios para la realizaci\u00f3n de obras.<\/p>\n\n\n\n<p>Los comit\u00e9s que recibieron su acreditaci\u00f3n pertenecen a los municipios de San Miguel Ejutla, Coatecas Altas, Ejutla de Crespo, San Pedro Taviche.<\/p>\n\n\n\n<figure class=\"wp-block-image size-large\"><img fetchpriority=\"high\" decoding=\"async\" width=\"1024\" height=\"682\" src=\"https:\/\/contextoanalisisperiodistico.com\/wp-content\/uploads\/2023\/05\/img-20230504-wa00692343275486713484944-1024x682.jpg\" alt=\"\" class=\"wp-image-12856\" srcset=\"https:\/\/contextoanalisisperiodistico.com\/wp-content\/uploads\/2023\/05\/img-20230504-wa00692343275486713484944-1024x682.jpg 1024w, https:\/\/contextoanalisisperiodistico.com\/wp-content\/uploads\/2023\/05\/img-20230504-wa00692343275486713484944-300x200.jpg 300w, https:\/\/contextoanalisisperiodistico.com\/wp-content\/uploads\/2023\/05\/img-20230504-wa00692343275486713484944-768x512.jpg 768w, https:\/\/contextoanalisisperiodistico.com\/wp-content\/uploads\/2023\/05\/img-20230504-wa00692343275486713484944-1536x1023.jpg 1536w, https:\/\/contextoanalisisperiodistico.com\/wp-content\/uploads\/2023\/05\/img-20230504-wa00692343275486713484944.jpg 1600w\" sizes=\"(max-width: 1024px) 100vw, 1024px\" \/><\/figure>\n\n\n\n<figure class=\"wp-block-image\"><img decoding=\"async\" width=\"1024\" height=\"595\" src=\"https:\/\/contextoanalisisperiodistico.com\/wp-content\/uploads\/2023\/05\/img-20230504-wa00664524010389509324970-1024x595.jpg\" alt=\"\" class=\"wp-image-12855\" srcset=\"https:\/\/contextoanalisisperiodistico.com\/wp-content\/uploads\/2023\/05\/img-20230504-wa00664524010389509324970-1024x595.jpg 1024w, https:\/\/contextoanalisisperiodistico.com\/wp-content\/uploads\/2023\/05\/img-20230504-wa00664524010389509324970-300x174.jpg 300w, https:\/\/contextoanalisisperiodistico.com\/wp-content\/uploads\/2023\/05\/img-20230504-wa00664524010389509324970-768x446.jpg 768w, https:\/\/contextoanalisisperiodistico.com\/wp-content\/uploads\/2023\/05\/img-20230504-wa00664524010389509324970-1536x892.jpg 1536w, https:\/\/contextoanalisisperiodistico.com\/wp-content\/uploads\/2023\/05\/img-20230504-wa00664524010389509324970.jpg 1600w\" sizes=\"(max-width: 1024px) 100vw, 1024px\" \/><\/figure>\n\n\n\n<figure class=\"wp-block-image\"><img decoding=\"async\" width=\"1024\" height=\"527\" src=\"https:\/\/contextoanalisisperiodistico.com\/wp-content\/uploads\/2023\/05\/img-20230504-wa00677885460518401384204-1024x527.jpg\" alt=\"\" class=\"wp-image-12857\" srcset=\"https:\/\/contextoanalisisperiodistico.com\/wp-content\/uploads\/2023\/05\/img-20230504-wa00677885460518401384204-1024x527.jpg 1024w, https:\/\/contextoanalisisperiodistico.com\/wp-content\/uploads\/2023\/05\/img-20230504-wa00677885460518401384204-300x155.jpg 300w, https:\/\/contextoanalisisperiodistico.com\/wp-content\/uploads\/2023\/05\/img-20230504-wa00677885460518401384204-768x396.jpg 768w, https:\/\/contextoanalisisperiodistico.com\/wp-content\/uploads\/2023\/05\/img-20230504-wa00677885460518401384204-1536x791.jpg 1536w, https:\/\/contextoanalisisperiodistico.com\/wp-content\/uploads\/2023\/05\/img-20230504-wa00677885460518401384204.jpg 1600w\" sizes=\"(max-width: 1024px) 100vw, 1024px\" \/><\/figure>\n","protected":false},"excerpt":{"rendered":"<p>\u2022 El Gobernador de Oaxaca expres\u00f3 que los y las funcionarias de su administraci\u00f3n deben&#8230;<\/p>\n","protected":false},"author":4,"featured_media":12854,"comment_status":"closed","ping_status":"open","sticky":false,"template":"","format":"standard","meta":{"footnotes":""},"categories":[9],"tags":[],"jetpack_sharing_enabled":true,"featured_image_urls":{"full":["https:\/\/contextoanalisisperiodistico.com\/wp-content\/uploads\/2023\/05\/IMG-20230504-WA0070.jpg",1600,1066,false],"thumbnail":["https:\/\/contextoanalisisperiodistico.com\/wp-content\/uploads\/2023\/05\/IMG-20230504-WA0070-150x150.jpg",150,150,true],"medium":["https:\/\/contextoanalisisperiodistico.com\/wp-content\/uploads\/2023\/05\/IMG-20230504-WA0070-300x200.jpg",300,200,true],"medium_large":["https:\/\/contextoanalisisperiodistico.com\/wp-content\/uploads\/2023\/05\/IMG-20230504-WA0070-768x512.jpg",640,427,true],"large":["https:\/\/contextoanalisisperiodistico.com\/wp-content\/uploads\/2023\/05\/IMG-20230504-WA0070-1024x682.jpg",640,426,true],"1536x1536":["https:\/\/contextoanalisisperiodistico.com\/wp-content\/uploads\/2023\/05\/IMG-20230504-WA0070-1536x1023.jpg",1536,1023,true],"2048x2048":["https:\/\/contextoanalisisperiodistico.com\/wp-content\/uploads\/2023\/05\/IMG-20230504-WA0070.jpg",1600,1066,false],"covernews-slider-full":["https:\/\/contextoanalisisperiodistico.com\/wp-content\/uploads\/2023\/05\/IMG-20230504-WA0070-1115x715.jpg",1115,715,true],"covernews-slider-center":["https:\/\/contextoanalisisperiodistico.com\/wp-content\/uploads\/2023\/05\/IMG-20230504-WA0070-800x500.jpg",800,500,true],"covernews-featured":["https:\/\/contextoanalisisperiodistico.com\/wp-content\/uploads\/2023\/05\/IMG-20230504-WA0070-1024x682.jpg",1024,682,true],"covernews-medium":["https:\/\/contextoanalisisperiodistico.com\/wp-content\/uploads\/2023\/05\/IMG-20230504-WA0070-540x340.jpg",540,340,true],"covernews-medium-square":["https:\/\/contextoanalisisperiodistico.com\/wp-content\/uploads\/2023\/05\/IMG-20230504-WA0070-400x250.jpg",400,250,true]},"author_info":{"display_name":"Mario Gir\u00f3n","author_link":"https:\/\/contextoanalisisperiodistico.com\/index.php\/author\/director\/"},"category_info":"<a href=\"https:\/\/contextoanalisisperiodistico.com\/index.php\/category\/politica\/\" rel=\"category tag\">Pol\u00edtica<\/a>","tag_info":"Pol\u00edtica","comment_count":"0","jetpack_featured_media_url":"https:\/\/contextoanalisisperiodistico.com\/wp-content\/uploads\/2023\/05\/IMG-20230504-WA0070.jpg","_links":{"self":[{"href":"https:\/\/contextoanalisisperiodistico.com\/index.php\/wp-json\/wp\/v2\/posts\/12853"}],"collection":[{"href":"https:\/\/contextoanalisisperiodistico.com\/index.php\/wp-json\/wp\/v2\/posts"}],"about":[{"href":"https:\/\/contextoanalisisperiodistico.com\/index.php\/wp-json\/wp\/v2\/types\/post"}],"author":[{"embeddable":true,"href":"https:\/\/contextoanalisisperiodistico.com\/index.php\/wp-json\/wp\/v2\/users\/4"}],"replies":[{"embeddable":true,"href":"https:\/\/contextoanalisisperiodistico.com\/index.php\/wp-json\/wp\/v2\/comments?post=12853"}],"version-history":[{"count":1,"href":"https:\/\/contextoanalisisperiodistico.com\/index.php\/wp-json\/wp\/v2\/posts\/12853\/revisions"}],"predecessor-version":[{"id":12858,"href":"https:\/\/contextoanalisisperiodistico.com\/index.php\/wp-json\/wp\/v2\/posts\/12853\/revisions\/12858"}],"wp:featuredmedia":[{"embeddable":true,"href":"https:\/\/contextoanalisisperiodistico.com\/index.php\/wp-json\/wp\/v2\/media\/12854"}],"wp:attachment":[{"href":"https:\/\/contextoanalisisperiodistico.com\/index.php\/wp-json\/wp\/v2\/media?parent=12853"}],"wp:term":[{"taxonomy":"category","embeddable":true,"href":"https:\/\/contextoanalisisperiodistico.com\/index.php\/wp-json\/wp\/v2\/categories?post=12853"},{"taxonomy":"post_tag","embeddable":true,"href":"https:\/\/contextoanalisisperiodistico.com\/index.php\/wp-json\/wp\/v2\/tags?post=12853"}],"curies":[{"name":"wp","href":"https:\/\/api.w.org\/{rel}","templated":true}]}}