{"id":12843,"date":"2023-05-04T10:07:33","date_gmt":"2023-05-04T16:07:33","guid":{"rendered":"https:\/\/contextoanalisisperiodistico.com\/?p=12843"},"modified":"2023-05-04T10:08:06","modified_gmt":"2023-05-04T16:08:06","slug":"atiende-gobierno-del-estado-planteamientos-de-ppl-en-centro-penitenciario-femenil-de-tanivet","status":"publish","type":"post","link":"https:\/\/contextoanalisisperiodistico.com\/index.php\/2023\/05\/04\/atiende-gobierno-del-estado-planteamientos-de-ppl-en-centro-penitenciario-femenil-de-tanivet\/","title":{"rendered":"Atiende Gobierno del Estado planteamientos de PPL en Centro Penitenciario Femenil de Tanivet"},"content":{"rendered":"<div id=\"fb-root\"><\/div>\n\n<p>\u2022 La autoridad responsable de la reinserci\u00f3n social se comprometi\u00f3 a atender dichas solicitudes y acudir semanalmente al Centro Penitenciario para brindar seguimiento<\/p>\n\n\n\n<p>Oaxaca de Ju\u00e1rez, Oax. 4 de mayo de 2023.- El Gobierno del Estado a trav\u00e9s de la Coordinaci\u00f3n para la Atenci\u00f3n de los Derechos Humanos (CADH) y la Direcci\u00f3n General de Reinserci\u00f3n Social de la Secretar\u00eda de Seguridad y Protecci\u00f3n Ciudadana (SSPC) atendi\u00f3 los planteamientos de las cinco mujeres que se encontraban en huelga de hambre en el Centro Penitenciario Femenil de San Francisco Tanivet.<\/p>\n\n\n\n<p>Entre las solicitudes se encontraba la permanencia de sus hijos e hijas mayores de tres a\u00f1os, situaci\u00f3n que contradice la Ley Nacional de Ejecuci\u00f3n Penal, la cual reconoce como un derecho de las mujeres privadas de su libertad conservar la guardia y custodia de su hija o hijo menor de tres a\u00f1os, a fin de que puedan permanecer con la madre en el Centro Penitenciario.<\/p>\n\n\n\n<p>En este sentido se acord\u00f3 que las autoridades penitenciaras garantizar\u00e1n la convivencia de las mujeres privadas de la libertad con sus hijos e hijas mayores de tres y menores de doce a\u00f1os, en los periodos vacacionales establecidos por las autoridades educativas y en otros momentos, siempre y cuando no se afecten otros derechos de las ni\u00f1as y ni\u00f1os.<\/p>\n\n\n\n<p>De igual forma, las cinco mujeres privadas de la libertad expusieron algunas otras necesidades, como por ejemplo la de tener contenedores para separar correctamente los Residuos S\u00f3lidos Urbanos (RSU); contar con suficiente material de aseo, medicamentos, ambulancias, la permisibilidad de ingresar una variedad de frutas y la no represalia por las manifestaciones y la huelga de hambre que realizaron.<\/p>\n\n\n\n<p>En ese sentido la autoridad responsable de la reinserci\u00f3n social se comprometi\u00f3 a atender dichas solicitudes y acudir semanalmente al centro penitenciario para dar seguimiento a los planteamientos de las mujeres privadas de la libertad.<\/p>\n\n\n\n<p>La CADH record\u00f3 que ser Persona Privada de su Libertad (PPL) en un centro de reinserci\u00f3n social no significa perder las condiciones para una vida digna; en ese sentido solicit\u00f3 al director general de Reinserci\u00f3n Social redoblar esfuerzos y vincularse con otras \u00e1reas del Gobierno del Estado para buscar mecanismos que garanticen una verdadera reinserci\u00f3n social y evitar que se vulneren los Derechos Humanos de las PPL.<\/p>\n\n\n\n<p>La Coordinaci\u00f3n inform\u00f3 que convocar\u00e1 a la Direcci\u00f3n de Reinserci\u00f3n Social y otras instituciones del Gobierno del Estado para trabajar en el o los documentos que deben regir la vida de los Centros de Reinserci\u00f3n Social del Estado, pues debe existir reglas claras con enfoque de Derechos Humanos, perspectiva de g\u00e9nero e interculturalidad.<\/p>\n\n\n\n<p>Lo anterior para evitar que existan situaciones que privilegien a ciertas PPL como la asignaci\u00f3n o manejo de tiendas como se hac\u00eda en el gobierno anterior, u otras concesiones que podr\u00edan traducirse en actos de corrupci\u00f3n; por lo que tambi\u00e9n recomend\u00f3 a la autoridad de Reinserci\u00f3n Social revisar que las personas que est\u00e9n como responsables de los centros de reinserci\u00f3n social, cumplan con el perfil y cuenten con una amplia capacitaci\u00f3n en materia de Derechos Humanos y g\u00e9nero.<\/p>\n","protected":false},"excerpt":{"rendered":"<p>\u2022 La autoridad responsable de la reinserci\u00f3n social se comprometi\u00f3 a atender dichas solicitudes y&#8230;<\/p>\n","protected":false},"author":4,"featured_media":12844,"comment_status":"closed","ping_status":"open","sticky":false,"template":"","format":"standard","meta":{"footnotes":""},"categories":[9],"tags":[],"jetpack_sharing_enabled":true,"featured_image_urls":{"full":["https:\/\/contextoanalisisperiodistico.com\/wp-content\/uploads\/2023\/05\/IMG-20230504-WA0022.jpg",720,720,false],"thumbnail":["https:\/\/contextoanalisisperiodistico.com\/wp-content\/uploads\/2023\/05\/IMG-20230504-WA0022-150x150.jpg",150,150,true],"medium":["https:\/\/contextoanalisisperiodistico.com\/wp-content\/uploads\/2023\/05\/IMG-20230504-WA0022-300x300.jpg",300,300,true],"medium_large":["https:\/\/contextoanalisisperiodistico.com\/wp-content\/uploads\/2023\/05\/IMG-20230504-WA0022.jpg",640,640,false],"large":["https:\/\/contextoanalisisperiodistico.com\/wp-content\/uploads\/2023\/05\/IMG-20230504-WA0022.jpg",640,640,false],"1536x1536":["https:\/\/contextoanalisisperiodistico.com\/wp-content\/uploads\/2023\/05\/IMG-20230504-WA0022.jpg",720,720,false],"2048x2048":["https:\/\/contextoanalisisperiodistico.com\/wp-content\/uploads\/2023\/05\/IMG-20230504-WA0022.jpg",720,720,false],"covernews-slider-full":["https:\/\/contextoanalisisperiodistico.com\/wp-content\/uploads\/2023\/05\/IMG-20230504-WA0022-720x715.jpg",720,715,true],"covernews-slider-center":["https:\/\/contextoanalisisperiodistico.com\/wp-content\/uploads\/2023\/05\/IMG-20230504-WA0022-720x500.jpg",720,500,true],"covernews-featured":["https:\/\/contextoanalisisperiodistico.com\/wp-content\/uploads\/2023\/05\/IMG-20230504-WA0022.jpg",720,720,false],"covernews-medium":["https:\/\/contextoanalisisperiodistico.com\/wp-content\/uploads\/2023\/05\/IMG-20230504-WA0022-540x340.jpg",540,340,true],"covernews-medium-square":["https:\/\/contextoanalisisperiodistico.com\/wp-content\/uploads\/2023\/05\/IMG-20230504-WA0022-400x250.jpg",400,250,true]},"author_info":{"display_name":"Mario Gir\u00f3n","author_link":"https:\/\/contextoanalisisperiodistico.com\/index.php\/author\/director\/"},"category_info":"<a href=\"https:\/\/contextoanalisisperiodistico.com\/index.php\/category\/politica\/\" rel=\"category tag\">Pol\u00edtica<\/a>","tag_info":"Pol\u00edtica","comment_count":"0","jetpack_featured_media_url":"https:\/\/contextoanalisisperiodistico.com\/wp-content\/uploads\/2023\/05\/IMG-20230504-WA0022.jpg","_links":{"self":[{"href":"https:\/\/contextoanalisisperiodistico.com\/index.php\/wp-json\/wp\/v2\/posts\/12843"}],"collection":[{"href":"https:\/\/contextoanalisisperiodistico.com\/index.php\/wp-json\/wp\/v2\/posts"}],"about":[{"href":"https:\/\/contextoanalisisperiodistico.com\/index.php\/wp-json\/wp\/v2\/types\/post"}],"author":[{"embeddable":true,"href":"https:\/\/contextoanalisisperiodistico.com\/index.php\/wp-json\/wp\/v2\/users\/4"}],"replies":[{"embeddable":true,"href":"https:\/\/contextoanalisisperiodistico.com\/index.php\/wp-json\/wp\/v2\/comments?post=12843"}],"version-history":[{"count":1,"href":"https:\/\/contextoanalisisperiodistico.com\/index.php\/wp-json\/wp\/v2\/posts\/12843\/revisions"}],"predecessor-version":[{"id":12845,"href":"https:\/\/contextoanalisisperiodistico.com\/index.php\/wp-json\/wp\/v2\/posts\/12843\/revisions\/12845"}],"wp:featuredmedia":[{"embeddable":true,"href":"https:\/\/contextoanalisisperiodistico.com\/index.php\/wp-json\/wp\/v2\/media\/12844"}],"wp:attachment":[{"href":"https:\/\/contextoanalisisperiodistico.com\/index.php\/wp-json\/wp\/v2\/media?parent=12843"}],"wp:term":[{"taxonomy":"category","embeddable":true,"href":"https:\/\/contextoanalisisperiodistico.com\/index.php\/wp-json\/wp\/v2\/categories?post=12843"},{"taxonomy":"post_tag","embeddable":true,"href":"https:\/\/contextoanalisisperiodistico.com\/index.php\/wp-json\/wp\/v2\/tags?post=12843"}],"curies":[{"name":"wp","href":"https:\/\/api.w.org\/{rel}","templated":true}]}}