{"id":12833,"date":"2023-05-03T20:37:05","date_gmt":"2023-05-04T02:37:05","guid":{"rendered":"https:\/\/contextoanalisisperiodistico.com\/?p=12833"},"modified":"2023-05-03T20:37:13","modified_gmt":"2023-05-04T02:37:13","slug":"escucha-y-responde-gobierno-de-oaxaca-necesidades-sociales-en-la-region-mixteca","status":"publish","type":"post","link":"https:\/\/contextoanalisisperiodistico.com\/index.php\/2023\/05\/03\/escucha-y-responde-gobierno-de-oaxaca-necesidades-sociales-en-la-region-mixteca\/","title":{"rendered":"Escucha y responde Gobierno de Oaxaca necesidades sociales en la regi\u00f3n Mixteca"},"content":{"rendered":"<div id=\"fb-root\"><\/div>\n\n<p>\u2022 El Gobernador Salom\u00f3n Jara Cruz refrend\u00f3 el compromiso de atender las demandas de las localidades olvidadas y con mayor pobreza<\/p>\n\n\n\n<p>San Sebasti\u00e1n Tecomaxtlahuaca, Oax. 3 de mayo de 2023.- El Gobernador de Oaxaca Salom\u00f3n Jara Cruz escuch\u00f3 las necesidades sociales de habitantes de la regi\u00f3n Mixteca, a quienes refrend\u00f3 su compromiso de implementar acciones y pol\u00edticas p\u00fablicas que atiendan sus demandas hist\u00f3ricas.<\/p>\n\n\n\n<p>En San Marcos Xinicuesta, agencia municipal de San Sebasti\u00e1n Tecomaxtlahuaca, sostuvo un encuentro con dirigentes y simpatizantes del Movimiento de Unificaci\u00f3n y Lucha Triqui (MULT), quienes plantearon sus necesidades en materia de caminos, salud, seguridad p\u00fablica, entre otros.<\/p>\n\n\n\n<p>El MULT por conducto de Fortino Alvarado Mart\u00ednez, dirigente natural de la Mixteca baja expuso al Mandatario estatal las demandas prioritarias de esta regi\u00f3n.<\/p>\n\n\n\n<p>En este encuentro se reconoci\u00f3 el compromiso asumido por el Gobierno del Estado de escuchar y responder al pueblo, el cual fue palpable al dar el banderazo de inicio de los trabajos de conservaci\u00f3n de la carretera Santiago Juxtlahuaca-Coicoy\u00e1n de las Flores, que fue una necesidad planteada por este Movimiento.<\/p>\n\n\n\n<p>En respuesta, el Mandatario Oaxaque\u00f1o afirm\u00f3 que en estos cinco meses de Gobierno se trabaja de tiempo completo para escuchar y atender los distintos requerimientos sociales.<\/p>\n\n\n\n<p>\u00abA Oaxaca lo dejaron abandonado y en la pobreza, as\u00ed lo recibimos; por ello y ante las m\u00faltiples carencias que aquejan a las comunidades y a los municipios, iniciamos una ruta de atenci\u00f3n y respuesta directa a los pueblos\u00bb, sostuvo.<\/p>\n\n\n\n<p>Mientras en el pasado se dedicaban a saquear y robar -dijo- ahora este Gobierno asiste al territorio, escucha de viva voz a las personas y realiza acciones que causan verdadero impacto positivo en las poblaciones.<\/p>\n\n\n\n<figure class=\"wp-block-image size-large\"><img fetchpriority=\"high\" decoding=\"async\" width=\"1024\" height=\"682\" src=\"https:\/\/contextoanalisisperiodistico.com\/wp-content\/uploads\/2023\/05\/img-20230503-wa01163877834816626438813-1024x682.jpg\" alt=\"\" class=\"wp-image-12839\" srcset=\"https:\/\/contextoanalisisperiodistico.com\/wp-content\/uploads\/2023\/05\/img-20230503-wa01163877834816626438813-1024x682.jpg 1024w, https:\/\/contextoanalisisperiodistico.com\/wp-content\/uploads\/2023\/05\/img-20230503-wa01163877834816626438813-300x200.jpg 300w, https:\/\/contextoanalisisperiodistico.com\/wp-content\/uploads\/2023\/05\/img-20230503-wa01163877834816626438813-768x512.jpg 768w, https:\/\/contextoanalisisperiodistico.com\/wp-content\/uploads\/2023\/05\/img-20230503-wa01163877834816626438813-1536x1023.jpg 1536w, https:\/\/contextoanalisisperiodistico.com\/wp-content\/uploads\/2023\/05\/img-20230503-wa01163877834816626438813.jpg 1600w\" sizes=\"(max-width: 1024px) 100vw, 1024px\" \/><\/figure>\n\n\n\n<figure class=\"wp-block-image\"><img decoding=\"async\" width=\"1024\" height=\"682\" src=\"https:\/\/contextoanalisisperiodistico.com\/wp-content\/uploads\/2023\/05\/img-20230503-wa01157407932806794672910-1024x682.jpg\" alt=\"\" class=\"wp-image-12836\" srcset=\"https:\/\/contextoanalisisperiodistico.com\/wp-content\/uploads\/2023\/05\/img-20230503-wa01157407932806794672910-1024x682.jpg 1024w, https:\/\/contextoanalisisperiodistico.com\/wp-content\/uploads\/2023\/05\/img-20230503-wa01157407932806794672910-300x200.jpg 300w, https:\/\/contextoanalisisperiodistico.com\/wp-content\/uploads\/2023\/05\/img-20230503-wa01157407932806794672910-768x512.jpg 768w, https:\/\/contextoanalisisperiodistico.com\/wp-content\/uploads\/2023\/05\/img-20230503-wa01157407932806794672910-1536x1023.jpg 1536w, https:\/\/contextoanalisisperiodistico.com\/wp-content\/uploads\/2023\/05\/img-20230503-wa01157407932806794672910.jpg 1600w\" sizes=\"(max-width: 1024px) 100vw, 1024px\" \/><\/figure>\n\n\n\n<figure class=\"wp-block-image\"><img decoding=\"async\" width=\"1024\" height=\"682\" src=\"https:\/\/contextoanalisisperiodistico.com\/wp-content\/uploads\/2023\/05\/img-20230503-wa01129132932898291717360-1024x682.jpg\" alt=\"\" class=\"wp-image-12838\" srcset=\"https:\/\/contextoanalisisperiodistico.com\/wp-content\/uploads\/2023\/05\/img-20230503-wa01129132932898291717360-1024x682.jpg 1024w, https:\/\/contextoanalisisperiodistico.com\/wp-content\/uploads\/2023\/05\/img-20230503-wa01129132932898291717360-300x200.jpg 300w, https:\/\/contextoanalisisperiodistico.com\/wp-content\/uploads\/2023\/05\/img-20230503-wa01129132932898291717360-768x512.jpg 768w, https:\/\/contextoanalisisperiodistico.com\/wp-content\/uploads\/2023\/05\/img-20230503-wa01129132932898291717360-1536x1023.jpg 1536w, https:\/\/contextoanalisisperiodistico.com\/wp-content\/uploads\/2023\/05\/img-20230503-wa01129132932898291717360.jpg 1600w\" sizes=\"(max-width: 1024px) 100vw, 1024px\" \/><\/figure>\n\n\n\n<figure class=\"wp-block-image\"><img loading=\"lazy\" decoding=\"async\" width=\"1024\" height=\"682\" src=\"https:\/\/contextoanalisisperiodistico.com\/wp-content\/uploads\/2023\/05\/img-20230503-wa01135693809094662697360-1024x682.jpg\" alt=\"\" class=\"wp-image-12835\" srcset=\"https:\/\/contextoanalisisperiodistico.com\/wp-content\/uploads\/2023\/05\/img-20230503-wa01135693809094662697360-1024x682.jpg 1024w, https:\/\/contextoanalisisperiodistico.com\/wp-content\/uploads\/2023\/05\/img-20230503-wa01135693809094662697360-300x200.jpg 300w, https:\/\/contextoanalisisperiodistico.com\/wp-content\/uploads\/2023\/05\/img-20230503-wa01135693809094662697360-768x512.jpg 768w, https:\/\/contextoanalisisperiodistico.com\/wp-content\/uploads\/2023\/05\/img-20230503-wa01135693809094662697360-1536x1023.jpg 1536w, https:\/\/contextoanalisisperiodistico.com\/wp-content\/uploads\/2023\/05\/img-20230503-wa01135693809094662697360.jpg 1600w\" sizes=\"(max-width: 1024px) 100vw, 1024px\" \/><\/figure>\n\n\n\n<figure class=\"wp-block-image\"><img loading=\"lazy\" decoding=\"async\" width=\"1024\" height=\"682\" src=\"https:\/\/contextoanalisisperiodistico.com\/wp-content\/uploads\/2023\/05\/img-20230503-wa01141836757350271565176-1024x682.jpg\" alt=\"\" class=\"wp-image-12837\" srcset=\"https:\/\/contextoanalisisperiodistico.com\/wp-content\/uploads\/2023\/05\/img-20230503-wa01141836757350271565176-1024x682.jpg 1024w, https:\/\/contextoanalisisperiodistico.com\/wp-content\/uploads\/2023\/05\/img-20230503-wa01141836757350271565176-300x200.jpg 300w, https:\/\/contextoanalisisperiodistico.com\/wp-content\/uploads\/2023\/05\/img-20230503-wa01141836757350271565176-768x512.jpg 768w, https:\/\/contextoanalisisperiodistico.com\/wp-content\/uploads\/2023\/05\/img-20230503-wa01141836757350271565176-1536x1023.jpg 1536w, https:\/\/contextoanalisisperiodistico.com\/wp-content\/uploads\/2023\/05\/img-20230503-wa01141836757350271565176.jpg 1600w\" sizes=\"(max-width: 1024px) 100vw, 1024px\" \/><\/figure>\n","protected":false},"excerpt":{"rendered":"<p>\u2022 El Gobernador Salom\u00f3n Jara Cruz refrend\u00f3 el compromiso de atender las demandas de las&#8230;<\/p>\n","protected":false},"author":4,"featured_media":12834,"comment_status":"closed","ping_status":"open","sticky":false,"template":"","format":"standard","meta":{"footnotes":""},"categories":[9],"tags":[],"jetpack_sharing_enabled":true,"featured_image_urls":{"full":["https:\/\/contextoanalisisperiodistico.com\/wp-content\/uploads\/2023\/05\/IMG-20230503-WA0118.jpg",1600,1066,false],"thumbnail":["https:\/\/contextoanalisisperiodistico.com\/wp-content\/uploads\/2023\/05\/IMG-20230503-WA0118-150x150.jpg",150,150,true],"medium":["https:\/\/contextoanalisisperiodistico.com\/wp-content\/uploads\/2023\/05\/IMG-20230503-WA0118-300x200.jpg",300,200,true],"medium_large":["https:\/\/contextoanalisisperiodistico.com\/wp-content\/uploads\/2023\/05\/IMG-20230503-WA0118-768x512.jpg",640,427,true],"large":["https:\/\/contextoanalisisperiodistico.com\/wp-content\/uploads\/2023\/05\/IMG-20230503-WA0118-1024x682.jpg",640,426,true],"1536x1536":["https:\/\/contextoanalisisperiodistico.com\/wp-content\/uploads\/2023\/05\/IMG-20230503-WA0118-1536x1023.jpg",1536,1023,true],"2048x2048":["https:\/\/contextoanalisisperiodistico.com\/wp-content\/uploads\/2023\/05\/IMG-20230503-WA0118.jpg",1600,1066,false],"covernews-slider-full":["https:\/\/contextoanalisisperiodistico.com\/wp-content\/uploads\/2023\/05\/IMG-20230503-WA0118-1115x715.jpg",1115,715,true],"covernews-slider-center":["https:\/\/contextoanalisisperiodistico.com\/wp-content\/uploads\/2023\/05\/IMG-20230503-WA0118-800x500.jpg",800,500,true],"covernews-featured":["https:\/\/contextoanalisisperiodistico.com\/wp-content\/uploads\/2023\/05\/IMG-20230503-WA0118-1024x682.jpg",1024,682,true],"covernews-medium":["https:\/\/contextoanalisisperiodistico.com\/wp-content\/uploads\/2023\/05\/IMG-20230503-WA0118-540x340.jpg",540,340,true],"covernews-medium-square":["https:\/\/contextoanalisisperiodistico.com\/wp-content\/uploads\/2023\/05\/IMG-20230503-WA0118-400x250.jpg",400,250,true]},"author_info":{"display_name":"Mario Gir\u00f3n","author_link":"https:\/\/contextoanalisisperiodistico.com\/index.php\/author\/director\/"},"category_info":"<a href=\"https:\/\/contextoanalisisperiodistico.com\/index.php\/category\/politica\/\" rel=\"category tag\">Pol\u00edtica<\/a>","tag_info":"Pol\u00edtica","comment_count":"0","jetpack_featured_media_url":"https:\/\/contextoanalisisperiodistico.com\/wp-content\/uploads\/2023\/05\/IMG-20230503-WA0118.jpg","_links":{"self":[{"href":"https:\/\/contextoanalisisperiodistico.com\/index.php\/wp-json\/wp\/v2\/posts\/12833"}],"collection":[{"href":"https:\/\/contextoanalisisperiodistico.com\/index.php\/wp-json\/wp\/v2\/posts"}],"about":[{"href":"https:\/\/contextoanalisisperiodistico.com\/index.php\/wp-json\/wp\/v2\/types\/post"}],"author":[{"embeddable":true,"href":"https:\/\/contextoanalisisperiodistico.com\/index.php\/wp-json\/wp\/v2\/users\/4"}],"replies":[{"embeddable":true,"href":"https:\/\/contextoanalisisperiodistico.com\/index.php\/wp-json\/wp\/v2\/comments?post=12833"}],"version-history":[{"count":1,"href":"https:\/\/contextoanalisisperiodistico.com\/index.php\/wp-json\/wp\/v2\/posts\/12833\/revisions"}],"predecessor-version":[{"id":12840,"href":"https:\/\/contextoanalisisperiodistico.com\/index.php\/wp-json\/wp\/v2\/posts\/12833\/revisions\/12840"}],"wp:featuredmedia":[{"embeddable":true,"href":"https:\/\/contextoanalisisperiodistico.com\/index.php\/wp-json\/wp\/v2\/media\/12834"}],"wp:attachment":[{"href":"https:\/\/contextoanalisisperiodistico.com\/index.php\/wp-json\/wp\/v2\/media?parent=12833"}],"wp:term":[{"taxonomy":"category","embeddable":true,"href":"https:\/\/contextoanalisisperiodistico.com\/index.php\/wp-json\/wp\/v2\/categories?post=12833"},{"taxonomy":"post_tag","embeddable":true,"href":"https:\/\/contextoanalisisperiodistico.com\/index.php\/wp-json\/wp\/v2\/tags?post=12833"}],"curies":[{"name":"wp","href":"https:\/\/api.w.org\/{rel}","templated":true}]}}