{"id":12824,"date":"2023-05-03T17:17:23","date_gmt":"2023-05-03T23:17:23","guid":{"rendered":"https:\/\/contextoanalisisperiodistico.com\/?p=12824"},"modified":"2023-05-03T17:17:36","modified_gmt":"2023-05-03T23:17:36","slug":"entrega-fundacion-nino-lentes-gratuitos-a-estudiantes-de-secundaria","status":"publish","type":"post","link":"https:\/\/contextoanalisisperiodistico.com\/index.php\/2023\/05\/03\/entrega-fundacion-nino-lentes-gratuitos-a-estudiantes-de-secundaria\/","title":{"rendered":"Entrega Fundaci\u00f3n NINO lentes gratuitos a estudiantes de secundaria"},"content":{"rendered":"<div id=\"fb-root\"><\/div>\n\n<ul>\n<li>Alumnos de la Secundaria &#8216;Jos\u00e9 Vasconcelos&#8217; de Uni\u00f3n Hidalgo, en la regi\u00f3n del Istmo de Tehuantepec, agradecieron el apoyo<\/li>\n<\/ul>\n\n\n\n<p>Con una gran sonrisa en sus rostros, personal estudiantil de la Secundaria &#8216;Jos\u00e9 Vasconcelos&#8217; de Uni\u00f3n Hidalgo, recibieron lentes gratuitos por parte de la Fundaci\u00f3n NINO.<\/p>\n\n\n\n<p>En su intervenci\u00f3n, la directora de plantel Marisela Blas de la Cruz, y el subdirector Agust\u00edn de la Rosa G\u00f3mez,<br \/>agradecieron, a nombre del cuerpo docente y administrativo, el apoyo brindado a las y los estudiantes, ya que los lentes son una herramienta fundamental para su rendimiento escolar.<\/p>\n\n\n\n<p>Acompa\u00f1ado como.invitado del dirigente de la organizaci\u00f3n FUCO, Geraldy Orozco, el representante de la Fundaci\u00f3n NINO, Juan Carlos Orozco Matus, se\u00f1al\u00f3 que atender a la poblaci\u00f3n infantil y juvenil de Oaxaca es un compromiso ineludible de la Fundaci\u00f3n, por lo que previamente acudieron m\u00e9dicos oftalm\u00f3logos a la instituci\u00f3n educativa para la realizaci\u00f3n de los ex\u00e1menes de la vista.<\/p>\n\n\n\n<p>Cabe mencionar que la Fundaci\u00f3n NINO tiene como fin ayudar a las y los j\u00f3venes de escasos recursos con ex\u00e1menes de la vista y la entrega de lentes de forma gratuita.<\/p>\n\n\n\n<figure class=\"wp-block-image size-large\"><img fetchpriority=\"high\" decoding=\"async\" width=\"1024\" height=\"684\" src=\"https:\/\/contextoanalisisperiodistico.com\/wp-content\/uploads\/2023\/05\/img-20230503-wa00953369926531778463182-1024x684.jpg\" alt=\"\" class=\"wp-image-12826\" srcset=\"https:\/\/contextoanalisisperiodistico.com\/wp-content\/uploads\/2023\/05\/img-20230503-wa00953369926531778463182-1024x684.jpg 1024w, https:\/\/contextoanalisisperiodistico.com\/wp-content\/uploads\/2023\/05\/img-20230503-wa00953369926531778463182-300x200.jpg 300w, https:\/\/contextoanalisisperiodistico.com\/wp-content\/uploads\/2023\/05\/img-20230503-wa00953369926531778463182-768x513.jpg 768w, https:\/\/contextoanalisisperiodistico.com\/wp-content\/uploads\/2023\/05\/img-20230503-wa00953369926531778463182-1536x1025.jpg 1536w, https:\/\/contextoanalisisperiodistico.com\/wp-content\/uploads\/2023\/05\/img-20230503-wa00953369926531778463182.jpg 1600w\" sizes=\"(max-width: 1024px) 100vw, 1024px\" \/><\/figure>\n","protected":false},"excerpt":{"rendered":"<p>Con una gran sonrisa en sus rostros, personal estudiantil de la Secundaria &#8216;Jos\u00e9 Vasconcelos&#8217; de&#8230;<\/p>\n","protected":false},"author":4,"featured_media":12825,"comment_status":"closed","ping_status":"open","sticky":false,"template":"","format":"standard","meta":{"footnotes":""},"categories":[9],"tags":[],"jetpack_sharing_enabled":true,"featured_image_urls":{"full":["https:\/\/contextoanalisisperiodistico.com\/wp-content\/uploads\/2023\/05\/IMG-20230503-WA0096.jpg",720,883,false],"thumbnail":["https:\/\/contextoanalisisperiodistico.com\/wp-content\/uploads\/2023\/05\/IMG-20230503-WA0096-150x150.jpg",150,150,true],"medium":["https:\/\/contextoanalisisperiodistico.com\/wp-content\/uploads\/2023\/05\/IMG-20230503-WA0096-245x300.jpg",245,300,true],"medium_large":["https:\/\/contextoanalisisperiodistico.com\/wp-content\/uploads\/2023\/05\/IMG-20230503-WA0096.jpg",640,785,false],"large":["https:\/\/contextoanalisisperiodistico.com\/wp-content\/uploads\/2023\/05\/IMG-20230503-WA0096.jpg",640,785,false],"1536x1536":["https:\/\/contextoanalisisperiodistico.com\/wp-content\/uploads\/2023\/05\/IMG-20230503-WA0096.jpg",720,883,false],"2048x2048":["https:\/\/contextoanalisisperiodistico.com\/wp-content\/uploads\/2023\/05\/IMG-20230503-WA0096.jpg",720,883,false],"covernews-slider-full":["https:\/\/contextoanalisisperiodistico.com\/wp-content\/uploads\/2023\/05\/IMG-20230503-WA0096-720x715.jpg",720,715,true],"covernews-slider-center":["https:\/\/contextoanalisisperiodistico.com\/wp-content\/uploads\/2023\/05\/IMG-20230503-WA0096-720x500.jpg",720,500,true],"covernews-featured":["https:\/\/contextoanalisisperiodistico.com\/wp-content\/uploads\/2023\/05\/IMG-20230503-WA0096.jpg",720,883,false],"covernews-medium":["https:\/\/contextoanalisisperiodistico.com\/wp-content\/uploads\/2023\/05\/IMG-20230503-WA0096-540x340.jpg",540,340,true],"covernews-medium-square":["https:\/\/contextoanalisisperiodistico.com\/wp-content\/uploads\/2023\/05\/IMG-20230503-WA0096-400x250.jpg",400,250,true]},"author_info":{"display_name":"Mario Gir\u00f3n","author_link":"https:\/\/contextoanalisisperiodistico.com\/index.php\/author\/director\/"},"category_info":"<a href=\"https:\/\/contextoanalisisperiodistico.com\/index.php\/category\/politica\/\" rel=\"category tag\">Pol\u00edtica<\/a>","tag_info":"Pol\u00edtica","comment_count":"0","jetpack_featured_media_url":"https:\/\/contextoanalisisperiodistico.com\/wp-content\/uploads\/2023\/05\/IMG-20230503-WA0096.jpg","_links":{"self":[{"href":"https:\/\/contextoanalisisperiodistico.com\/index.php\/wp-json\/wp\/v2\/posts\/12824"}],"collection":[{"href":"https:\/\/contextoanalisisperiodistico.com\/index.php\/wp-json\/wp\/v2\/posts"}],"about":[{"href":"https:\/\/contextoanalisisperiodistico.com\/index.php\/wp-json\/wp\/v2\/types\/post"}],"author":[{"embeddable":true,"href":"https:\/\/contextoanalisisperiodistico.com\/index.php\/wp-json\/wp\/v2\/users\/4"}],"replies":[{"embeddable":true,"href":"https:\/\/contextoanalisisperiodistico.com\/index.php\/wp-json\/wp\/v2\/comments?post=12824"}],"version-history":[{"count":1,"href":"https:\/\/contextoanalisisperiodistico.com\/index.php\/wp-json\/wp\/v2\/posts\/12824\/revisions"}],"predecessor-version":[{"id":12827,"href":"https:\/\/contextoanalisisperiodistico.com\/index.php\/wp-json\/wp\/v2\/posts\/12824\/revisions\/12827"}],"wp:featuredmedia":[{"embeddable":true,"href":"https:\/\/contextoanalisisperiodistico.com\/index.php\/wp-json\/wp\/v2\/media\/12825"}],"wp:attachment":[{"href":"https:\/\/contextoanalisisperiodistico.com\/index.php\/wp-json\/wp\/v2\/media?parent=12824"}],"wp:term":[{"taxonomy":"category","embeddable":true,"href":"https:\/\/contextoanalisisperiodistico.com\/index.php\/wp-json\/wp\/v2\/categories?post=12824"},{"taxonomy":"post_tag","embeddable":true,"href":"https:\/\/contextoanalisisperiodistico.com\/index.php\/wp-json\/wp\/v2\/tags?post=12824"}],"curies":[{"name":"wp","href":"https:\/\/api.w.org\/{rel}","templated":true}]}}