{"id":12823,"date":"2023-05-03T16:42:05","date_gmt":"2023-05-03T22:42:05","guid":{"rendered":"https:\/\/contextoanalisisperiodistico.com\/index.php\/2023\/05\/03\/pleno-del-ogaipo-aprueba-el-termino-de-la-suspension-de-plazos-para-servicios-de-salud-de-oaxaca\/"},"modified":"2023-05-03T16:42:05","modified_gmt":"2023-05-03T22:42:05","slug":"pleno-del-ogaipo-aprueba-el-termino-de-la-suspension-de-plazos-para-servicios-de-salud-de-oaxaca","status":"publish","type":"post","link":"https:\/\/contextoanalisisperiodistico.com\/index.php\/2023\/05\/03\/pleno-del-ogaipo-aprueba-el-termino-de-la-suspension-de-plazos-para-servicios-de-salud-de-oaxaca\/","title":{"rendered":"Pleno del OGAIPO aprueba el t\u00e9rmino de la suspensi\u00f3n de plazos para servicios de Salud de Oaxaca"},"content":{"rendered":"<div id=\"fb-root\"><\/div>\n\n<p><strong>&nbsp;<\/strong><\/p>\n\n\n\n<p>Oaxaca de Ju\u00e1rez, Oaxaca, a 2 de mayo de 2023.- Con fundamento en la Constituci\u00f3n Pol\u00edtica de los Estados Unidos Mexicanos, en la Constituci\u00f3n Pol\u00edtica del Estado Libre y Soberano de Oaxaca, en la Ley de Transparencia, Acceso a la Informaci\u00f3n P\u00fablica y Buen Gobierno del Estado de Oaxaca y del Reglamento Interno del \u00d3rgano Garante de Acceso a la Informaci\u00f3n P\u00fablica, Transparencia, Protecci\u00f3n de Datos Personales y Buen Gobierno del Estado de Oaxaca (OGAIPO), esta tarde, el Consejo General del \u00d3rgano Local de Transparencia celebr\u00f3 su Novena Sesi\u00f3n Extraordinaria 2023.<\/p>\n\n\n\n<p>&nbsp;<\/p>\n\n\n\n<p>En la Sesi\u00f3n particip\u00f3 el Pleno del OGAIPO, integrado por las Comisionadas, Mar\u00eda Tanivet Ramos Reyes, X\u00f3chitl Elizabeth M\u00e9ndez S\u00e1nchez, Claudia Ivette Soto Pineda, el Comisionado Jos\u00e9 Luis Echeverr\u00eda Morales y el Comisionado Presidente, Josu\u00e9 Solana Salmor\u00e1n.<\/p>\n\n\n\n<p>&nbsp;<\/p>\n\n\n\n<p>En esta Sesi\u00f3n, el Consejo General del OGAIPO aprob\u00f3 por unanimidad de votos, el acuerdo mediante el cual se aprueba el t\u00e9rmino de la suspensi\u00f3n de plazos legales para la sustanciaci\u00f3n en los procedimientos para la tramitaci\u00f3n de solicitudes de acceso a la informaci\u00f3n p\u00fablica y de protecci\u00f3n de datos personales, recursos de revisi\u00f3n, quejas y denuncias, as\u00ed como, la publicaci\u00f3n y actualizaci\u00f3n de las obligaciones de transparencia y la solventaci\u00f3n de las mismas para los Servicios de Salud de Oaxaca.<\/p>\n","protected":false},"excerpt":{"rendered":"<p>&nbsp; Oaxaca de Ju\u00e1rez, Oaxaca, a 2 de mayo de 2023.- Con fundamento en la&#8230;<\/p>\n","protected":false},"author":4,"featured_media":12822,"comment_status":"","ping_status":"open","sticky":false,"template":"","format":"standard","meta":{"footnotes":""},"categories":[3],"tags":[],"jetpack_sharing_enabled":true,"featured_image_urls":{"full":["https:\/\/contextoanalisisperiodistico.com\/wp-content\/uploads\/2023\/05\/ogaipo_SEIV_Mesadetrabajo1.png",5000,3000,false],"thumbnail":["https:\/\/contextoanalisisperiodistico.com\/wp-content\/uploads\/2023\/05\/ogaipo_SEIV_Mesadetrabajo1-150x150.png",150,150,true],"medium":["https:\/\/contextoanalisisperiodistico.com\/wp-content\/uploads\/2023\/05\/ogaipo_SEIV_Mesadetrabajo1-300x180.png",300,180,true],"medium_large":["https:\/\/contextoanalisisperiodistico.com\/wp-content\/uploads\/2023\/05\/ogaipo_SEIV_Mesadetrabajo1-768x461.png",640,384,true],"large":["https:\/\/contextoanalisisperiodistico.com\/wp-content\/uploads\/2023\/05\/ogaipo_SEIV_Mesadetrabajo1-1024x614.png",640,384,true],"1536x1536":["https:\/\/contextoanalisisperiodistico.com\/wp-content\/uploads\/2023\/05\/ogaipo_SEIV_Mesadetrabajo1-1536x922.png",1536,922,true],"2048x2048":["https:\/\/contextoanalisisperiodistico.com\/wp-content\/uploads\/2023\/05\/ogaipo_SEIV_Mesadetrabajo1-2048x1229.png",2048,1229,true],"covernews-slider-full":["https:\/\/contextoanalisisperiodistico.com\/wp-content\/uploads\/2023\/05\/ogaipo_SEIV_Mesadetrabajo1-1115x715.png",1115,715,true],"covernews-slider-center":["https:\/\/contextoanalisisperiodistico.com\/wp-content\/uploads\/2023\/05\/ogaipo_SEIV_Mesadetrabajo1-800x500.png",800,500,true],"covernews-featured":["https:\/\/contextoanalisisperiodistico.com\/wp-content\/uploads\/2023\/05\/ogaipo_SEIV_Mesadetrabajo1-1024x614.png",1024,614,true],"covernews-medium":["https:\/\/contextoanalisisperiodistico.com\/wp-content\/uploads\/2023\/05\/ogaipo_SEIV_Mesadetrabajo1-540x340.png",540,340,true],"covernews-medium-square":["https:\/\/contextoanalisisperiodistico.com\/wp-content\/uploads\/2023\/05\/ogaipo_SEIV_Mesadetrabajo1-400x250.png",400,250,true]},"author_info":{"display_name":"Mario Gir\u00f3n","author_link":"https:\/\/contextoanalisisperiodistico.com\/index.php\/author\/director\/"},"category_info":"<a href=\"https:\/\/contextoanalisisperiodistico.com\/index.php\/category\/ciudad\/\" rel=\"category tag\">Ciudad<\/a>","tag_info":"Ciudad","comment_count":"0","jetpack_featured_media_url":"https:\/\/contextoanalisisperiodistico.com\/wp-content\/uploads\/2023\/05\/ogaipo_SEIV_Mesadetrabajo1.png","_links":{"self":[{"href":"https:\/\/contextoanalisisperiodistico.com\/index.php\/wp-json\/wp\/v2\/posts\/12823"}],"collection":[{"href":"https:\/\/contextoanalisisperiodistico.com\/index.php\/wp-json\/wp\/v2\/posts"}],"about":[{"href":"https:\/\/contextoanalisisperiodistico.com\/index.php\/wp-json\/wp\/v2\/types\/post"}],"author":[{"embeddable":true,"href":"https:\/\/contextoanalisisperiodistico.com\/index.php\/wp-json\/wp\/v2\/users\/4"}],"replies":[{"embeddable":true,"href":"https:\/\/contextoanalisisperiodistico.com\/index.php\/wp-json\/wp\/v2\/comments?post=12823"}],"version-history":[{"count":0,"href":"https:\/\/contextoanalisisperiodistico.com\/index.php\/wp-json\/wp\/v2\/posts\/12823\/revisions"}],"wp:featuredmedia":[{"embeddable":true,"href":"https:\/\/contextoanalisisperiodistico.com\/index.php\/wp-json\/wp\/v2\/media\/12822"}],"wp:attachment":[{"href":"https:\/\/contextoanalisisperiodistico.com\/index.php\/wp-json\/wp\/v2\/media?parent=12823"}],"wp:term":[{"taxonomy":"category","embeddable":true,"href":"https:\/\/contextoanalisisperiodistico.com\/index.php\/wp-json\/wp\/v2\/categories?post=12823"},{"taxonomy":"post_tag","embeddable":true,"href":"https:\/\/contextoanalisisperiodistico.com\/index.php\/wp-json\/wp\/v2\/tags?post=12823"}],"curies":[{"name":"wp","href":"https:\/\/api.w.org\/{rel}","templated":true}]}}