{"id":12813,"date":"2023-05-03T14:55:27","date_gmt":"2023-05-03T20:55:27","guid":{"rendered":"https:\/\/contextoanalisisperiodistico.com\/?p=12813"},"modified":"2023-05-03T14:55:35","modified_gmt":"2023-05-03T20:55:35","slug":"atiende-gobernador-salomon-jara-demanda-historica-de-tres-municipios-mixtecos","status":"publish","type":"post","link":"https:\/\/contextoanalisisperiodistico.com\/index.php\/2023\/05\/03\/atiende-gobernador-salomon-jara-demanda-historica-de-tres-municipios-mixtecos\/","title":{"rendered":"Atiende Gobernador Salom\u00f3n Jara demanda hist\u00f3rica de  tres municipios mixtecos"},"content":{"rendered":"<div id=\"fb-root\"><\/div>\n\n<p>\u2022 Pone en marcha trabajos de pavimentaci\u00f3n de 42 kil\u00f3metros del camino que comunica a los municipios de Santiago Juxtlahuaca, San Sebasti\u00e1n Tecomaxtlahuaca y Coicoy\u00e1n de las Flores, en beneficio de 25 mil habitantes<\/p>\n\n\n\n<p>San Sebasti\u00e1n Tecomaxtlahuaca, Oax. 3 de mayo de 2023.- El Gobernador del Estado Salom\u00f3n Jara Cruz dio aqu\u00ed el banderazo de inicio de los trabajos para la construcci\u00f3n del camino que comunica al municipio de Santiago Juxtlahuaca con el de Coicoy\u00e1n de las Flores, el cual beneficiar\u00e1 a 25 mil oaxaque\u00f1as y oaxaque\u00f1os.<\/p>\n\n\n\n<p>La infraestructura carretera que se localiza en la regi\u00f3n Mixteca tendr\u00e1 una longitud de 42 kil\u00f3metros y consistir\u00e1 en la pavimentaci\u00f3n del camino que comprende obras de drenaje, construcci\u00f3n de la base hidr\u00e1ulica y se\u00f1alamientos.<\/p>\n\n\n\n<p>En el acto, el Mandatario estatal reiter\u00f3 el compromiso de su Gobierno para lograr la reparaci\u00f3n hist\u00f3rica de los pueblos y las comunidades, como eje estrat\u00e9gico para la implementaci\u00f3n de pol\u00edticas p\u00fablicas.<\/p>\n\n\n\n<p>\u00abEsta obra es muy importante porque el derecho al tr\u00e1nsito de la ciudadan\u00eda debe ser digno, en condiciones seguras y sin contratiempos que afecten la integridad, los veh\u00edculos y propiedades de las personas\u00bb, indic\u00f3.<\/p>\n\n\n\n<p>Afirm\u00f3 que esta carretera ha sido una demanda hist\u00f3rica de la ciudadan\u00eda de esta regi\u00f3n, por lo que en un acto de justicia y para resarcir el olvido de las administraciones pasadas, hoy su gobierno pone en marcha los trabajos.<\/p>\n\n\n\n<p>Inform\u00f3 que actualmente en toda la entidad hay m\u00e1s de 6 mil kil\u00f3metros de caminos da\u00f1ados, por lo que anunci\u00f3 que en breve iniciar\u00e1 la construcci\u00f3n de cinco caminos m\u00e1s entre los que destacan el de Tej\u00fapam de la Uni\u00f3n a Coixtlahuaca y de Huajuapan a Mariscala de Ju\u00e1rez en la regi\u00f3n Mixteca; de la Villa de D\u00edaz Ordaz a Villa Alta en la Sierra Ju\u00e1rez y de Sola de Vega en la Sierra Sur a Puerto Escondido en la regi\u00f3n de la Costa.<\/p>\n\n\n\n<p>Afirm\u00f3 que en este gobierno del pueblo las acciones de impacto y trascendencia social se har\u00e1n para el beneficio de las comunidades y de sus habitantes, principalmente en las zonas m\u00e1s olvidadas y marginadas de la entidad.<\/p>\n\n\n\n<p>Reiter\u00f3 que para este primer ejercicio fiscal del Gobierno de la Cuarta Transformaci\u00f3n se aplicar\u00e1 un presupuesto por primera vez con contenido social para la construcci\u00f3n de caminos a las agencias municipales con recursos por mil millones de pesos.<\/p>\n\n\n\n<figure class=\"wp-block-image size-large\"><img fetchpriority=\"high\" decoding=\"async\" width=\"1024\" height=\"682\" src=\"https:\/\/contextoanalisisperiodistico.com\/wp-content\/uploads\/2023\/05\/img-20230503-wa00857212702439191940646-1024x682.jpg\" alt=\"\" class=\"wp-image-12817\" srcset=\"https:\/\/contextoanalisisperiodistico.com\/wp-content\/uploads\/2023\/05\/img-20230503-wa00857212702439191940646-1024x682.jpg 1024w, https:\/\/contextoanalisisperiodistico.com\/wp-content\/uploads\/2023\/05\/img-20230503-wa00857212702439191940646-300x200.jpg 300w, https:\/\/contextoanalisisperiodistico.com\/wp-content\/uploads\/2023\/05\/img-20230503-wa00857212702439191940646-768x512.jpg 768w, https:\/\/contextoanalisisperiodistico.com\/wp-content\/uploads\/2023\/05\/img-20230503-wa00857212702439191940646-1536x1023.jpg 1536w, https:\/\/contextoanalisisperiodistico.com\/wp-content\/uploads\/2023\/05\/img-20230503-wa00857212702439191940646.jpg 1600w\" sizes=\"(max-width: 1024px) 100vw, 1024px\" \/><\/figure>\n\n\n\n<figure class=\"wp-block-image\"><img decoding=\"async\" width=\"1024\" height=\"682\" src=\"https:\/\/contextoanalisisperiodistico.com\/wp-content\/uploads\/2023\/05\/img-20230503-wa00868731740488067833163-1024x682.jpg\" alt=\"\" class=\"wp-image-12815\" srcset=\"https:\/\/contextoanalisisperiodistico.com\/wp-content\/uploads\/2023\/05\/img-20230503-wa00868731740488067833163-1024x682.jpg 1024w, https:\/\/contextoanalisisperiodistico.com\/wp-content\/uploads\/2023\/05\/img-20230503-wa00868731740488067833163-300x200.jpg 300w, https:\/\/contextoanalisisperiodistico.com\/wp-content\/uploads\/2023\/05\/img-20230503-wa00868731740488067833163-768x512.jpg 768w, https:\/\/contextoanalisisperiodistico.com\/wp-content\/uploads\/2023\/05\/img-20230503-wa00868731740488067833163-1536x1023.jpg 1536w, https:\/\/contextoanalisisperiodistico.com\/wp-content\/uploads\/2023\/05\/img-20230503-wa00868731740488067833163.jpg 1600w\" sizes=\"(max-width: 1024px) 100vw, 1024px\" \/><\/figure>\n\n\n\n<figure class=\"wp-block-image\"><img decoding=\"async\" width=\"1024\" height=\"682\" src=\"https:\/\/contextoanalisisperiodistico.com\/wp-content\/uploads\/2023\/05\/img-20230503-wa00847842344310075317782-1024x682.jpg\" alt=\"\" class=\"wp-image-12816\" srcset=\"https:\/\/contextoanalisisperiodistico.com\/wp-content\/uploads\/2023\/05\/img-20230503-wa00847842344310075317782-1024x682.jpg 1024w, https:\/\/contextoanalisisperiodistico.com\/wp-content\/uploads\/2023\/05\/img-20230503-wa00847842344310075317782-300x200.jpg 300w, https:\/\/contextoanalisisperiodistico.com\/wp-content\/uploads\/2023\/05\/img-20230503-wa00847842344310075317782-768x512.jpg 768w, https:\/\/contextoanalisisperiodistico.com\/wp-content\/uploads\/2023\/05\/img-20230503-wa00847842344310075317782-1536x1023.jpg 1536w, https:\/\/contextoanalisisperiodistico.com\/wp-content\/uploads\/2023\/05\/img-20230503-wa00847842344310075317782.jpg 1600w\" sizes=\"(max-width: 1024px) 100vw, 1024px\" \/><\/figure>\n","protected":false},"excerpt":{"rendered":"<p>\u2022 Pone en marcha trabajos de pavimentaci\u00f3n de 42 kil\u00f3metros del camino que comunica a&#8230;<\/p>\n","protected":false},"author":4,"featured_media":12814,"comment_status":"closed","ping_status":"open","sticky":false,"template":"","format":"standard","meta":{"footnotes":""},"categories":[9],"tags":[],"jetpack_sharing_enabled":true,"featured_image_urls":{"full":["https:\/\/contextoanalisisperiodistico.com\/wp-content\/uploads\/2023\/05\/IMG-20230503-WA0083.jpg",1600,1066,false],"thumbnail":["https:\/\/contextoanalisisperiodistico.com\/wp-content\/uploads\/2023\/05\/IMG-20230503-WA0083-150x150.jpg",150,150,true],"medium":["https:\/\/contextoanalisisperiodistico.com\/wp-content\/uploads\/2023\/05\/IMG-20230503-WA0083-300x200.jpg",300,200,true],"medium_large":["https:\/\/contextoanalisisperiodistico.com\/wp-content\/uploads\/2023\/05\/IMG-20230503-WA0083-768x512.jpg",640,427,true],"large":["https:\/\/contextoanalisisperiodistico.com\/wp-content\/uploads\/2023\/05\/IMG-20230503-WA0083-1024x682.jpg",640,426,true],"1536x1536":["https:\/\/contextoanalisisperiodistico.com\/wp-content\/uploads\/2023\/05\/IMG-20230503-WA0083-1536x1023.jpg",1536,1023,true],"2048x2048":["https:\/\/contextoanalisisperiodistico.com\/wp-content\/uploads\/2023\/05\/IMG-20230503-WA0083.jpg",1600,1066,false],"covernews-slider-full":["https:\/\/contextoanalisisperiodistico.com\/wp-content\/uploads\/2023\/05\/IMG-20230503-WA0083-1115x715.jpg",1115,715,true],"covernews-slider-center":["https:\/\/contextoanalisisperiodistico.com\/wp-content\/uploads\/2023\/05\/IMG-20230503-WA0083-800x500.jpg",800,500,true],"covernews-featured":["https:\/\/contextoanalisisperiodistico.com\/wp-content\/uploads\/2023\/05\/IMG-20230503-WA0083-1024x682.jpg",1024,682,true],"covernews-medium":["https:\/\/contextoanalisisperiodistico.com\/wp-content\/uploads\/2023\/05\/IMG-20230503-WA0083-540x340.jpg",540,340,true],"covernews-medium-square":["https:\/\/contextoanalisisperiodistico.com\/wp-content\/uploads\/2023\/05\/IMG-20230503-WA0083-400x250.jpg",400,250,true]},"author_info":{"display_name":"Mario Gir\u00f3n","author_link":"https:\/\/contextoanalisisperiodistico.com\/index.php\/author\/director\/"},"category_info":"<a href=\"https:\/\/contextoanalisisperiodistico.com\/index.php\/category\/politica\/\" rel=\"category tag\">Pol\u00edtica<\/a>","tag_info":"Pol\u00edtica","comment_count":"0","jetpack_featured_media_url":"https:\/\/contextoanalisisperiodistico.com\/wp-content\/uploads\/2023\/05\/IMG-20230503-WA0083.jpg","_links":{"self":[{"href":"https:\/\/contextoanalisisperiodistico.com\/index.php\/wp-json\/wp\/v2\/posts\/12813"}],"collection":[{"href":"https:\/\/contextoanalisisperiodistico.com\/index.php\/wp-json\/wp\/v2\/posts"}],"about":[{"href":"https:\/\/contextoanalisisperiodistico.com\/index.php\/wp-json\/wp\/v2\/types\/post"}],"author":[{"embeddable":true,"href":"https:\/\/contextoanalisisperiodistico.com\/index.php\/wp-json\/wp\/v2\/users\/4"}],"replies":[{"embeddable":true,"href":"https:\/\/contextoanalisisperiodistico.com\/index.php\/wp-json\/wp\/v2\/comments?post=12813"}],"version-history":[{"count":1,"href":"https:\/\/contextoanalisisperiodistico.com\/index.php\/wp-json\/wp\/v2\/posts\/12813\/revisions"}],"predecessor-version":[{"id":12818,"href":"https:\/\/contextoanalisisperiodistico.com\/index.php\/wp-json\/wp\/v2\/posts\/12813\/revisions\/12818"}],"wp:featuredmedia":[{"embeddable":true,"href":"https:\/\/contextoanalisisperiodistico.com\/index.php\/wp-json\/wp\/v2\/media\/12814"}],"wp:attachment":[{"href":"https:\/\/contextoanalisisperiodistico.com\/index.php\/wp-json\/wp\/v2\/media?parent=12813"}],"wp:term":[{"taxonomy":"category","embeddable":true,"href":"https:\/\/contextoanalisisperiodistico.com\/index.php\/wp-json\/wp\/v2\/categories?post=12813"},{"taxonomy":"post_tag","embeddable":true,"href":"https:\/\/contextoanalisisperiodistico.com\/index.php\/wp-json\/wp\/v2\/tags?post=12813"}],"curies":[{"name":"wp","href":"https:\/\/api.w.org\/{rel}","templated":true}]}}