{"id":12784,"date":"2023-05-03T06:03:54","date_gmt":"2023-05-03T12:03:54","guid":{"rendered":"https:\/\/contextoanalisisperiodistico.com\/?p=12784"},"modified":"2023-05-03T06:04:19","modified_gmt":"2023-05-03T12:04:19","slug":"perla-woolrich-dirigente-del-pan-pide-a-la-ciudadania-salir-defender-la-democracia-y-organismos-como-el-inai","status":"publish","type":"post","link":"https:\/\/contextoanalisisperiodistico.com\/index.php\/2023\/05\/03\/perla-woolrich-dirigente-del-pan-pide-a-la-ciudadania-salir-defender-la-democracia-y-organismos-como-el-inai\/","title":{"rendered":"Perla Woolrich, dirigente del PAN pide a la ciudadan\u00eda salir defender la democracia, y organismos como el INAI"},"content":{"rendered":"<div id=\"fb-root\"><\/div>\n\n<p><br>*La aprobaci\u00f3n de cr\u00e9ditos para municipios la consider\u00f3 una \u201cburla\u201d<\/p>\n\n\n\n<p>Comunicado:-La presidenta estatal de Acci\u00f3n Nacional, Perla Woolrich Fern\u00e1ndez, hizo un llamado a la ciudadan\u00eda para defender la democracia y las instituciones que garantizan los derechos humanos, como el INAI, que protege el acceso a la informaci\u00f3n y la privacidad de los datos personales de la poblaci\u00f3n.<\/p>\n\n\n\n<p>Expres\u00f3 su preocupaci\u00f3n ante el temor de los gobiernos de Morena y del presidente del pa\u00eds, de ser investigados por la corrupci\u00f3n que ha ocurrido en su sexenio. Por esta raz\u00f3n, considera fundamental la participaci\u00f3n ciudadana en el proceso electoral del 2024 para proteger la democracia en el pa\u00eds.<\/p>\n\n\n\n<p>Por ello, consider\u00f3 indispensable la participaci\u00f3n ciudadana, \u201cdeben quitarse el miedo, las c\u00e1maras empresariales y todos los organismos ciudadanos, la ciudadan\u00eda debe acudir al proceso electoral del 2024, porque puede ser la \u00faltima elecci\u00f3n que tengamos en el pa\u00eds\u201d.<\/p>\n\n\n\n<p>Incluso dijo que no basta con votar, \u201cporque no solo esa es su obligaci\u00f3n, deben accionar y demostrar su inconformidad, salir a las calles casi es necesario, tal como se hizo para defender el INE\u201d.<\/p>\n\n\n\n<p>En el \u00e1mbito local, Woolrich lament\u00f3 que el gobierno estatal est\u00e9 enga\u00f1ando a los presidentes municipales ofreci\u00e9ndoles endeudamiento a cambio de dinero inmediato.<\/p>\n\n\n\n<p>Mientras el mandatario estatal invierte sumas millonarias en su imagen en vez de destinar apoyos para combatir incendios, subsanar las necesidades de las comunidades en obras, agua potable, drenaje, etc.<\/p>\n\n\n\n<p>Dijo que el problema de los endeudamientos, es que todo lo seguir\u00e1 manejando el gobierno estatal, ser\u00e1 el mismo recaudador, y adicionalmente los limita a tener un techo financiero.<\/p>\n\n\n\n<p>Para algunos ayuntamientos, se les otorgan como m\u00e1ximo 200 mil pesos, \u201cqu\u00e9 cosa pueden hacer con ese monto para combatir la pobreza, para hacer obras y ni siquiera esos recursos pueden usarse para atender desastres naturales como los incendios, que actualmente a muchos les hace falta\u201d.<\/p>\n","protected":false},"excerpt":{"rendered":"<p>*La aprobaci\u00f3n de cr\u00e9ditos para municipios la consider\u00f3 una \u201cburla\u201d Comunicado:-La presidenta estatal de Acci\u00f3n&#8230;<\/p>\n","protected":false},"author":4,"featured_media":12785,"comment_status":"closed","ping_status":"open","sticky":false,"template":"","format":"standard","meta":{"footnotes":""},"categories":[9],"tags":[],"jetpack_sharing_enabled":true,"featured_image_urls":{"full":["https:\/\/contextoanalisisperiodistico.com\/wp-content\/uploads\/2023\/05\/IMG-20230502-WA0117.jpg",1024,704,false],"thumbnail":["https:\/\/contextoanalisisperiodistico.com\/wp-content\/uploads\/2023\/05\/IMG-20230502-WA0117-150x150.jpg",150,150,true],"medium":["https:\/\/contextoanalisisperiodistico.com\/wp-content\/uploads\/2023\/05\/IMG-20230502-WA0117-300x206.jpg",300,206,true],"medium_large":["https:\/\/contextoanalisisperiodistico.com\/wp-content\/uploads\/2023\/05\/IMG-20230502-WA0117-768x528.jpg",640,440,true],"large":["https:\/\/contextoanalisisperiodistico.com\/wp-content\/uploads\/2023\/05\/IMG-20230502-WA0117.jpg",640,440,false],"1536x1536":["https:\/\/contextoanalisisperiodistico.com\/wp-content\/uploads\/2023\/05\/IMG-20230502-WA0117.jpg",1024,704,false],"2048x2048":["https:\/\/contextoanalisisperiodistico.com\/wp-content\/uploads\/2023\/05\/IMG-20230502-WA0117.jpg",1024,704,false],"covernews-slider-full":["https:\/\/contextoanalisisperiodistico.com\/wp-content\/uploads\/2023\/05\/IMG-20230502-WA0117.jpg",1024,704,false],"covernews-slider-center":["https:\/\/contextoanalisisperiodistico.com\/wp-content\/uploads\/2023\/05\/IMG-20230502-WA0117-800x500.jpg",800,500,true],"covernews-featured":["https:\/\/contextoanalisisperiodistico.com\/wp-content\/uploads\/2023\/05\/IMG-20230502-WA0117.jpg",1024,704,false],"covernews-medium":["https:\/\/contextoanalisisperiodistico.com\/wp-content\/uploads\/2023\/05\/IMG-20230502-WA0117-540x340.jpg",540,340,true],"covernews-medium-square":["https:\/\/contextoanalisisperiodistico.com\/wp-content\/uploads\/2023\/05\/IMG-20230502-WA0117-400x250.jpg",400,250,true]},"author_info":{"display_name":"Mario Gir\u00f3n","author_link":"https:\/\/contextoanalisisperiodistico.com\/index.php\/author\/director\/"},"category_info":"<a href=\"https:\/\/contextoanalisisperiodistico.com\/index.php\/category\/politica\/\" rel=\"category tag\">Pol\u00edtica<\/a>","tag_info":"Pol\u00edtica","comment_count":"0","jetpack_featured_media_url":"https:\/\/contextoanalisisperiodistico.com\/wp-content\/uploads\/2023\/05\/IMG-20230502-WA0117.jpg","_links":{"self":[{"href":"https:\/\/contextoanalisisperiodistico.com\/index.php\/wp-json\/wp\/v2\/posts\/12784"}],"collection":[{"href":"https:\/\/contextoanalisisperiodistico.com\/index.php\/wp-json\/wp\/v2\/posts"}],"about":[{"href":"https:\/\/contextoanalisisperiodistico.com\/index.php\/wp-json\/wp\/v2\/types\/post"}],"author":[{"embeddable":true,"href":"https:\/\/contextoanalisisperiodistico.com\/index.php\/wp-json\/wp\/v2\/users\/4"}],"replies":[{"embeddable":true,"href":"https:\/\/contextoanalisisperiodistico.com\/index.php\/wp-json\/wp\/v2\/comments?post=12784"}],"version-history":[{"count":1,"href":"https:\/\/contextoanalisisperiodistico.com\/index.php\/wp-json\/wp\/v2\/posts\/12784\/revisions"}],"predecessor-version":[{"id":12786,"href":"https:\/\/contextoanalisisperiodistico.com\/index.php\/wp-json\/wp\/v2\/posts\/12784\/revisions\/12786"}],"wp:featuredmedia":[{"embeddable":true,"href":"https:\/\/contextoanalisisperiodistico.com\/index.php\/wp-json\/wp\/v2\/media\/12785"}],"wp:attachment":[{"href":"https:\/\/contextoanalisisperiodistico.com\/index.php\/wp-json\/wp\/v2\/media?parent=12784"}],"wp:term":[{"taxonomy":"category","embeddable":true,"href":"https:\/\/contextoanalisisperiodistico.com\/index.php\/wp-json\/wp\/v2\/categories?post=12784"},{"taxonomy":"post_tag","embeddable":true,"href":"https:\/\/contextoanalisisperiodistico.com\/index.php\/wp-json\/wp\/v2\/tags?post=12784"}],"curies":[{"name":"wp","href":"https:\/\/api.w.org\/{rel}","templated":true}]}}