{"id":12762,"date":"2023-05-02T16:34:21","date_gmt":"2023-05-02T22:34:21","guid":{"rendered":"https:\/\/contextoanalisisperiodistico.com\/?p=12762"},"modified":"2023-05-02T16:36:47","modified_gmt":"2023-05-02T22:36:47","slug":"registran-dos-mil-587-casos-de-asma-en-oaxaca-durante-2022","status":"publish","type":"post","link":"https:\/\/contextoanalisisperiodistico.com\/index.php\/2023\/05\/02\/registran-dos-mil-587-casos-de-asma-en-oaxaca-durante-2022\/","title":{"rendered":"Registran dos mil 587 casos de asma en Oaxaca durante 2022"},"content":{"rendered":"<div id=\"fb-root\"><\/div>\n\n<ul>\n<li>Inaugura SSO el Primer Curso Taller de Realizaci\u00f3n de Espirometr\u00edas en el marco del D\u00eda Mundial del Asma 2023<br \/>\u00b0 La dependencia reporta un aumento en los casos de las enfermedades respiratorias durante las \u00faltimas d\u00e9cadas<\/li>\n<\/ul>\n\n\n\n<p>Oaxaca de Ju\u00e1rez, Oax. 2 de mayo de 2023.- Debido a factores ambientales, el incremento del tabaquismo, sedentarismo y predisposiciones gen\u00e9ticas, las enfermedades respiratorias se han incrementado en las \u00faltimas d\u00e9cadas en Oaxaca, y para el cierre del a\u00f1o 2022, se notificaron dos mil 587 casos de asma, de los cuales, 40 por ciento se report\u00f3 en la regi\u00f3n de Valles Centrales.<br \/>As\u00ed lo inform\u00f3 la directora de Prevenci\u00f3n y Promoci\u00f3n de la Salud de los Servicios de Salud de Oaxaca (SSO) Karla Cruz Mart\u00ednez al inaugurar el Primer Curso Taller de Espirometr\u00edas, en el marco del D\u00eda Mundial del Asma que se conmemora este 2 de mayo.<br \/>Este taller se realiza con base en la normatividad vigente y se dio con la intenci\u00f3n de colaborar en la formaci\u00f3n de profesionales que atienden los padecimientos respiratorios como el asma y la Enfermedad Pulmonar Obstructiva Cr\u00f3nica (EPOC) y darles a conocer nuevas t\u00e9cnicas, as\u00ed como para brindar un servicio m\u00e1s eficiente en la detecci\u00f3n, prevenci\u00f3n, tratamiento oportuno y control de las personas afectadas por estos padecimientos.<br \/>Con el lema \u201cAtenci\u00f3n del Asma para todas y todos\u201d, la primera etapa de la capacitaci\u00f3n est\u00e1 dirigida a personal m\u00e9dico y de enfermer\u00eda de tres centros de salud: Fraccionamiento El Rosario, Lomas de San Jacinto y Santa Cruz Xoxocotl\u00e1n, as\u00ed como el Centro de Salud con Servicios Ampliados (CESSA) de San Francisco Telixtlahuaca.<br \/>Cruz Mart\u00ednez indic\u00f3 que ante los retos que se enfrentan actualmente, es necesario dar una respuesta integral y articulada en todos los niveles de atenci\u00f3n, para reducir los factores de riesgo a trav\u00e9s de la promoci\u00f3n de estilos de vida saludables, capacitaci\u00f3n al personal y a la sociedad sobre las enfermedades cr\u00f3nicas y la manera de prevenirlas, de tal manera que se fomente el cambio conductual de la poblaci\u00f3n en beneficio de su salud.<br \/>Destac\u00f3 que la instituci\u00f3n busca dar a conocer los principales signos y factores desencadenantes de la enfermedad para poder evitar crisis asm\u00e1ticas y otorgar tratamientos oportunos y eficaces.<br \/>Explic\u00f3 que el asma es la enfermedad respiratoria cr\u00f3nica m\u00e1s frecuente en el mundo y puede afectar a cualquier persona, siendo los principales s\u00edntomas: silbidos en el pecho, dificultad para respirar o llenar los pulmones de aire y tos.<br \/>Ante cualquiera de estos signos se debe acudir a la unidad de salud m\u00e1s cercana para su atenci\u00f3n y realizarse una prueba llamada espirometri\u0301a, la cual es un procedimiento sencillo, confiable y que brindara\u0301 la informaci\u00f3n necesaria respecto al funcionamiento pulmonar.<br \/>Los factores desencadenantes de las crisis de asma son: humo de cigarro, gases, aerosoles, perfumes y sustancias irritantes para las v\u00edas respiratoria, cambios de clima, el pelo de las mascotas, plumas de aves, polvo, moho y polen de flores, as\u00ed como infecciones respiratorias o emociones fuertes, por mencionar algunos.<br \/>El descontrol de la enfermedad incrementa la discapacidad, por ello, la directora de Prevenci\u00f3n y Promoci\u00f3n de la Salud, recomend\u00f3 a las personas con asma elaborar un plan de acci\u00f3n con familiares, amistades y compa\u00f1eros de trabajo para actuar ante una crisis asm\u00e1tica; evitar los agentes desencadenantes y situaciones de estr\u00e9s o ansiedad, no fumar y no suspender el tratamiento.<\/p>\n\n\n\n<figure class=\"wp-block-image size-large\"><img fetchpriority=\"high\" decoding=\"async\" width=\"1024\" height=\"576\" src=\"https:\/\/contextoanalisisperiodistico.com\/wp-content\/uploads\/2023\/05\/img-20230502-wa00577461025535800477370-1-1024x576.jpg\" alt=\"\" class=\"wp-image-12765\" srcset=\"https:\/\/contextoanalisisperiodistico.com\/wp-content\/uploads\/2023\/05\/img-20230502-wa00577461025535800477370-1-1024x576.jpg 1024w, https:\/\/contextoanalisisperiodistico.com\/wp-content\/uploads\/2023\/05\/img-20230502-wa00577461025535800477370-1-300x169.jpg 300w, https:\/\/contextoanalisisperiodistico.com\/wp-content\/uploads\/2023\/05\/img-20230502-wa00577461025535800477370-1-768x432.jpg 768w, https:\/\/contextoanalisisperiodistico.com\/wp-content\/uploads\/2023\/05\/img-20230502-wa00577461025535800477370-1.jpg 1280w\" sizes=\"(max-width: 1024px) 100vw, 1024px\" \/><\/figure>\n","protected":false},"excerpt":{"rendered":"<p>Oaxaca de Ju\u00e1rez, Oax. 2 de mayo de 2023.- Debido a factores ambientales, el incremento&#8230;<\/p>\n","protected":false},"author":4,"featured_media":12763,"comment_status":"closed","ping_status":"open","sticky":false,"template":"","format":"standard","meta":{"footnotes":""},"categories":[9],"tags":[],"jetpack_sharing_enabled":true,"featured_image_urls":{"full":["https:\/\/contextoanalisisperiodistico.com\/wp-content\/uploads\/2023\/05\/IMG-20230502-WA0073.jpg",1024,461,false],"thumbnail":["https:\/\/contextoanalisisperiodistico.com\/wp-content\/uploads\/2023\/05\/IMG-20230502-WA0073-150x150.jpg",150,150,true],"medium":["https:\/\/contextoanalisisperiodistico.com\/wp-content\/uploads\/2023\/05\/IMG-20230502-WA0073-300x135.jpg",300,135,true],"medium_large":["https:\/\/contextoanalisisperiodistico.com\/wp-content\/uploads\/2023\/05\/IMG-20230502-WA0073-768x346.jpg",640,288,true],"large":["https:\/\/contextoanalisisperiodistico.com\/wp-content\/uploads\/2023\/05\/IMG-20230502-WA0073.jpg",640,288,false],"1536x1536":["https:\/\/contextoanalisisperiodistico.com\/wp-content\/uploads\/2023\/05\/IMG-20230502-WA0073.jpg",1024,461,false],"2048x2048":["https:\/\/contextoanalisisperiodistico.com\/wp-content\/uploads\/2023\/05\/IMG-20230502-WA0073.jpg",1024,461,false],"covernews-slider-full":["https:\/\/contextoanalisisperiodistico.com\/wp-content\/uploads\/2023\/05\/IMG-20230502-WA0073.jpg",1024,461,false],"covernews-slider-center":["https:\/\/contextoanalisisperiodistico.com\/wp-content\/uploads\/2023\/05\/IMG-20230502-WA0073-800x461.jpg",800,461,true],"covernews-featured":["https:\/\/contextoanalisisperiodistico.com\/wp-content\/uploads\/2023\/05\/IMG-20230502-WA0073.jpg",1024,461,false],"covernews-medium":["https:\/\/contextoanalisisperiodistico.com\/wp-content\/uploads\/2023\/05\/IMG-20230502-WA0073-540x340.jpg",540,340,true],"covernews-medium-square":["https:\/\/contextoanalisisperiodistico.com\/wp-content\/uploads\/2023\/05\/IMG-20230502-WA0073-400x250.jpg",400,250,true]},"author_info":{"display_name":"Mario Gir\u00f3n","author_link":"https:\/\/contextoanalisisperiodistico.com\/index.php\/author\/director\/"},"category_info":"<a href=\"https:\/\/contextoanalisisperiodistico.com\/index.php\/category\/politica\/\" rel=\"category tag\">Pol\u00edtica<\/a>","tag_info":"Pol\u00edtica","comment_count":"0","jetpack_featured_media_url":"https:\/\/contextoanalisisperiodistico.com\/wp-content\/uploads\/2023\/05\/IMG-20230502-WA0073.jpg","_links":{"self":[{"href":"https:\/\/contextoanalisisperiodistico.com\/index.php\/wp-json\/wp\/v2\/posts\/12762"}],"collection":[{"href":"https:\/\/contextoanalisisperiodistico.com\/index.php\/wp-json\/wp\/v2\/posts"}],"about":[{"href":"https:\/\/contextoanalisisperiodistico.com\/index.php\/wp-json\/wp\/v2\/types\/post"}],"author":[{"embeddable":true,"href":"https:\/\/contextoanalisisperiodistico.com\/index.php\/wp-json\/wp\/v2\/users\/4"}],"replies":[{"embeddable":true,"href":"https:\/\/contextoanalisisperiodistico.com\/index.php\/wp-json\/wp\/v2\/comments?post=12762"}],"version-history":[{"count":1,"href":"https:\/\/contextoanalisisperiodistico.com\/index.php\/wp-json\/wp\/v2\/posts\/12762\/revisions"}],"predecessor-version":[{"id":12766,"href":"https:\/\/contextoanalisisperiodistico.com\/index.php\/wp-json\/wp\/v2\/posts\/12762\/revisions\/12766"}],"wp:featuredmedia":[{"embeddable":true,"href":"https:\/\/contextoanalisisperiodistico.com\/index.php\/wp-json\/wp\/v2\/media\/12763"}],"wp:attachment":[{"href":"https:\/\/contextoanalisisperiodistico.com\/index.php\/wp-json\/wp\/v2\/media?parent=12762"}],"wp:term":[{"taxonomy":"category","embeddable":true,"href":"https:\/\/contextoanalisisperiodistico.com\/index.php\/wp-json\/wp\/v2\/categories?post=12762"},{"taxonomy":"post_tag","embeddable":true,"href":"https:\/\/contextoanalisisperiodistico.com\/index.php\/wp-json\/wp\/v2\/tags?post=12762"}],"curies":[{"name":"wp","href":"https:\/\/api.w.org\/{rel}","templated":true}]}}