{"id":12742,"date":"2023-05-02T12:07:03","date_gmt":"2023-05-02T18:07:03","guid":{"rendered":"https:\/\/contextoanalisisperiodistico.com\/?p=12742"},"modified":"2023-05-02T12:07:16","modified_gmt":"2023-05-02T18:07:16","slug":"intensifican-trabajos-para-sofocar-incendio-entre-atatlahuca-y-maninaltepec","status":"publish","type":"post","link":"https:\/\/contextoanalisisperiodistico.com\/index.php\/2023\/05\/02\/intensifican-trabajos-para-sofocar-incendio-entre-atatlahuca-y-maninaltepec\/","title":{"rendered":"Intensifican trabajos para sofocar incendio entre Atatlahuca y Maninaltepec"},"content":{"rendered":"<div id=\"fb-root\"><\/div>\n\n<p>\u2022 Se instal\u00f3 el Equipo Estatal de Manejo de Incidentes (EEMI) integrado por t\u00e9cnicos especializados de diferentes dependencias federales y estatales para su atenci\u00f3n<\/p>\n\n\n\n<p>Oaxaca de Ju\u00e1rez, Oax. 2 de mayo de 2023.- Ante el compromiso de respaldar a las comunidades que requieren el apoyo para atender situaciones de emergencia, el Gobierno del Estado a trav\u00e9s de la Comisi\u00f3n Estatal Forestal (Coesfo), as\u00ed como la Comisi\u00f3n Nacional Forestal (Conafor) trabajan intensamente para sofocar el incendio registrado en la zona entre San Juan Bautista Atatlahuca y San Miguel Maninaltepec.<\/p>\n\n\n\n<p>En estas acciones tambi\u00e9n participan comuneros e integrantes de la Comisi\u00f3n Nacional de \u00c1reas Naturales Protegidas (Conanp) y la Secretar\u00eda de la Defensa Nacional (Sedena).<\/p>\n\n\n\n<p>Para ello se realiz\u00f3 una asamblea comunitaria en San Juan Bautista Atatlahuca con la presencia de la directora de la Coesfo, Magdalena Mar\u00eda Coello Castillo; el titular de la Conafor en Oaxaca, Oscar Mej\u00eda G\u00f3mez; el presidente municipal de San Juan Bautista Atatlahuca, Francisco Castellanos Hern\u00e1ndez; el comisariado Edmundo Hern\u00e1ndez Cruz, integrantes del equipo t\u00e9cnico y personal de las brigadas de combatientes.<\/p>\n\n\n\n<p>El tiempo atmosf\u00e9rico particularmente con altas temperaturas y vientos fuertes, las caracter\u00edsticas topogr\u00e1ficas y acumulaci\u00f3n de combustible hacen adverso el combate y pone en riesgo al personal combatiente, por lo que se tomaron medidas para intensificar las acciones de combate.<\/p>\n\n\n\n<p>En este sentido, se instal\u00f3 el Equipo Estatal de Manejo de Incidentes (EEMI), integrado por t\u00e9cnicos especializados de diferentes dependencias federales y estatales con funciones espec\u00edficas para la administraci\u00f3n y operatividad de los recursos involucrados en el incendio bajo una estructura de Comando de Incidentes.<\/p>\n\n\n\n<p>Adem\u00e1s, arrib\u00f3 equipo a\u00e9reo al municipio de San Juan Bautista Atatlahuca con el que se continuar\u00e1 con el combate v\u00eda a\u00e9rea y terrestre en el incendio suscitado entre las comunidades de Atatlahuca y Maninaltepec.<\/p>\n\n\n\n<p>Se realiza la gesti\u00f3n ante el Gobierno Federal dentro de un convenio marco de colaboraci\u00f3n en materia forestal entre la Conafor-Sedena.<\/p>\n\n\n\n<figure class=\"wp-block-video\"><video controls src=\"https:\/\/contextoanalisisperiodistico.com\/wp-content\/uploads\/2023\/05\/VID-20230502-WA0050.mp4\"><\/video><\/figure>\n\n\n\n<figure class=\"wp-block-image size-large\"><img fetchpriority=\"high\" decoding=\"async\" width=\"1024\" height=\"576\" src=\"https:\/\/contextoanalisisperiodistico.com\/wp-content\/uploads\/2023\/05\/img-20230502-wa00457567861685093967769-1024x576.jpg\" alt=\"\" class=\"wp-image-12746\" srcset=\"https:\/\/contextoanalisisperiodistico.com\/wp-content\/uploads\/2023\/05\/img-20230502-wa00457567861685093967769-1024x576.jpg 1024w, https:\/\/contextoanalisisperiodistico.com\/wp-content\/uploads\/2023\/05\/img-20230502-wa00457567861685093967769-300x169.jpg 300w, https:\/\/contextoanalisisperiodistico.com\/wp-content\/uploads\/2023\/05\/img-20230502-wa00457567861685093967769-768x432.jpg 768w, https:\/\/contextoanalisisperiodistico.com\/wp-content\/uploads\/2023\/05\/img-20230502-wa00457567861685093967769-1536x864.jpg 1536w, https:\/\/contextoanalisisperiodistico.com\/wp-content\/uploads\/2023\/05\/img-20230502-wa00457567861685093967769.jpg 1600w\" sizes=\"(max-width: 1024px) 100vw, 1024px\" \/><\/figure>\n\n\n\n<figure class=\"wp-block-image\"><img decoding=\"async\" width=\"1024\" height=\"768\" src=\"https:\/\/contextoanalisisperiodistico.com\/wp-content\/uploads\/2023\/05\/img-20230502-wa004256317465913187033-1024x768.jpg\" alt=\"\" class=\"wp-image-12747\" srcset=\"https:\/\/contextoanalisisperiodistico.com\/wp-content\/uploads\/2023\/05\/img-20230502-wa004256317465913187033-1024x768.jpg 1024w, https:\/\/contextoanalisisperiodistico.com\/wp-content\/uploads\/2023\/05\/img-20230502-wa004256317465913187033-300x225.jpg 300w, https:\/\/contextoanalisisperiodistico.com\/wp-content\/uploads\/2023\/05\/img-20230502-wa004256317465913187033-768x576.jpg 768w, https:\/\/contextoanalisisperiodistico.com\/wp-content\/uploads\/2023\/05\/img-20230502-wa004256317465913187033.jpg 1280w\" sizes=\"(max-width: 1024px) 100vw, 1024px\" \/><\/figure>\n\n\n\n<figure class=\"wp-block-image\"><img decoding=\"async\" width=\"1024\" height=\"576\" src=\"https:\/\/contextoanalisisperiodistico.com\/wp-content\/uploads\/2023\/05\/img-20230502-wa00411258605561779128284-1024x576.jpg\" alt=\"\" class=\"wp-image-12748\" srcset=\"https:\/\/contextoanalisisperiodistico.com\/wp-content\/uploads\/2023\/05\/img-20230502-wa00411258605561779128284-1024x576.jpg 1024w, https:\/\/contextoanalisisperiodistico.com\/wp-content\/uploads\/2023\/05\/img-20230502-wa00411258605561779128284-300x169.jpg 300w, https:\/\/contextoanalisisperiodistico.com\/wp-content\/uploads\/2023\/05\/img-20230502-wa00411258605561779128284-768x432.jpg 768w, https:\/\/contextoanalisisperiodistico.com\/wp-content\/uploads\/2023\/05\/img-20230502-wa00411258605561779128284-1536x864.jpg 1536w, https:\/\/contextoanalisisperiodistico.com\/wp-content\/uploads\/2023\/05\/img-20230502-wa00411258605561779128284.jpg 1600w\" sizes=\"(max-width: 1024px) 100vw, 1024px\" \/><\/figure>\n\n\n\n<figure class=\"wp-block-image\"><img loading=\"lazy\" decoding=\"async\" width=\"768\" height=\"1024\" src=\"https:\/\/contextoanalisisperiodistico.com\/wp-content\/uploads\/2023\/05\/img-20230502-wa00432773738902727616789-768x1024.jpg\" alt=\"\" class=\"wp-image-12745\" srcset=\"https:\/\/contextoanalisisperiodistico.com\/wp-content\/uploads\/2023\/05\/img-20230502-wa00432773738902727616789-768x1024.jpg 768w, https:\/\/contextoanalisisperiodistico.com\/wp-content\/uploads\/2023\/05\/img-20230502-wa00432773738902727616789-225x300.jpg 225w, https:\/\/contextoanalisisperiodistico.com\/wp-content\/uploads\/2023\/05\/img-20230502-wa00432773738902727616789.jpg 960w\" sizes=\"(max-width: 768px) 100vw, 768px\" \/><\/figure>\n","protected":false},"excerpt":{"rendered":"<p>\u2022 Se instal\u00f3 el Equipo Estatal de Manejo de Incidentes (EEMI) integrado por t\u00e9cnicos especializados&#8230;<\/p>\n","protected":false},"author":4,"featured_media":12743,"comment_status":"closed","ping_status":"open","sticky":false,"template":"","format":"standard","meta":{"footnotes":""},"categories":[9],"tags":[],"jetpack_sharing_enabled":true,"featured_image_urls":{"full":["https:\/\/contextoanalisisperiodistico.com\/wp-content\/uploads\/2023\/05\/IMG-20230502-WA0044.jpg",1280,960,false],"thumbnail":["https:\/\/contextoanalisisperiodistico.com\/wp-content\/uploads\/2023\/05\/IMG-20230502-WA0044-150x150.jpg",150,150,true],"medium":["https:\/\/contextoanalisisperiodistico.com\/wp-content\/uploads\/2023\/05\/IMG-20230502-WA0044-300x225.jpg",300,225,true],"medium_large":["https:\/\/contextoanalisisperiodistico.com\/wp-content\/uploads\/2023\/05\/IMG-20230502-WA0044-768x576.jpg",640,480,true],"large":["https:\/\/contextoanalisisperiodistico.com\/wp-content\/uploads\/2023\/05\/IMG-20230502-WA0044-1024x768.jpg",640,480,true],"1536x1536":["https:\/\/contextoanalisisperiodistico.com\/wp-content\/uploads\/2023\/05\/IMG-20230502-WA0044.jpg",1280,960,false],"2048x2048":["https:\/\/contextoanalisisperiodistico.com\/wp-content\/uploads\/2023\/05\/IMG-20230502-WA0044.jpg",1280,960,false],"covernews-slider-full":["https:\/\/contextoanalisisperiodistico.com\/wp-content\/uploads\/2023\/05\/IMG-20230502-WA0044-1115x715.jpg",1115,715,true],"covernews-slider-center":["https:\/\/contextoanalisisperiodistico.com\/wp-content\/uploads\/2023\/05\/IMG-20230502-WA0044-800x500.jpg",800,500,true],"covernews-featured":["https:\/\/contextoanalisisperiodistico.com\/wp-content\/uploads\/2023\/05\/IMG-20230502-WA0044-1024x768.jpg",1024,768,true],"covernews-medium":["https:\/\/contextoanalisisperiodistico.com\/wp-content\/uploads\/2023\/05\/IMG-20230502-WA0044-540x340.jpg",540,340,true],"covernews-medium-square":["https:\/\/contextoanalisisperiodistico.com\/wp-content\/uploads\/2023\/05\/IMG-20230502-WA0044-400x250.jpg",400,250,true]},"author_info":{"display_name":"Mario Gir\u00f3n","author_link":"https:\/\/contextoanalisisperiodistico.com\/index.php\/author\/director\/"},"category_info":"<a href=\"https:\/\/contextoanalisisperiodistico.com\/index.php\/category\/politica\/\" rel=\"category tag\">Pol\u00edtica<\/a>","tag_info":"Pol\u00edtica","comment_count":"0","jetpack_featured_media_url":"https:\/\/contextoanalisisperiodistico.com\/wp-content\/uploads\/2023\/05\/IMG-20230502-WA0044.jpg","_links":{"self":[{"href":"https:\/\/contextoanalisisperiodistico.com\/index.php\/wp-json\/wp\/v2\/posts\/12742"}],"collection":[{"href":"https:\/\/contextoanalisisperiodistico.com\/index.php\/wp-json\/wp\/v2\/posts"}],"about":[{"href":"https:\/\/contextoanalisisperiodistico.com\/index.php\/wp-json\/wp\/v2\/types\/post"}],"author":[{"embeddable":true,"href":"https:\/\/contextoanalisisperiodistico.com\/index.php\/wp-json\/wp\/v2\/users\/4"}],"replies":[{"embeddable":true,"href":"https:\/\/contextoanalisisperiodistico.com\/index.php\/wp-json\/wp\/v2\/comments?post=12742"}],"version-history":[{"count":1,"href":"https:\/\/contextoanalisisperiodistico.com\/index.php\/wp-json\/wp\/v2\/posts\/12742\/revisions"}],"predecessor-version":[{"id":12749,"href":"https:\/\/contextoanalisisperiodistico.com\/index.php\/wp-json\/wp\/v2\/posts\/12742\/revisions\/12749"}],"wp:featuredmedia":[{"embeddable":true,"href":"https:\/\/contextoanalisisperiodistico.com\/index.php\/wp-json\/wp\/v2\/media\/12743"}],"wp:attachment":[{"href":"https:\/\/contextoanalisisperiodistico.com\/index.php\/wp-json\/wp\/v2\/media?parent=12742"}],"wp:term":[{"taxonomy":"category","embeddable":true,"href":"https:\/\/contextoanalisisperiodistico.com\/index.php\/wp-json\/wp\/v2\/categories?post=12742"},{"taxonomy":"post_tag","embeddable":true,"href":"https:\/\/contextoanalisisperiodistico.com\/index.php\/wp-json\/wp\/v2\/tags?post=12742"}],"curies":[{"name":"wp","href":"https:\/\/api.w.org\/{rel}","templated":true}]}}