{"id":12719,"date":"2023-05-01T20:22:07","date_gmt":"2023-05-02T02:22:07","guid":{"rendered":"https:\/\/contextoanalisisperiodistico.com\/?p=12719"},"modified":"2023-05-01T20:22:14","modified_gmt":"2023-05-02T02:22:14","slug":"motiva-gobernador-de-oaxaca-a-ninez-de-la-agencia-donaji-a-luchar-por-sus-suenos","status":"publish","type":"post","link":"https:\/\/contextoanalisisperiodistico.com\/index.php\/2023\/05\/01\/motiva-gobernador-de-oaxaca-a-ninez-de-la-agencia-donaji-a-luchar-por-sus-suenos\/","title":{"rendered":"Motiva Gobernador de Oaxaca a ni\u00f1ez de la agencia Donaj\u00ed a luchar por sus sue\u00f1os"},"content":{"rendered":"<div id=\"fb-root\"><\/div>\n\n<p>\u2022 El Gobernador Salom\u00f3n Jara comparti\u00f3 con la ni\u00f1ez de la agencia Donaj\u00ed un momento de lectura como parte del Programa \u201cFomento a la Lectura\u201d, el cual recorre cada una de las regiones del estado<\/p>\n\n\n\n<p>\u2022 El Mandatario Estatal motiv\u00f3 a las infancias a luchar por sus sue\u00f1os y refrend\u00f3 su compromiso de coadyuvar para que tengas las mismas oportunidades<\/p>\n\n\n\n<p>Oaxaca de Ju\u00e1rez, Oax., 1 de mayo de 2023. Como parte del programa de \u201cFomento a la Lectura\u201d el Gobernador Salom\u00f3n Jara Cruz, en compa\u00f1\u00eda de ni\u00f1os y ni\u00f1as pertenecientes a la agencia Donaj\u00ed, ley\u00f3 el cuento \u201cEl ni\u00f1o que toc\u00f3 las estrellas\u201d.<\/p>\n\n\n\n<p>Esta actividad tiene como objetivo de fomentar y promover el h\u00e1bito de la lectura en la ni\u00f1ez oaxaque\u00f1a, estimular su creatividad y desarrollar habilidades e inteligencia, a trav\u00e9s de recorridos y visitas a municipios, comunidades, agencias, barrios y colonias de la entidad.<\/p>\n\n\n\n<p>La narraci\u00f3n en voz del Mandatario Oaxaque\u00f1o, as\u00ed como de las ni\u00f1as y los ni\u00f1os, trat\u00f3 sobre la historia de un peque\u00f1o campesino migrante de origen mexicano, el cual so\u00f1\u00f3 con convertirse en un astronauta y logr\u00f3 ser el primer latino en formar parte de la NASA; una historia que logr\u00f3 inspirar a las personas asistentes.<\/p>\n\n\n\n<p>Despu\u00e9s del momento de la lectura, el Gobernador motiv\u00f3 a las infancias a luchar por sus sue\u00f1os, y reafirm\u00f3 su compromiso de trabajar todos los d\u00edas desde la administraci\u00f3n estatal, para que tengan las condiciones necesarias que les permitan aspirar a las mismas oportunidades.<\/p>\n\n\n\n<p>M\u00e1s de un centenar de ni\u00f1as y ni\u00f1os se sumaron con mucho entusiasmo a este programa implementado por la actual administraci\u00f3n, el cual ha sido promovido desde el primer d\u00eda de su llegada, y que se realiza mensualmente en las distintas regiones del estado.<\/p>\n\n\n\n<p>Al finalizar la lectura, las personas menores de edad tuvieron un espacio para conversar con el Gobernante sobre los sue\u00f1os que les gustar\u00eda convertir en realidad, as\u00ed como las impresiones que tuvieron del cuento que leyeron.<\/p>\n\n\n\n<p>En esta actividad tambi\u00e9n participaron representantes populares, autoridades auxiliares y funcionariado estatal quienes acompa\u00f1aron a la ni\u00f1ez de esta agencia a vivir momentos de magia y lectura.<\/p>\n\n\n\n<figure class=\"wp-block-image size-large\"><img fetchpriority=\"high\" decoding=\"async\" width=\"1024\" height=\"682\" src=\"https:\/\/contextoanalisisperiodistico.com\/wp-content\/uploads\/2023\/05\/img-20230501-wa01153511518258288209262-1024x682.jpg\" alt=\"\" class=\"wp-image-12721\" srcset=\"https:\/\/contextoanalisisperiodistico.com\/wp-content\/uploads\/2023\/05\/img-20230501-wa01153511518258288209262-1024x682.jpg 1024w, https:\/\/contextoanalisisperiodistico.com\/wp-content\/uploads\/2023\/05\/img-20230501-wa01153511518258288209262-300x200.jpg 300w, https:\/\/contextoanalisisperiodistico.com\/wp-content\/uploads\/2023\/05\/img-20230501-wa01153511518258288209262-768x512.jpg 768w, https:\/\/contextoanalisisperiodistico.com\/wp-content\/uploads\/2023\/05\/img-20230501-wa01153511518258288209262-1536x1023.jpg 1536w, https:\/\/contextoanalisisperiodistico.com\/wp-content\/uploads\/2023\/05\/img-20230501-wa01153511518258288209262.jpg 1600w\" sizes=\"(max-width: 1024px) 100vw, 1024px\" \/><\/figure>\n\n\n\n<figure class=\"wp-block-image\"><img decoding=\"async\" width=\"1024\" height=\"682\" src=\"https:\/\/contextoanalisisperiodistico.com\/wp-content\/uploads\/2023\/05\/img-20230501-wa0118332406775547919806-1024x682.jpg\" alt=\"\" class=\"wp-image-12723\" srcset=\"https:\/\/contextoanalisisperiodistico.com\/wp-content\/uploads\/2023\/05\/img-20230501-wa0118332406775547919806-1024x682.jpg 1024w, https:\/\/contextoanalisisperiodistico.com\/wp-content\/uploads\/2023\/05\/img-20230501-wa0118332406775547919806-300x200.jpg 300w, https:\/\/contextoanalisisperiodistico.com\/wp-content\/uploads\/2023\/05\/img-20230501-wa0118332406775547919806-768x512.jpg 768w, https:\/\/contextoanalisisperiodistico.com\/wp-content\/uploads\/2023\/05\/img-20230501-wa0118332406775547919806-1536x1023.jpg 1536w, https:\/\/contextoanalisisperiodistico.com\/wp-content\/uploads\/2023\/05\/img-20230501-wa0118332406775547919806.jpg 1600w\" sizes=\"(max-width: 1024px) 100vw, 1024px\" \/><\/figure>\n\n\n\n<figure class=\"wp-block-image\"><img decoding=\"async\" width=\"1024\" height=\"708\" src=\"https:\/\/contextoanalisisperiodistico.com\/wp-content\/uploads\/2023\/05\/img-20230501-wa01163161836127052789941-1024x708.jpg\" alt=\"\" class=\"wp-image-12722\" srcset=\"https:\/\/contextoanalisisperiodistico.com\/wp-content\/uploads\/2023\/05\/img-20230501-wa01163161836127052789941-1024x708.jpg 1024w, https:\/\/contextoanalisisperiodistico.com\/wp-content\/uploads\/2023\/05\/img-20230501-wa01163161836127052789941-300x208.jpg 300w, https:\/\/contextoanalisisperiodistico.com\/wp-content\/uploads\/2023\/05\/img-20230501-wa01163161836127052789941-768x531.jpg 768w, https:\/\/contextoanalisisperiodistico.com\/wp-content\/uploads\/2023\/05\/img-20230501-wa01163161836127052789941.jpg 1204w\" sizes=\"(max-width: 1024px) 100vw, 1024px\" \/><\/figure>\n","protected":false},"excerpt":{"rendered":"<p>\u2022 El Gobernador Salom\u00f3n Jara comparti\u00f3 con la ni\u00f1ez de la agencia Donaj\u00ed un momento&#8230;<\/p>\n","protected":false},"author":4,"featured_media":12720,"comment_status":"closed","ping_status":"open","sticky":false,"template":"","format":"standard","meta":{"footnotes":""},"categories":[9],"tags":[],"jetpack_sharing_enabled":true,"featured_image_urls":{"full":["https:\/\/contextoanalisisperiodistico.com\/wp-content\/uploads\/2023\/05\/IMG-20230501-WA0117.jpg",970,596,false],"thumbnail":["https:\/\/contextoanalisisperiodistico.com\/wp-content\/uploads\/2023\/05\/IMG-20230501-WA0117-150x150.jpg",150,150,true],"medium":["https:\/\/contextoanalisisperiodistico.com\/wp-content\/uploads\/2023\/05\/IMG-20230501-WA0117-300x184.jpg",300,184,true],"medium_large":["https:\/\/contextoanalisisperiodistico.com\/wp-content\/uploads\/2023\/05\/IMG-20230501-WA0117-768x472.jpg",640,393,true],"large":["https:\/\/contextoanalisisperiodistico.com\/wp-content\/uploads\/2023\/05\/IMG-20230501-WA0117.jpg",640,393,false],"1536x1536":["https:\/\/contextoanalisisperiodistico.com\/wp-content\/uploads\/2023\/05\/IMG-20230501-WA0117.jpg",970,596,false],"2048x2048":["https:\/\/contextoanalisisperiodistico.com\/wp-content\/uploads\/2023\/05\/IMG-20230501-WA0117.jpg",970,596,false],"covernews-slider-full":["https:\/\/contextoanalisisperiodistico.com\/wp-content\/uploads\/2023\/05\/IMG-20230501-WA0117.jpg",970,596,false],"covernews-slider-center":["https:\/\/contextoanalisisperiodistico.com\/wp-content\/uploads\/2023\/05\/IMG-20230501-WA0117-800x500.jpg",800,500,true],"covernews-featured":["https:\/\/contextoanalisisperiodistico.com\/wp-content\/uploads\/2023\/05\/IMG-20230501-WA0117.jpg",970,596,false],"covernews-medium":["https:\/\/contextoanalisisperiodistico.com\/wp-content\/uploads\/2023\/05\/IMG-20230501-WA0117-540x340.jpg",540,340,true],"covernews-medium-square":["https:\/\/contextoanalisisperiodistico.com\/wp-content\/uploads\/2023\/05\/IMG-20230501-WA0117-400x250.jpg",400,250,true]},"author_info":{"display_name":"Mario Gir\u00f3n","author_link":"https:\/\/contextoanalisisperiodistico.com\/index.php\/author\/director\/"},"category_info":"<a href=\"https:\/\/contextoanalisisperiodistico.com\/index.php\/category\/politica\/\" rel=\"category tag\">Pol\u00edtica<\/a>","tag_info":"Pol\u00edtica","comment_count":"0","jetpack_featured_media_url":"https:\/\/contextoanalisisperiodistico.com\/wp-content\/uploads\/2023\/05\/IMG-20230501-WA0117.jpg","_links":{"self":[{"href":"https:\/\/contextoanalisisperiodistico.com\/index.php\/wp-json\/wp\/v2\/posts\/12719"}],"collection":[{"href":"https:\/\/contextoanalisisperiodistico.com\/index.php\/wp-json\/wp\/v2\/posts"}],"about":[{"href":"https:\/\/contextoanalisisperiodistico.com\/index.php\/wp-json\/wp\/v2\/types\/post"}],"author":[{"embeddable":true,"href":"https:\/\/contextoanalisisperiodistico.com\/index.php\/wp-json\/wp\/v2\/users\/4"}],"replies":[{"embeddable":true,"href":"https:\/\/contextoanalisisperiodistico.com\/index.php\/wp-json\/wp\/v2\/comments?post=12719"}],"version-history":[{"count":1,"href":"https:\/\/contextoanalisisperiodistico.com\/index.php\/wp-json\/wp\/v2\/posts\/12719\/revisions"}],"predecessor-version":[{"id":12724,"href":"https:\/\/contextoanalisisperiodistico.com\/index.php\/wp-json\/wp\/v2\/posts\/12719\/revisions\/12724"}],"wp:featuredmedia":[{"embeddable":true,"href":"https:\/\/contextoanalisisperiodistico.com\/index.php\/wp-json\/wp\/v2\/media\/12720"}],"wp:attachment":[{"href":"https:\/\/contextoanalisisperiodistico.com\/index.php\/wp-json\/wp\/v2\/media?parent=12719"}],"wp:term":[{"taxonomy":"category","embeddable":true,"href":"https:\/\/contextoanalisisperiodistico.com\/index.php\/wp-json\/wp\/v2\/categories?post=12719"},{"taxonomy":"post_tag","embeddable":true,"href":"https:\/\/contextoanalisisperiodistico.com\/index.php\/wp-json\/wp\/v2\/tags?post=12719"}],"curies":[{"name":"wp","href":"https:\/\/api.w.org\/{rel}","templated":true}]}}