{"id":12697,"date":"2023-05-01T13:34:35","date_gmt":"2023-05-01T19:34:35","guid":{"rendered":"https:\/\/contextoanalisisperiodistico.com\/?p=12697"},"modified":"2023-05-01T13:37:03","modified_gmt":"2023-05-01T19:37:03","slug":"hoy-que-puede-llegar-mas-lejos-como-sindica-nancy-mota-no-se-detiene-y-avanza-multiplicando-sonrisas-en-el-dia-del-nino","status":"publish","type":"post","link":"https:\/\/contextoanalisisperiodistico.com\/index.php\/2023\/05\/01\/hoy-que-puede-llegar-mas-lejos-como-sindica-nancy-mota-no-se-detiene-y-avanza-multiplicando-sonrisas-en-el-dia-del-nino\/","title":{"rendered":"Hoy que puede llegar m\u00e1s lejos como S\u00edndica, Nancy Mota no se detiene y avanza, multiplicando sonrisas en el D\u00eda del Ni\u00f1o"},"content":{"rendered":"<div id=\"fb-root\"><\/div>\n\n<p><\/p>\n\n\n\n<p>(*) \u201cNo es porque hoy sea representante popular me haga presente un 30 de abril. No. Es el reflejo de micongruencia social, el activismo por la ni\u00f1ez, una lucha de territorio que emprend\u00ed hace 15 a\u00f1os\u201d, subraya la S\u00edndico Primero en el gobierno municipal de Oaxaca de Ju\u00e1rez<\/p>\n\n\n\n<p>(*) \u201cSi antes llevaba sonrisas a 200 o a un n\u00famero menor de ni\u00f1as y ni\u00f1os, precisamente por carecer de recurso econ\u00f3mico; hoy, gracias a mi trabajo es diferente, y pude llegar m\u00e1s lejos, a m\u00e1s infantes con un obsequio adquirido con recursos propios y la ayuda de mujeres y hombres comprometidos con la ni\u00f1ez capitalina\u201d, asegura Nancy Mota<\/p>\n\n\n\n<p>(*) A m\u00e1s sedes infantiles con obsequios llegaron este 30 de abril merced al respaldo de sus compa\u00f1eros del Cabildo Municipal citadino: la Regidora de Igualdad de G\u00e9nero y de la Ciudad Educadora, Deyanira Altamirano G\u00f3mez; el Sindico Segundo, Jorge Castro, Elisa Ramos, Rafael Vichido, y el Mtro. Alonso Criollo, entre otras importantes personalidades<\/p>\n\n\n\n<p><strong>Mario GIR\u00d3N<\/strong><\/p>\n\n\n\n<p>\u201cUn presente plagado de atenciones las cuales indican que avanzamos por la ruta correcta para sacarlos de la injusticia y el peligro con la finalidad de llevarlos a un futuro de felicidad, justicia, respeto, armon\u00eda social y un hogar iluminado por la llama del cari\u00f1o de los padres, deja como se\u00f1al la multiplicaci\u00f3n de festejos registrados con motivo del Dia del Ni\u00f1o en Oaxaca de Ju\u00e1rez y en territorio estatal\u201d.<\/p>\n\n\n\n<p>Habla Nancy Mota, S\u00edndica Primero en el gobierno municipal de Oaxaca de Ju\u00e1rez, primero, destacando que no es moda hablar o atender a la ni\u00f1ez oaxaque\u00f1a. Se trata, subraya, de una hist\u00f3rica deuda a\u00fan sin poder saldar. El derecho a la felicidad, la seguridad y dem\u00e1s puntos constitucionales no hemos podido garantizar, a\u00f1ade.<\/p>\n\n\n\n<p>Sin embargo, reconoce, estamos avanzamos y lo podemos comprobar en el arranque de la Primavera Oaxaque\u00f1a, en donde el gobierno ha marcado que las ni\u00f1as y ni\u00f1os son primero en Oaxaca, reconoce.<\/p>\n\n\n\n<p>Por lo que ahora, en el territorio de los hechos, las y los ni\u00f1os comprobaron no estar solos, como tampoco la Sindico Nancy Mota, quien, con el respaldo de compa\u00f1eros representantes populares, como la Regidora de Igualdad de G\u00e9nero y de la Ciudad Educadora, Deyanira Altamirano G\u00f3mez; el S\u00edndico Segundo, Jorge Castro, Elisa Ramos, Rafael Vichido, y el Mtro. Alonso Criollo, entre otras importantes personalidades, llegaron con presentes a m\u00e1s comunidades capitalinos en 2023.<\/p>\n\n\n\n<p>Con broche de oro cerraron ayer los festejos en la agencia comunitaria de Montoya. El anfitri\u00f3n fue el agente, Guillermo Hugo Mart\u00ednez S\u00e1nchez. 256 menores comprobaron estar en mente y coraz\u00f3n de gente buena.<\/p>\n\n\n\n<p>La fiesta por los ni\u00f1os es siempre, de todos los d\u00edas, sin embargo, la de este 30 de abril, empez\u00f3 el 27 de marzo en la escuela primaria \u201cPatria Nueva\u201d, colonia Emiliano Zapata, parte alta de Santa Rosa Panzacola.<\/p>\n\n\n\n<p>Ese mismo d\u00eda, por la tarde, en la colonia Jard\u00edn, alumnos de la primaria \u201cEmiliano Zapata\u201d, recibieron un presente bien merecido, llevado de todo coraz\u00f3n por mujeres y hombres con recuerdos de una infancia feliz.<\/p>\n\n\n\n<p>Mismo sentimiento de cari\u00f1o y respeto por los ni\u00f1os sucedi\u00f3 en la colonia Solidaridad. En este asentamiento popular en donde se hizo presente la fe y confianza por un asentamiento mejor, repartieron juguetes: el S\u00edndico Segundo, Jorge Castro, Elisa Ramos, Rafael Vichido y el Maestro Alonso Criollo.<\/p>\n\n\n\n<p>En el Marquesado, la Regidora de Igualdad de G\u00e9nero y de la Ciudad Educadora, Deyanira Altamirano G\u00f3mez; el S\u00edndico Segundo, Jorge Castro, Elisa Ramos, Rafael Vichido, y el Mtro. Alonso Criollo, as\u00ed la S\u00edndico Municipal, Nancy Mota, cumplieron el cometido repartiendo juguetes. La invitaci\u00f3n corri\u00f3 a cargo del Colectivo de Mujeres y de las ciudadanas Marisela y Martha.<\/p>\n\n\n\n<p>Lo vocaci\u00f3n de servir a los ni\u00f1os lleg\u00f3 hasta San Pedro Totolapa, en el distrito de Tlacolula. Adem\u00e1s de juguetes a ni\u00f1os de preescolar y primaria, ofrecieron platicas sobre Derechos de los ni\u00f1os y ni\u00f1as a padres de familia de la escuela \u201cAquiles Serd\u00e1n\u201d.<\/p>\n\n\n\n<p>La fiesta con juguetes para ni\u00f1os lleg\u00f3 hasta el mercado Zonal de Santa Rosa, sin olvidar a los ni\u00f1os de preescolar de la colonia Emiliano Zapata, del mismo sector territorial, parte alta.<\/p>\n\n\n\n<figure class=\"wp-block-gallery has-nested-images columns-default is-cropped wp-block-gallery-1 is-layout-flex wp-block-gallery-is-layout-flex\">\n<figure class=\"wp-block-image size-large\"><img fetchpriority=\"high\" decoding=\"async\" width=\"960\" height=\"720\" data-id=\"12701\" src=\"https:\/\/contextoanalisisperiodistico.com\/wp-content\/uploads\/2023\/05\/1-COL.-EMILIANO-ZAPATA-STA-ROSA.jpg\" alt=\"\" class=\"wp-image-12701\" srcset=\"https:\/\/contextoanalisisperiodistico.com\/wp-content\/uploads\/2023\/05\/1-COL.-EMILIANO-ZAPATA-STA-ROSA.jpg 960w, https:\/\/contextoanalisisperiodistico.com\/wp-content\/uploads\/2023\/05\/1-COL.-EMILIANO-ZAPATA-STA-ROSA-300x225.jpg 300w, https:\/\/contextoanalisisperiodistico.com\/wp-content\/uploads\/2023\/05\/1-COL.-EMILIANO-ZAPATA-STA-ROSA-768x576.jpg 768w\" sizes=\"(max-width: 960px) 100vw, 960px\" \/><\/figure>\n\n\n\n<figure class=\"wp-block-image size-large\"><img decoding=\"async\" width=\"960\" height=\"720\" data-id=\"12704\" src=\"https:\/\/contextoanalisisperiodistico.com\/wp-content\/uploads\/2023\/05\/2-MERCADO-ZONAL-STA-ROSA.jpg\" alt=\"\" class=\"wp-image-12704\" srcset=\"https:\/\/contextoanalisisperiodistico.com\/wp-content\/uploads\/2023\/05\/2-MERCADO-ZONAL-STA-ROSA.jpg 960w, https:\/\/contextoanalisisperiodistico.com\/wp-content\/uploads\/2023\/05\/2-MERCADO-ZONAL-STA-ROSA-300x225.jpg 300w, https:\/\/contextoanalisisperiodistico.com\/wp-content\/uploads\/2023\/05\/2-MERCADO-ZONAL-STA-ROSA-768x576.jpg 768w\" sizes=\"(max-width: 960px) 100vw, 960px\" \/><\/figure>\n\n\n\n<figure class=\"wp-block-image size-large\"><img decoding=\"async\" width=\"960\" height=\"720\" data-id=\"12703\" src=\"https:\/\/contextoanalisisperiodistico.com\/wp-content\/uploads\/2023\/05\/3-SAN-PEDRO-TOTOLAPA.jpg\" alt=\"\" class=\"wp-image-12703\" srcset=\"https:\/\/contextoanalisisperiodistico.com\/wp-content\/uploads\/2023\/05\/3-SAN-PEDRO-TOTOLAPA.jpg 960w, https:\/\/contextoanalisisperiodistico.com\/wp-content\/uploads\/2023\/05\/3-SAN-PEDRO-TOTOLAPA-300x225.jpg 300w, https:\/\/contextoanalisisperiodistico.com\/wp-content\/uploads\/2023\/05\/3-SAN-PEDRO-TOTOLAPA-768x576.jpg 768w\" sizes=\"(max-width: 960px) 100vw, 960px\" \/><\/figure>\n\n\n\n<figure class=\"wp-block-image size-large\"><img loading=\"lazy\" decoding=\"async\" width=\"960\" height=\"720\" data-id=\"12707\" src=\"https:\/\/contextoanalisisperiodistico.com\/wp-content\/uploads\/2023\/05\/4-EX-MARQUEZADO.jpg\" alt=\"\" class=\"wp-image-12707\" srcset=\"https:\/\/contextoanalisisperiodistico.com\/wp-content\/uploads\/2023\/05\/4-EX-MARQUEZADO.jpg 960w, https:\/\/contextoanalisisperiodistico.com\/wp-content\/uploads\/2023\/05\/4-EX-MARQUEZADO-300x225.jpg 300w, https:\/\/contextoanalisisperiodistico.com\/wp-content\/uploads\/2023\/05\/4-EX-MARQUEZADO-768x576.jpg 768w\" sizes=\"(max-width: 960px) 100vw, 960px\" \/><\/figure>\n\n\n\n<figure class=\"wp-block-image size-large\"><img loading=\"lazy\" decoding=\"async\" width=\"960\" height=\"720\" data-id=\"12706\" src=\"https:\/\/contextoanalisisperiodistico.com\/wp-content\/uploads\/2023\/05\/5-COL.-LA-SOLIRARIDAD-STA.-ROSA.jpg\" alt=\"\" class=\"wp-image-12706\" srcset=\"https:\/\/contextoanalisisperiodistico.com\/wp-content\/uploads\/2023\/05\/5-COL.-LA-SOLIRARIDAD-STA.-ROSA.jpg 960w, https:\/\/contextoanalisisperiodistico.com\/wp-content\/uploads\/2023\/05\/5-COL.-LA-SOLIRARIDAD-STA.-ROSA-300x225.jpg 300w, https:\/\/contextoanalisisperiodistico.com\/wp-content\/uploads\/2023\/05\/5-COL.-LA-SOLIRARIDAD-STA.-ROSA-768x576.jpg 768w\" sizes=\"(max-width: 960px) 100vw, 960px\" \/><\/figure>\n\n\n\n<figure class=\"wp-block-image size-large\"><img loading=\"lazy\" decoding=\"async\" width=\"960\" height=\"720\" data-id=\"12705\" src=\"https:\/\/contextoanalisisperiodistico.com\/wp-content\/uploads\/2023\/05\/6-MOTOYA.jpg\" alt=\"\" class=\"wp-image-12705\" srcset=\"https:\/\/contextoanalisisperiodistico.com\/wp-content\/uploads\/2023\/05\/6-MOTOYA.jpg 960w, https:\/\/contextoanalisisperiodistico.com\/wp-content\/uploads\/2023\/05\/6-MOTOYA-300x225.jpg 300w, https:\/\/contextoanalisisperiodistico.com\/wp-content\/uploads\/2023\/05\/6-MOTOYA-768x576.jpg 768w\" sizes=\"(max-width: 960px) 100vw, 960px\" \/><\/figure>\n\n\n\n<figure class=\"wp-block-image size-large\"><img loading=\"lazy\" decoding=\"async\" width=\"960\" height=\"720\" data-id=\"12702\" src=\"https:\/\/contextoanalisisperiodistico.com\/wp-content\/uploads\/2023\/05\/7-SAN-LUIS-BELTYRAN.jpg\" alt=\"\" class=\"wp-image-12702\" srcset=\"https:\/\/contextoanalisisperiodistico.com\/wp-content\/uploads\/2023\/05\/7-SAN-LUIS-BELTYRAN.jpg 960w, https:\/\/contextoanalisisperiodistico.com\/wp-content\/uploads\/2023\/05\/7-SAN-LUIS-BELTYRAN-300x225.jpg 300w, https:\/\/contextoanalisisperiodistico.com\/wp-content\/uploads\/2023\/05\/7-SAN-LUIS-BELTYRAN-768x576.jpg 768w\" sizes=\"(max-width: 960px) 100vw, 960px\" \/><\/figure>\n\n\n\n<figure class=\"wp-block-image size-large\"><img loading=\"lazy\" decoding=\"async\" width=\"960\" height=\"720\" data-id=\"12708\" src=\"https:\/\/contextoanalisisperiodistico.com\/wp-content\/uploads\/2023\/05\/8-esc-Primaria-Patria-Nueva.jpg\" alt=\"\" class=\"wp-image-12708\" srcset=\"https:\/\/contextoanalisisperiodistico.com\/wp-content\/uploads\/2023\/05\/8-esc-Primaria-Patria-Nueva.jpg 960w, https:\/\/contextoanalisisperiodistico.com\/wp-content\/uploads\/2023\/05\/8-esc-Primaria-Patria-Nueva-300x225.jpg 300w, https:\/\/contextoanalisisperiodistico.com\/wp-content\/uploads\/2023\/05\/8-esc-Primaria-Patria-Nueva-768x576.jpg 768w\" sizes=\"(max-width: 960px) 100vw, 960px\" \/><\/figure>\n<\/figure>\n","protected":false},"excerpt":{"rendered":"<p>(*) \u201cNo es porque hoy sea representante popular me haga presente un 30 de abril&#8230;.<\/p>\n","protected":false},"author":2,"featured_media":12698,"comment_status":"closed","ping_status":"open","sticky":false,"template":"","format":"standard","meta":{"footnotes":""},"categories":[9],"tags":[],"jetpack_sharing_enabled":true,"featured_image_urls":{"full":["https:\/\/contextoanalisisperiodistico.com\/wp-content\/uploads\/2023\/05\/exmarquesado6-e1682969549921.jpg",1396,968,false],"thumbnail":["https:\/\/contextoanalisisperiodistico.com\/wp-content\/uploads\/2023\/05\/exmarquesado6-e1682969549921-150x150.jpg",150,150,true],"medium":["https:\/\/contextoanalisisperiodistico.com\/wp-content\/uploads\/2023\/05\/exmarquesado6-e1682969549921-300x208.jpg",300,208,true],"medium_large":["https:\/\/contextoanalisisperiodistico.com\/wp-content\/uploads\/2023\/05\/exmarquesado6-e1682969549921-768x533.jpg",640,444,true],"large":["https:\/\/contextoanalisisperiodistico.com\/wp-content\/uploads\/2023\/05\/exmarquesado6-e1682969549921-1024x710.jpg",640,444,true],"1536x1536":["https:\/\/contextoanalisisperiodistico.com\/wp-content\/uploads\/2023\/05\/exmarquesado6-1536x1152.jpg",1536,1152,true],"2048x2048":["https:\/\/contextoanalisisperiodistico.com\/wp-content\/uploads\/2023\/05\/exmarquesado6-e1682969549921.jpg",1396,968,false],"covernews-slider-full":["https:\/\/contextoanalisisperiodistico.com\/wp-content\/uploads\/2023\/05\/exmarquesado6-e1682969549921-1115x715.jpg",1115,715,true],"covernews-slider-center":["https:\/\/contextoanalisisperiodistico.com\/wp-content\/uploads\/2023\/05\/exmarquesado6-e1682969549921-800x500.jpg",800,500,true],"covernews-featured":["https:\/\/contextoanalisisperiodistico.com\/wp-content\/uploads\/2023\/05\/exmarquesado6-e1682969549921-1024x710.jpg",1024,710,true],"covernews-medium":["https:\/\/contextoanalisisperiodistico.com\/wp-content\/uploads\/2023\/05\/exmarquesado6-e1682969549921-540x340.jpg",540,340,true],"covernews-medium-square":["https:\/\/contextoanalisisperiodistico.com\/wp-content\/uploads\/2023\/05\/exmarquesado6-e1682969549921-400x250.jpg",400,250,true]},"author_info":{"display_name":"Miguel","author_link":"https:\/\/contextoanalisisperiodistico.com\/index.php\/author\/editor\/"},"category_info":"<a href=\"https:\/\/contextoanalisisperiodistico.com\/index.php\/category\/politica\/\" rel=\"category tag\">Pol\u00edtica<\/a>","tag_info":"Pol\u00edtica","comment_count":"0","jetpack_featured_media_url":"https:\/\/contextoanalisisperiodistico.com\/wp-content\/uploads\/2023\/05\/exmarquesado6-e1682969549921.jpg","_links":{"self":[{"href":"https:\/\/contextoanalisisperiodistico.com\/index.php\/wp-json\/wp\/v2\/posts\/12697"}],"collection":[{"href":"https:\/\/contextoanalisisperiodistico.com\/index.php\/wp-json\/wp\/v2\/posts"}],"about":[{"href":"https:\/\/contextoanalisisperiodistico.com\/index.php\/wp-json\/wp\/v2\/types\/post"}],"author":[{"embeddable":true,"href":"https:\/\/contextoanalisisperiodistico.com\/index.php\/wp-json\/wp\/v2\/users\/2"}],"replies":[{"embeddable":true,"href":"https:\/\/contextoanalisisperiodistico.com\/index.php\/wp-json\/wp\/v2\/comments?post=12697"}],"version-history":[{"count":2,"href":"https:\/\/contextoanalisisperiodistico.com\/index.php\/wp-json\/wp\/v2\/posts\/12697\/revisions"}],"predecessor-version":[{"id":12709,"href":"https:\/\/contextoanalisisperiodistico.com\/index.php\/wp-json\/wp\/v2\/posts\/12697\/revisions\/12709"}],"wp:featuredmedia":[{"embeddable":true,"href":"https:\/\/contextoanalisisperiodistico.com\/index.php\/wp-json\/wp\/v2\/media\/12698"}],"wp:attachment":[{"href":"https:\/\/contextoanalisisperiodistico.com\/index.php\/wp-json\/wp\/v2\/media?parent=12697"}],"wp:term":[{"taxonomy":"category","embeddable":true,"href":"https:\/\/contextoanalisisperiodistico.com\/index.php\/wp-json\/wp\/v2\/categories?post=12697"},{"taxonomy":"post_tag","embeddable":true,"href":"https:\/\/contextoanalisisperiodistico.com\/index.php\/wp-json\/wp\/v2\/tags?post=12697"}],"curies":[{"name":"wp","href":"https:\/\/api.w.org\/{rel}","templated":true}]}}