{"id":12678,"date":"2023-05-01T08:49:09","date_gmt":"2023-05-01T14:49:09","guid":{"rendered":"https:\/\/contextoanalisisperiodistico.com\/?p=12678"},"modified":"2023-05-01T08:49:41","modified_gmt":"2023-05-01T14:49:41","slug":"celebra-ieepo-dia-de-la-nina-y-el-nino-con-inauguracion-de-aulas-y-entrega-de-material","status":"publish","type":"post","link":"https:\/\/contextoanalisisperiodistico.com\/index.php\/2023\/05\/01\/celebra-ieepo-dia-de-la-nina-y-el-nino-con-inauguracion-de-aulas-y-entrega-de-material\/","title":{"rendered":"Celebra IEEPO D\u00eda de la Ni\u00f1a y el Ni\u00f1o con inauguraci\u00f3n de aulas y entrega de material"},"content":{"rendered":"<div id=\"fb-root\"><\/div>\n\n<p>\u2022 A invitaci\u00f3n del Director de la Escuela Primaria \u201cJos\u00e9 F. G\u00f3mez\u201d de Juchit\u00e1n, el director general del IEEPO, Emilio Montero visit\u00f3 el plantel<\/p>\n\n\n\n<p>Oaxaca de Ju\u00e1rez, Oax. 1 de mayo de 2023.- En la suma de esfuerzos y colaboraci\u00f3n institucional para garantizar a ni\u00f1as y ni\u00f1os una infraestructura f\u00edsica educativa digna y de calidad, el director general del Instituto Estatal de Educaci\u00f3n P\u00fablica de Oaxaca (IEEPO), Emilio Montero P\u00e9rez asisti\u00f3 a la inauguraci\u00f3n de dos aulas did\u00e1cticas en la Escuela Primaria \u201cJos\u00e9 F. G\u00f3mez\u201d y el Jard\u00edn de Ni\u00f1os \u201cRufino Mart\u00ednez L\u00f3pez\u201d, de la colonia 5 de Abril, en la Heroica Ciudad de Juchit\u00e1n.<\/p>\n\n\n\n<p>En el marco del evento, al que fue invitado por el director de dicho plantel de educaci\u00f3n Primaria, Enrique Figueroa, a nombre del Gobernador Salom\u00f3n Jara Cruz hizo entrega de un lote de mobiliario, paquetes de material de aseo, deportivo, de oficina, pintura y material c\u00edvico.<\/p>\n\n\n\n<p>Ante el presidente municipal, Miguel S\u00e1nchez Altamirano; la diputada local Reyna Victoria Jim\u00e9nez Cervantes; la presidenta honoraria del DIF en Juchit\u00e1n, Yoshira S\u00e1nchez L\u00f3pez; directivos, docentes y comunidad escolar, con motivo del D\u00eda de la Ni\u00f1a y el Ni\u00f1o, destac\u00f3 la prioridad en la actual administraci\u00f3n para garantizar las mejores alternativas de desarrollo a las nuevas generaciones e impulsar la transformaci\u00f3n educativa.<\/p>\n\n\n\n<p>Puntualiz\u00f3 que se est\u00e1n realizando esfuerzos para equipar las escuelas de nivel b\u00e1sico con el material y el equipo que realmente necesitan y no solo \u201ccon lo que hay\u201d, como se ven\u00eda haciendo antes; muestra de ello es el mobiliario entregado para las aulas inauguradas en esta ocasi\u00f3n.<\/p>\n\n\n\n<p>En su visita al plantel y como parte del programa de fomento a la lectura, el Director General del IEEPO comparti\u00f3 con las y los estudiantes de la Escuela Primaria \u201cJos\u00e9 F. G\u00f3mez\u201d, el libro \u201cEl Le\u00f3n y el rat\u00f3n\u201d, historia con un mensaje sobre la amistad, humildad y la gratitud, as\u00ed como la importancia de ser solidarios.<\/p>\n\n\n\n<p>Esta actividad que forma parte del Eje Estrat\u00e9gico de Pol\u00edticas P\u00fablicas para generar Un Nuevo Pacto Social y la Reparaci\u00f3n Hist\u00f3rica de los Pueblos a trav\u00e9s de Pol\u00edticas de Bienestar Transformador, as\u00ed como de los Ejes Transversales del Gobierno para lograr el Inter\u00e9s Superior de los Ni\u00f1os, Ni\u00f1as y Adolescentes.<\/p>\n\n\n\n<figure class=\"wp-block-image size-large\"><img fetchpriority=\"high\" decoding=\"async\" width=\"1024\" height=\"683\" src=\"https:\/\/contextoanalisisperiodistico.com\/wp-content\/uploads\/2023\/05\/img-20230501-wa00254231036497699071273.jpg\" alt=\"\" class=\"wp-image-12680\" srcset=\"https:\/\/contextoanalisisperiodistico.com\/wp-content\/uploads\/2023\/05\/img-20230501-wa00254231036497699071273.jpg 1024w, https:\/\/contextoanalisisperiodistico.com\/wp-content\/uploads\/2023\/05\/img-20230501-wa00254231036497699071273-300x200.jpg 300w, https:\/\/contextoanalisisperiodistico.com\/wp-content\/uploads\/2023\/05\/img-20230501-wa00254231036497699071273-768x512.jpg 768w\" sizes=\"(max-width: 1024px) 100vw, 1024px\" \/><\/figure>\n\n\n\n<figure class=\"wp-block-image\"><img decoding=\"async\" width=\"300\" height=\"200\" src=\"https:\/\/contextoanalisisperiodistico.com\/wp-content\/uploads\/2023\/05\/img-20230501-wa00237266233826783594707-300x200.jpg\" alt=\"\" class=\"wp-image-12682\" srcset=\"https:\/\/contextoanalisisperiodistico.com\/wp-content\/uploads\/2023\/05\/img-20230501-wa00237266233826783594707-300x200.jpg 300w, https:\/\/contextoanalisisperiodistico.com\/wp-content\/uploads\/2023\/05\/img-20230501-wa00237266233826783594707-768x512.jpg 768w, https:\/\/contextoanalisisperiodistico.com\/wp-content\/uploads\/2023\/05\/img-20230501-wa00237266233826783594707.jpg 1024w\" sizes=\"(max-width: 300px) 100vw, 300px\" \/><\/figure>\n\n\n\n<figure class=\"wp-block-image\"><img decoding=\"async\" width=\"300\" height=\"200\" src=\"https:\/\/contextoanalisisperiodistico.com\/wp-content\/uploads\/2023\/05\/img-20230501-wa00212588644915856839928-300x200.jpg\" alt=\"\" class=\"wp-image-12683\" srcset=\"https:\/\/contextoanalisisperiodistico.com\/wp-content\/uploads\/2023\/05\/img-20230501-wa00212588644915856839928-300x200.jpg 300w, https:\/\/contextoanalisisperiodistico.com\/wp-content\/uploads\/2023\/05\/img-20230501-wa00212588644915856839928-768x512.jpg 768w, https:\/\/contextoanalisisperiodistico.com\/wp-content\/uploads\/2023\/05\/img-20230501-wa00212588644915856839928.jpg 1024w\" sizes=\"(max-width: 300px) 100vw, 300px\" \/><\/figure>\n\n\n\n<figure class=\"wp-block-image\"><img loading=\"lazy\" decoding=\"async\" width=\"300\" height=\"200\" src=\"https:\/\/contextoanalisisperiodistico.com\/wp-content\/uploads\/2023\/05\/img-20230501-wa00289034927696489498779-300x200.jpg\" alt=\"\" class=\"wp-image-12681\" srcset=\"https:\/\/contextoanalisisperiodistico.com\/wp-content\/uploads\/2023\/05\/img-20230501-wa00289034927696489498779-300x200.jpg 300w, https:\/\/contextoanalisisperiodistico.com\/wp-content\/uploads\/2023\/05\/img-20230501-wa00289034927696489498779-768x512.jpg 768w, https:\/\/contextoanalisisperiodistico.com\/wp-content\/uploads\/2023\/05\/img-20230501-wa00289034927696489498779.jpg 1024w\" sizes=\"(max-width: 300px) 100vw, 300px\" \/><\/figure>\n","protected":false},"excerpt":{"rendered":"<p>\u2022 A invitaci\u00f3n del Director de la Escuela Primaria \u201cJos\u00e9 F. G\u00f3mez\u201d de Juchit\u00e1n, el&#8230;<\/p>\n","protected":false},"author":4,"featured_media":12679,"comment_status":"closed","ping_status":"open","sticky":false,"template":"","format":"standard","meta":{"footnotes":""},"categories":[9],"tags":[],"jetpack_sharing_enabled":true,"featured_image_urls":{"full":["https:\/\/contextoanalisisperiodistico.com\/wp-content\/uploads\/2023\/05\/IMG-20230501-WA0027.jpg",1024,683,false],"thumbnail":["https:\/\/contextoanalisisperiodistico.com\/wp-content\/uploads\/2023\/05\/IMG-20230501-WA0027-150x150.jpg",150,150,true],"medium":["https:\/\/contextoanalisisperiodistico.com\/wp-content\/uploads\/2023\/05\/IMG-20230501-WA0027-300x200.jpg",300,200,true],"medium_large":["https:\/\/contextoanalisisperiodistico.com\/wp-content\/uploads\/2023\/05\/IMG-20230501-WA0027-768x512.jpg",640,427,true],"large":["https:\/\/contextoanalisisperiodistico.com\/wp-content\/uploads\/2023\/05\/IMG-20230501-WA0027.jpg",640,427,false],"1536x1536":["https:\/\/contextoanalisisperiodistico.com\/wp-content\/uploads\/2023\/05\/IMG-20230501-WA0027.jpg",1024,683,false],"2048x2048":["https:\/\/contextoanalisisperiodistico.com\/wp-content\/uploads\/2023\/05\/IMG-20230501-WA0027.jpg",1024,683,false],"covernews-slider-full":["https:\/\/contextoanalisisperiodistico.com\/wp-content\/uploads\/2023\/05\/IMG-20230501-WA0027.jpg",1024,683,false],"covernews-slider-center":["https:\/\/contextoanalisisperiodistico.com\/wp-content\/uploads\/2023\/05\/IMG-20230501-WA0027-800x500.jpg",800,500,true],"covernews-featured":["https:\/\/contextoanalisisperiodistico.com\/wp-content\/uploads\/2023\/05\/IMG-20230501-WA0027.jpg",1024,683,false],"covernews-medium":["https:\/\/contextoanalisisperiodistico.com\/wp-content\/uploads\/2023\/05\/IMG-20230501-WA0027-540x340.jpg",540,340,true],"covernews-medium-square":["https:\/\/contextoanalisisperiodistico.com\/wp-content\/uploads\/2023\/05\/IMG-20230501-WA0027-400x250.jpg",400,250,true]},"author_info":{"display_name":"Mario Gir\u00f3n","author_link":"https:\/\/contextoanalisisperiodistico.com\/index.php\/author\/director\/"},"category_info":"<a href=\"https:\/\/contextoanalisisperiodistico.com\/index.php\/category\/politica\/\" rel=\"category tag\">Pol\u00edtica<\/a>","tag_info":"Pol\u00edtica","comment_count":"0","jetpack_featured_media_url":"https:\/\/contextoanalisisperiodistico.com\/wp-content\/uploads\/2023\/05\/IMG-20230501-WA0027.jpg","_links":{"self":[{"href":"https:\/\/contextoanalisisperiodistico.com\/index.php\/wp-json\/wp\/v2\/posts\/12678"}],"collection":[{"href":"https:\/\/contextoanalisisperiodistico.com\/index.php\/wp-json\/wp\/v2\/posts"}],"about":[{"href":"https:\/\/contextoanalisisperiodistico.com\/index.php\/wp-json\/wp\/v2\/types\/post"}],"author":[{"embeddable":true,"href":"https:\/\/contextoanalisisperiodistico.com\/index.php\/wp-json\/wp\/v2\/users\/4"}],"replies":[{"embeddable":true,"href":"https:\/\/contextoanalisisperiodistico.com\/index.php\/wp-json\/wp\/v2\/comments?post=12678"}],"version-history":[{"count":1,"href":"https:\/\/contextoanalisisperiodistico.com\/index.php\/wp-json\/wp\/v2\/posts\/12678\/revisions"}],"predecessor-version":[{"id":12684,"href":"https:\/\/contextoanalisisperiodistico.com\/index.php\/wp-json\/wp\/v2\/posts\/12678\/revisions\/12684"}],"wp:featuredmedia":[{"embeddable":true,"href":"https:\/\/contextoanalisisperiodistico.com\/index.php\/wp-json\/wp\/v2\/media\/12679"}],"wp:attachment":[{"href":"https:\/\/contextoanalisisperiodistico.com\/index.php\/wp-json\/wp\/v2\/media?parent=12678"}],"wp:term":[{"taxonomy":"category","embeddable":true,"href":"https:\/\/contextoanalisisperiodistico.com\/index.php\/wp-json\/wp\/v2\/categories?post=12678"},{"taxonomy":"post_tag","embeddable":true,"href":"https:\/\/contextoanalisisperiodistico.com\/index.php\/wp-json\/wp\/v2\/tags?post=12678"}],"curies":[{"name":"wp","href":"https:\/\/api.w.org\/{rel}","templated":true}]}}