{"id":12660,"date":"2023-05-01T00:02:02","date_gmt":"2023-05-01T06:02:02","guid":{"rendered":"https:\/\/contextoanalisisperiodistico.com\/?p=12660"},"modified":"2023-05-01T00:02:30","modified_gmt":"2023-05-01T06:02:30","slug":"cerca-de-40-mil-ninas-y-ninos-de-oaxaca-reciben-un-juguete-este-30-de-abril","status":"publish","type":"post","link":"https:\/\/contextoanalisisperiodistico.com\/index.php\/2023\/05\/01\/cerca-de-40-mil-ninas-y-ninos-de-oaxaca-reciben-un-juguete-este-30-de-abril\/","title":{"rendered":"Cerca de 40 mil ni\u00f1as y ni\u00f1os de Oaxaca reciben un juguete este 30 de abril"},"content":{"rendered":"<div id=\"fb-root\"><\/div>\n\n<p><br>\u2022 El equipo del Sistema DIF Oaxaca en coordinaci\u00f3n con los Comit\u00e9s del DIF Municipales, entregaron en las localidades m\u00e1s apartadas los juguetes recabados como parte de la campa\u00f1a \u201cBidao Tsia, un juguete, una ilusi\u00f3n\u201d<\/p>\n\n\n\n<p>\u2022 Con la participaci\u00f3n de todas y todos se logr\u00f3 la meta de llevar alegr\u00eda a la ni\u00f1ez de las ocho regiones del estado<\/p>\n\n\n\n<p><br>Oaxaca de Ju\u00e1rez, Oax. 30 de abril de 2023.- Alegr\u00eda, sonrisas y buen humor fue el ambiente que predomin\u00f3 en las ocho regiones del Estado por la entrega, hasta este domingo, de cerca de 40 mil juguetes recabados por el Sistema para el Desarrollo Integral de la Familia (DIF) Oaxaca durante la campa\u00f1a \u201cBidao Tsia, un juguete, una ilusi\u00f3n\u201d.<br>En grupos de amigos, en compa\u00f1\u00eda de padres, madres de familia u otros familiares, cada ni\u00f1a y ni\u00f1o, asombrados abrieron apresurados los juguetes que llegaron a sus manos para comenzar con el juego, ya sea en las explanadas o canchas municipales de cada localidad.<br>En este 30 de abril, fecha en que se reafirman sus derechos y se busca crear una infancia feliz para lograr su desarrollo pleno e integral como seres humanos, la Presidenta Honoraria del Sistema DIF Estatal Irma Bola\u00f1os Quijano coment\u00f3 que la mejor celebraci\u00f3n que le pudo dar Oaxaca a la ni\u00f1ez de las ocho regiones es la de verles sonre\u00edr y disfrutar de un d\u00eda lleno de felicidad.<br>La alegr\u00eda de la ni\u00f1ez de las regiones m\u00e1s apartadas de la entidad se logr\u00f3 con el esfuerzo de cientos de personas que donaron juguetes de distintos colores y modelos que llegaron a las comunidades de dif\u00edcil acceso gracias al trabajo de las y los servidores p\u00fablicos del DIF Oaxaca.<br>\u201cLo hemos dicho en reiteradas ocasiones, en este gobierno los apoyos y todo el esfuerzo se concentrar\u00e1 en las localidades m\u00e1s alejadas y con altos \u00edndices de rezago social, poniendo en primer lugar a la ni\u00f1ez oaxaque\u00f1a\u201d, dijo.<br>En este eje transversal de gobierno, desde el DIF Oaxaca se continuar\u00e1 con esta responsabilidad, con el llamado a asumir esta corresponsabilidad para todos los sectores de la sociedad y lograr que nadie se quede atr\u00e1s y nadie se quede fuera.<br>Bajo este principio, las delegadas y el equipo del organismo recorrieron puntualmente las localidades de los distritos de Cuicat\u00e1n y Teotitl\u00e1n en la regi\u00f3n de la Sierra de Flores Mag\u00f3n; as\u00ed como los distritos de Jamiltepec, Juquila y Pochutla en la regi\u00f3n de la Costa.<br>En la Cuenca del Papaloapan se visitaron los distritos de Cho\u00e1pam, Tuxtepec y Cuicatl\u00e1n; y en la regi\u00f3n del Istmo de Tehuantepec, se priorizaron los distritos de Juchit\u00e1n y Tehuantepec.<br>En la regi\u00f3n de la Mixteca el personal del DIF Oaxaca llev\u00f3 alegr\u00eda a ni\u00f1as y ni\u00f1os de los distritos de Putla, Tlaxiaco, Juxtlahuaca, Silacayo\u00e1pam, Huajuapan, Teposcolula, Coixtlahuaca y Nochixtl\u00e1n.<br>En la Sierra de Ju\u00e1rez se recorrieron los distritos de Ixtl\u00e1n de Ju\u00e1rez, Villa Alta y Mixes; en la Sierra Sur toc\u00f3 a los distritos de Miahuatl\u00e1n, Yautepec y Sola de Vega; para concluir con la regi\u00f3n de los Valles Centrales con la visita en los distritos del Centro, Ejutla, Ocotl\u00e1n, Zaachila, Zimatl\u00e1n, Etla y Tlacolula.<br>En esta encomienda la participaci\u00f3n de las autoridades municipales y los Comit\u00e9s DIF Municipales fue crucial, pues su motivaci\u00f3n y trabajo permiti\u00f3 cumplir la meta de llevar alegr\u00eda a ni\u00f1as y ni\u00f1os de Oaxaca.<br>-0-<\/p>\n\n\n\n<figure class=\"wp-block-image size-large\"><img fetchpriority=\"high\" decoding=\"async\" width=\"768\" height=\"1024\" src=\"https:\/\/contextoanalisisperiodistico.com\/wp-content\/uploads\/2023\/05\/img-20230430-wa00563403855483832962360-768x1024.jpg\" alt=\"\" class=\"wp-image-12663\" srcset=\"https:\/\/contextoanalisisperiodistico.com\/wp-content\/uploads\/2023\/05\/img-20230430-wa00563403855483832962360-768x1024.jpg 768w, https:\/\/contextoanalisisperiodistico.com\/wp-content\/uploads\/2023\/05\/img-20230430-wa00563403855483832962360-225x300.jpg 225w, https:\/\/contextoanalisisperiodistico.com\/wp-content\/uploads\/2023\/05\/img-20230430-wa00563403855483832962360-1152x1536.jpg 1152w, https:\/\/contextoanalisisperiodistico.com\/wp-content\/uploads\/2023\/05\/img-20230430-wa00563403855483832962360-1024x1365.jpg 1024w, https:\/\/contextoanalisisperiodistico.com\/wp-content\/uploads\/2023\/05\/img-20230430-wa00563403855483832962360.jpg 1200w\" sizes=\"(max-width: 768px) 100vw, 768px\" \/><\/figure>\n\n\n\n<figure class=\"wp-block-image\"><img decoding=\"async\" width=\"1024\" height=\"682\" src=\"https:\/\/contextoanalisisperiodistico.com\/wp-content\/uploads\/2023\/05\/img-20230430-wa00624336290517209543231-1024x682.jpg\" alt=\"\" class=\"wp-image-12664\" srcset=\"https:\/\/contextoanalisisperiodistico.com\/wp-content\/uploads\/2023\/05\/img-20230430-wa00624336290517209543231-1024x682.jpg 1024w, https:\/\/contextoanalisisperiodistico.com\/wp-content\/uploads\/2023\/05\/img-20230430-wa00624336290517209543231-300x200.jpg 300w, https:\/\/contextoanalisisperiodistico.com\/wp-content\/uploads\/2023\/05\/img-20230430-wa00624336290517209543231-768x512.jpg 768w, https:\/\/contextoanalisisperiodistico.com\/wp-content\/uploads\/2023\/05\/img-20230430-wa00624336290517209543231.jpg 1280w\" sizes=\"(max-width: 1024px) 100vw, 1024px\" \/><\/figure>\n\n\n\n<figure class=\"wp-block-image\"><img decoding=\"async\" width=\"1024\" height=\"682\" src=\"https:\/\/contextoanalisisperiodistico.com\/wp-content\/uploads\/2023\/05\/img-20230430-wa0063172472830234153914-1024x682.jpg\" alt=\"\" class=\"wp-image-12662\" srcset=\"https:\/\/contextoanalisisperiodistico.com\/wp-content\/uploads\/2023\/05\/img-20230430-wa0063172472830234153914-1024x682.jpg 1024w, https:\/\/contextoanalisisperiodistico.com\/wp-content\/uploads\/2023\/05\/img-20230430-wa0063172472830234153914-300x200.jpg 300w, https:\/\/contextoanalisisperiodistico.com\/wp-content\/uploads\/2023\/05\/img-20230430-wa0063172472830234153914-768x512.jpg 768w, https:\/\/contextoanalisisperiodistico.com\/wp-content\/uploads\/2023\/05\/img-20230430-wa0063172472830234153914.jpg 1280w\" sizes=\"(max-width: 1024px) 100vw, 1024px\" \/><\/figure>\n\n\n\n<figure class=\"wp-block-image\"><img loading=\"lazy\" decoding=\"async\" width=\"1024\" height=\"768\" src=\"https:\/\/contextoanalisisperiodistico.com\/wp-content\/uploads\/2023\/05\/img-20230430-wa00598003728528890328780-1024x768.jpg\" alt=\"\" class=\"wp-image-12666\" srcset=\"https:\/\/contextoanalisisperiodistico.com\/wp-content\/uploads\/2023\/05\/img-20230430-wa00598003728528890328780-1024x768.jpg 1024w, https:\/\/contextoanalisisperiodistico.com\/wp-content\/uploads\/2023\/05\/img-20230430-wa00598003728528890328780-300x225.jpg 300w, https:\/\/contextoanalisisperiodistico.com\/wp-content\/uploads\/2023\/05\/img-20230430-wa00598003728528890328780-768x576.jpg 768w, https:\/\/contextoanalisisperiodistico.com\/wp-content\/uploads\/2023\/05\/img-20230430-wa00598003728528890328780-1536x1152.jpg 1536w, https:\/\/contextoanalisisperiodistico.com\/wp-content\/uploads\/2023\/05\/img-20230430-wa00598003728528890328780.jpg 1600w\" sizes=\"(max-width: 1024px) 100vw, 1024px\" \/><\/figure>\n\n\n\n<figure class=\"wp-block-image\"><img loading=\"lazy\" decoding=\"async\" width=\"1024\" height=\"682\" src=\"https:\/\/contextoanalisisperiodistico.com\/wp-content\/uploads\/2023\/05\/img-20230430-wa00605024693504730747772-1024x682.jpg\" alt=\"\" class=\"wp-image-12665\" srcset=\"https:\/\/contextoanalisisperiodistico.com\/wp-content\/uploads\/2023\/05\/img-20230430-wa00605024693504730747772-1024x682.jpg 1024w, https:\/\/contextoanalisisperiodistico.com\/wp-content\/uploads\/2023\/05\/img-20230430-wa00605024693504730747772-300x200.jpg 300w, https:\/\/contextoanalisisperiodistico.com\/wp-content\/uploads\/2023\/05\/img-20230430-wa00605024693504730747772-768x512.jpg 768w, https:\/\/contextoanalisisperiodistico.com\/wp-content\/uploads\/2023\/05\/img-20230430-wa00605024693504730747772.jpg 1280w\" sizes=\"(max-width: 1024px) 100vw, 1024px\" \/><\/figure>\n\n\n\n<figure class=\"wp-block-image\"><img loading=\"lazy\" decoding=\"async\" width=\"1024\" height=\"682\" src=\"https:\/\/contextoanalisisperiodistico.com\/wp-content\/uploads\/2023\/05\/img-20230430-wa00574217055908336293805-1024x682.jpg\" alt=\"\" class=\"wp-image-12667\" srcset=\"https:\/\/contextoanalisisperiodistico.com\/wp-content\/uploads\/2023\/05\/img-20230430-wa00574217055908336293805-1024x682.jpg 1024w, https:\/\/contextoanalisisperiodistico.com\/wp-content\/uploads\/2023\/05\/img-20230430-wa00574217055908336293805-300x200.jpg 300w, https:\/\/contextoanalisisperiodistico.com\/wp-content\/uploads\/2023\/05\/img-20230430-wa00574217055908336293805-768x512.jpg 768w, https:\/\/contextoanalisisperiodistico.com\/wp-content\/uploads\/2023\/05\/img-20230430-wa00574217055908336293805.jpg 1280w\" sizes=\"(max-width: 1024px) 100vw, 1024px\" \/><\/figure>\n","protected":false},"excerpt":{"rendered":"<p>\u2022 El equipo del Sistema DIF Oaxaca en coordinaci\u00f3n con los Comit\u00e9s del DIF Municipales,&#8230;<\/p>\n","protected":false},"author":4,"featured_media":12661,"comment_status":"closed","ping_status":"open","sticky":false,"template":"","format":"standard","meta":{"footnotes":""},"categories":[9],"tags":[],"jetpack_sharing_enabled":true,"featured_image_urls":{"full":["https:\/\/contextoanalisisperiodistico.com\/wp-content\/uploads\/2023\/05\/IMG-20230430-WA0058.jpg",1280,853,false],"thumbnail":["https:\/\/contextoanalisisperiodistico.com\/wp-content\/uploads\/2023\/05\/IMG-20230430-WA0058-150x150.jpg",150,150,true],"medium":["https:\/\/contextoanalisisperiodistico.com\/wp-content\/uploads\/2023\/05\/IMG-20230430-WA0058-300x200.jpg",300,200,true],"medium_large":["https:\/\/contextoanalisisperiodistico.com\/wp-content\/uploads\/2023\/05\/IMG-20230430-WA0058-768x512.jpg",640,427,true],"large":["https:\/\/contextoanalisisperiodistico.com\/wp-content\/uploads\/2023\/05\/IMG-20230430-WA0058-1024x682.jpg",640,426,true],"1536x1536":["https:\/\/contextoanalisisperiodistico.com\/wp-content\/uploads\/2023\/05\/IMG-20230430-WA0058.jpg",1280,853,false],"2048x2048":["https:\/\/contextoanalisisperiodistico.com\/wp-content\/uploads\/2023\/05\/IMG-20230430-WA0058.jpg",1280,853,false],"covernews-slider-full":["https:\/\/contextoanalisisperiodistico.com\/wp-content\/uploads\/2023\/05\/IMG-20230430-WA0058-1115x715.jpg",1115,715,true],"covernews-slider-center":["https:\/\/contextoanalisisperiodistico.com\/wp-content\/uploads\/2023\/05\/IMG-20230430-WA0058-800x500.jpg",800,500,true],"covernews-featured":["https:\/\/contextoanalisisperiodistico.com\/wp-content\/uploads\/2023\/05\/IMG-20230430-WA0058-1024x682.jpg",1024,682,true],"covernews-medium":["https:\/\/contextoanalisisperiodistico.com\/wp-content\/uploads\/2023\/05\/IMG-20230430-WA0058-540x340.jpg",540,340,true],"covernews-medium-square":["https:\/\/contextoanalisisperiodistico.com\/wp-content\/uploads\/2023\/05\/IMG-20230430-WA0058-400x250.jpg",400,250,true]},"author_info":{"display_name":"Mario Gir\u00f3n","author_link":"https:\/\/contextoanalisisperiodistico.com\/index.php\/author\/director\/"},"category_info":"<a href=\"https:\/\/contextoanalisisperiodistico.com\/index.php\/category\/politica\/\" rel=\"category tag\">Pol\u00edtica<\/a>","tag_info":"Pol\u00edtica","comment_count":"0","jetpack_featured_media_url":"https:\/\/contextoanalisisperiodistico.com\/wp-content\/uploads\/2023\/05\/IMG-20230430-WA0058.jpg","_links":{"self":[{"href":"https:\/\/contextoanalisisperiodistico.com\/index.php\/wp-json\/wp\/v2\/posts\/12660"}],"collection":[{"href":"https:\/\/contextoanalisisperiodistico.com\/index.php\/wp-json\/wp\/v2\/posts"}],"about":[{"href":"https:\/\/contextoanalisisperiodistico.com\/index.php\/wp-json\/wp\/v2\/types\/post"}],"author":[{"embeddable":true,"href":"https:\/\/contextoanalisisperiodistico.com\/index.php\/wp-json\/wp\/v2\/users\/4"}],"replies":[{"embeddable":true,"href":"https:\/\/contextoanalisisperiodistico.com\/index.php\/wp-json\/wp\/v2\/comments?post=12660"}],"version-history":[{"count":1,"href":"https:\/\/contextoanalisisperiodistico.com\/index.php\/wp-json\/wp\/v2\/posts\/12660\/revisions"}],"predecessor-version":[{"id":12668,"href":"https:\/\/contextoanalisisperiodistico.com\/index.php\/wp-json\/wp\/v2\/posts\/12660\/revisions\/12668"}],"wp:featuredmedia":[{"embeddable":true,"href":"https:\/\/contextoanalisisperiodistico.com\/index.php\/wp-json\/wp\/v2\/media\/12661"}],"wp:attachment":[{"href":"https:\/\/contextoanalisisperiodistico.com\/index.php\/wp-json\/wp\/v2\/media?parent=12660"}],"wp:term":[{"taxonomy":"category","embeddable":true,"href":"https:\/\/contextoanalisisperiodistico.com\/index.php\/wp-json\/wp\/v2\/categories?post=12660"},{"taxonomy":"post_tag","embeddable":true,"href":"https:\/\/contextoanalisisperiodistico.com\/index.php\/wp-json\/wp\/v2\/tags?post=12660"}],"curies":[{"name":"wp","href":"https:\/\/api.w.org\/{rel}","templated":true}]}}