{"id":12602,"date":"2023-04-29T17:15:24","date_gmt":"2023-04-29T23:15:24","guid":{"rendered":"https:\/\/contextoanalisisperiodistico.com\/index.php\/2023\/04\/29\/las-ninas-y-ninos-van-primero-en-oaxaca-afirma-irma-bolanos\/"},"modified":"2023-04-29T17:15:24","modified_gmt":"2023-04-29T23:15:24","slug":"las-ninas-y-ninos-van-primero-en-oaxaca-afirma-irma-bolanos","status":"publish","type":"post","link":"https:\/\/contextoanalisisperiodistico.com\/index.php\/2023\/04\/29\/las-ninas-y-ninos-van-primero-en-oaxaca-afirma-irma-bolanos\/","title":{"rendered":"Las ni\u00f1as y ni\u00f1os van primero en Oaxaca, afirma Irma Bola\u00f1os"},"content":{"rendered":"<div id=\"fb-root\"><\/div>\n\n<p><br>\u2022 La Presidenta Honoraria del Sistema DIF Oaxaca enuncia una serie de acciones implementadas en lo que va de la administraci\u00f3n estatal en favor de este sector de la poblaci\u00f3n<\/p>\n\n\n\n<p><br>\u2022 La salud f\u00edsica y emocional de ni\u00f1as y ni\u00f1as es una prioridad del Gobierno que encabeza Salom\u00f3n Jara Cruz<\/p>\n\n\n\n<figure class=\"wp-block-image size-large\"><img fetchpriority=\"high\" decoding=\"async\" width=\"1024\" height=\"683\" src=\"https:\/\/contextoanalisisperiodistico.com\/wp-content\/uploads\/2023\/04\/img-20230429-wa00394395429696611843981-1024x683.jpg\" alt=\"\" class=\"wp-image-12601\" srcset=\"https:\/\/contextoanalisisperiodistico.com\/wp-content\/uploads\/2023\/04\/img-20230429-wa00394395429696611843981-1024x683.jpg 1024w, https:\/\/contextoanalisisperiodistico.com\/wp-content\/uploads\/2023\/04\/img-20230429-wa00394395429696611843981-300x200.jpg 300w, https:\/\/contextoanalisisperiodistico.com\/wp-content\/uploads\/2023\/04\/img-20230429-wa00394395429696611843981-768x512.jpg 768w, https:\/\/contextoanalisisperiodistico.com\/wp-content\/uploads\/2023\/04\/img-20230429-wa00394395429696611843981.jpg 1280w\" sizes=\"(max-width: 1024px) 100vw, 1024px\" \/><\/figure>\n\n\n\n<p>Oaxaca de Ju\u00e1rez, Oax. 29 de abril de 2023.- El respeto y reconocimiento de ni\u00f1as y ni\u00f1os como personas sujetas de derechos en todos los \u00e1mbitos de la sociedad y el compromiso de generar entornos saludables de desarrollo f\u00edsico y emocional, en los que se anteponga su inter\u00e9s superior, es uno de los faros que orientan al Gobierno del Estado, motivo que tambi\u00e9n involucra a las autoridades de los tres niveles y poderes de gobierno, madres y padres de familia, as\u00ed como de la poblaci\u00f3n en general.<br \/>En v\u00edspera de la celebraci\u00f3n del D\u00eda del Ni\u00f1o y la Ni\u00f1a este 30 de abril, Irma Bola\u00f1os Quijano, Presidenta Honoraria del Sistema para el Desarrollo Integral de la Familia (DIF) Oaxaca extern\u00f3 que desde el \u00e1mbito de competencia del organismo que representa, se ha asumido esta tarea en \u00e1reas como la promoci\u00f3n de sus derechos, su bienestar f\u00edsico y de salud integral, pues -dijo- las ni\u00f1as y ni\u00f1os son primero y sin distingo alguno.<br \/>Por ello, desde el primero de diciembre, la atenci\u00f3n se ha enfocado en su salud al arroparles con las cobijas y ropa abrigadora que se recaud\u00f3 como parte de la campa\u00f1a Abrigando Corazones, cuya entrega se prioriz\u00f3 en las zonas altas y donde se registran las m\u00e1s bajas temperaturas como en las sierras de Ju\u00e1rez y Sur, as\u00ed como en la Mixteca.<br \/>En los art\u00edculos 60 y 61 de la Ley General de los Derechos de Ni\u00f1as, Ni\u00f1os y Adolescentes establece que tienen derecho al juego y al esparcimiento. Por tal motivo, el personal del Sistema DIF Oaxaca distribuy\u00f3 m\u00e1s de 18 mil juguetes recabados en la campa\u00f1a Tangu Y\u00fa que se organiz\u00f3 como parte del D\u00eda del Reyes.<br \/>Este mismo objetivo cumplir\u00e1 Bidao Tsia, un juguete, una ilusi\u00f3n al compartir cerca de 63 mil sonrisas con la ni\u00f1ez de las ocho regiones del 28 al 30 de abril, dando prioridad a 167 municipios de la Mixteca, as\u00ed como las localidades de dif\u00edcil acceso en el estado.<br \/>En las campa\u00f1as mencionadas, la participaci\u00f3n de todos los sectores de la poblaci\u00f3n ha sido crucial porque solo en equipo es como se generan cambios importantes que impactan en la calidad de vida de la poblaci\u00f3n beneficiaria. En este caso, el inter\u00e9s superior de ni\u00f1as y ni\u00f1os.<br \/>Otra de las acciones a destacar es el programa Minutos para Imaginar con el que se promueve el gusto y h\u00e1bito por la lectura entre ni\u00f1as, ni\u00f1os y adolescentes de las casas hogar del DIF estatal. Esta actividad adem\u00e1s de despertar el gusto por los libros tambi\u00e9n permite reforzar la amistad, la unidad, la solidaridad y la empat\u00eda entre todas y todos. Por tal motivo, se prepara una estrategia para que los municipios se lo apropien y lo implementen entre su poblaci\u00f3n y grupos prioritarios.<br \/>El compromiso legal es con ni\u00f1as y ni\u00f1os<br \/>En esta responsabilidad, tambi\u00e9n destaca la vigencia del Consejo T\u00e9cnico de Adopciones del Sistema DIF Oaxaca, el cual sesiona cada mes para analizar la asignaci\u00f3n en acogimiento pre-adoptivo de ni\u00f1as y ni\u00f1os declarados en abandono de personas.<br \/>Dicho organismo cumple con el eje transversal de gobierno enfocado a garantizar la vigencia del Inter\u00e9s Superior de Ni\u00f1as, Ni\u00f1os y Adolescentes que se encuentran en situaci\u00f3n de desamparo.<br \/>De igual manera, el Consejo Estatal para la Asistencia y la Prevenci\u00f3n de la Violencia Familiar instaurado por el Gobernador Salom\u00f3n Jara Cruz, organismo encaminado a organizar acciones derivadas de los programas a cargo de las dependencias y entidades de la administraci\u00f3n p\u00fablica estatal, tendientes a prevenir y atender la violencia familiar, en colaboraci\u00f3n con los otros Poderes del Estado y las asociaciones civiles, cuyo objeto social est\u00e9 relacionada con la materia.<br \/>Tambi\u00e9n el actuar de la Procuradur\u00eda Estatal de Protecci\u00f3n de los Derechos de Ni\u00f1as, Ni\u00f1os y Adolescentes del Estado de Oaxaca (Prodennao) del Sistema DIF Oaxaca cuando existe vulneraci\u00f3n o restricci\u00f3n a sus derechos humanos y de conformidad al procedimiento establecido en el art\u00edculo 123 de la Ley General de los Derechos de Ni\u00f1as, Ni\u00f1os y Adolescentes.<br \/>Este esfuerzo tambi\u00e9n incluye el Consejo Estatal de los Centros de Atenci\u00f3n, mediante los cuales, el organismo asistencial establecer\u00e1 la participaci\u00f3n de los sectores privado y social en materia de prestacio\u0301n de servicios de los Centros de Atencio\u0301n, garantizando el acceso de ni\u00f1as y nin\u0303os a dichos servicios en condiciones de igualdad, calidad, calidez, seguridad y proteccio\u0301n adecuadas que promuevan el ejercicio pleno de sus derechos.<br \/>Asimismo, se busca dar seguimiento continuo a las acciones que tengan por objeto promover mecanismos interinstitucionales, que permitan establecer pol\u00edticas pu\u0301blicas y estrategias de atencio\u0301n en la materia.<br \/>Mientras que en el Centro de Acogida Temporal para Personas en Tr\u00e1nsito, la ni\u00f1ez y sus familias puede pernoctar de manera temporal y segura para descansar y alimentarse, adem\u00e1s de acceder a otra serie de servicios de asistencia y asesor\u00eda legal.<br \/>Entre estas acciones tambi\u00e9n destaca la entrega de aparatos funcionales a ni\u00f1as y ni\u00f1os, su acceso a la educaci\u00f3n en los Centros de Asistencia Infantil Comunitarios (CAIC) y Centros Asistencial de Desarrollo Infantil (CADI), as\u00ed como su inscripci\u00f3n al Programa de Salud y Bienestar, entre otros.<\/p>\n\n\n\n<p>-0-<\/p>\n","protected":false},"excerpt":{"rendered":"<p>\u2022 La Presidenta Honoraria del Sistema DIF Oaxaca enuncia una serie de acciones implementadas en&#8230;<\/p>\n","protected":false},"author":4,"featured_media":12599,"comment_status":"","ping_status":"open","sticky":false,"template":"","format":"standard","meta":{"footnotes":""},"categories":[9],"tags":[],"jetpack_sharing_enabled":true,"featured_image_urls":{"full":["https:\/\/contextoanalisisperiodistico.com\/wp-content\/uploads\/2023\/04\/IMG-20230429-WA0038.jpg",1280,854,false],"thumbnail":["https:\/\/contextoanalisisperiodistico.com\/wp-content\/uploads\/2023\/04\/IMG-20230429-WA0038-150x150.jpg",150,150,true],"medium":["https:\/\/contextoanalisisperiodistico.com\/wp-content\/uploads\/2023\/04\/IMG-20230429-WA0038-300x200.jpg",300,200,true],"medium_large":["https:\/\/contextoanalisisperiodistico.com\/wp-content\/uploads\/2023\/04\/IMG-20230429-WA0038-768x512.jpg",640,427,true],"large":["https:\/\/contextoanalisisperiodistico.com\/wp-content\/uploads\/2023\/04\/IMG-20230429-WA0038-1024x683.jpg",640,427,true],"1536x1536":["https:\/\/contextoanalisisperiodistico.com\/wp-content\/uploads\/2023\/04\/IMG-20230429-WA0038.jpg",1280,854,false],"2048x2048":["https:\/\/contextoanalisisperiodistico.com\/wp-content\/uploads\/2023\/04\/IMG-20230429-WA0038.jpg",1280,854,false],"covernews-slider-full":["https:\/\/contextoanalisisperiodistico.com\/wp-content\/uploads\/2023\/04\/IMG-20230429-WA0038-1115x715.jpg",1115,715,true],"covernews-slider-center":["https:\/\/contextoanalisisperiodistico.com\/wp-content\/uploads\/2023\/04\/IMG-20230429-WA0038-800x500.jpg",800,500,true],"covernews-featured":["https:\/\/contextoanalisisperiodistico.com\/wp-content\/uploads\/2023\/04\/IMG-20230429-WA0038-1024x683.jpg",1024,683,true],"covernews-medium":["https:\/\/contextoanalisisperiodistico.com\/wp-content\/uploads\/2023\/04\/IMG-20230429-WA0038-540x340.jpg",540,340,true],"covernews-medium-square":["https:\/\/contextoanalisisperiodistico.com\/wp-content\/uploads\/2023\/04\/IMG-20230429-WA0038-400x250.jpg",400,250,true]},"author_info":{"display_name":"Mario Gir\u00f3n","author_link":"https:\/\/contextoanalisisperiodistico.com\/index.php\/author\/director\/"},"category_info":"<a href=\"https:\/\/contextoanalisisperiodistico.com\/index.php\/category\/politica\/\" rel=\"category tag\">Pol\u00edtica<\/a>","tag_info":"Pol\u00edtica","comment_count":"0","jetpack_featured_media_url":"https:\/\/contextoanalisisperiodistico.com\/wp-content\/uploads\/2023\/04\/IMG-20230429-WA0038.jpg","_links":{"self":[{"href":"https:\/\/contextoanalisisperiodistico.com\/index.php\/wp-json\/wp\/v2\/posts\/12602"}],"collection":[{"href":"https:\/\/contextoanalisisperiodistico.com\/index.php\/wp-json\/wp\/v2\/posts"}],"about":[{"href":"https:\/\/contextoanalisisperiodistico.com\/index.php\/wp-json\/wp\/v2\/types\/post"}],"author":[{"embeddable":true,"href":"https:\/\/contextoanalisisperiodistico.com\/index.php\/wp-json\/wp\/v2\/users\/4"}],"replies":[{"embeddable":true,"href":"https:\/\/contextoanalisisperiodistico.com\/index.php\/wp-json\/wp\/v2\/comments?post=12602"}],"version-history":[{"count":0,"href":"https:\/\/contextoanalisisperiodistico.com\/index.php\/wp-json\/wp\/v2\/posts\/12602\/revisions"}],"wp:featuredmedia":[{"embeddable":true,"href":"https:\/\/contextoanalisisperiodistico.com\/index.php\/wp-json\/wp\/v2\/media\/12599"}],"wp:attachment":[{"href":"https:\/\/contextoanalisisperiodistico.com\/index.php\/wp-json\/wp\/v2\/media?parent=12602"}],"wp:term":[{"taxonomy":"category","embeddable":true,"href":"https:\/\/contextoanalisisperiodistico.com\/index.php\/wp-json\/wp\/v2\/categories?post=12602"},{"taxonomy":"post_tag","embeddable":true,"href":"https:\/\/contextoanalisisperiodistico.com\/index.php\/wp-json\/wp\/v2\/tags?post=12602"}],"curies":[{"name":"wp","href":"https:\/\/api.w.org\/{rel}","templated":true}]}}