{"id":12592,"date":"2023-04-29T09:53:12","date_gmt":"2023-04-29T15:53:12","guid":{"rendered":"https:\/\/contextoanalisisperiodistico.com\/?p=12592"},"modified":"2023-04-29T09:54:56","modified_gmt":"2023-04-29T15:54:56","slug":"resumen-de-sesion-ordinaria-de-la-diputacion-permanente","status":"publish","type":"post","link":"https:\/\/contextoanalisisperiodistico.com\/index.php\/2023\/04\/29\/resumen-de-sesion-ordinaria-de-la-diputacion-permanente\/","title":{"rendered":"Resumen de sesi\u00f3n ordinaria de la diputaci\u00f3n permanente"},"content":{"rendered":"<div id=\"fb-root\"><\/div>\n\n<p>* Congreso analiza reformas para garantizar adecuada nutrici\u00f3n a ni\u00f1os<\/p>\n\n\n\n<p><strong>San Raymundo Jalpan, Oax. 28 de abril de 2023.-<\/strong>&nbsp;En sesi\u00f3n ordinaria de la Diputaci\u00f3n Permanente, los diputados C\u00e9sar David Mateos Ben\u00edtez y Horacio Sosa Villavicencio, presentaron el proyecto de decreto para reformar la Ley de los Derechos de Ni\u00f1as, Ni\u00f1os y Adolescentes del Estado de Oaxaca para garantizarles una correcta y sana alimentaci\u00f3n.<\/p>\n\n\n\n<p>De acuerdo con dicha ley, se regular\u00eda la venta de bebidas y alimentos que contengan sellos de exceso de calor\u00edas, az\u00facares, grasas saturadas, trans y sodio, a ni\u00f1as y ni\u00f1os. Este decreto fue turnado a la Comisi\u00f3n Permanente de Salud para su estudio y dictaminaci\u00f3n.<\/p>\n\n\n\n<p>Por otra parte, la Diputaci\u00f3n Permanente, aprob\u00f3 la Convocatoria al Primer Periodo Extraordinario de Sesiones, correspondiente al segundo a\u00f1o de ejercicio constitucional por el cual se cit\u00f3 a las diputadas y diputados integrantes de la 65 Legislatura, el 27 de abril en punto del medio d\u00eda.<\/p>\n\n\n\n<p>Durante la sesi\u00f3n, se abordaron cinco puntos de decreto, los cuales fueron turnados para su estudio y dictaminaci\u00f3n a las Comisiones Permanentes de Administraci\u00f3n y Procuraci\u00f3n de Justicia; Salud; R\u00e9gimen, Reglamentos y Pr\u00e1cticas Parlamentarias; Grupos en Situaci\u00f3n de Vulnerabilidad; Medio Ambiente, Biodiversidad, Energ\u00edas, Sostenibilidad y Cambio Clim\u00e1tico.<\/p>\n\n\n\n<p>Asimismo, se presentaron dos puntos de acuerdo los cuales se turnaron a las Comisiones Permanentes de Grupos en Situaci\u00f3n de Vulnerabilidad y Transparencia, Acceso a la Informaci\u00f3n y Congreso Abierto.<\/p>\n","protected":false},"excerpt":{"rendered":"<p>* Congreso analiza reformas para garantizar adecuada nutrici\u00f3n a ni\u00f1os San Raymundo Jalpan, Oax. 28&#8230;<\/p>\n","protected":false},"author":4,"featured_media":12593,"comment_status":"closed","ping_status":"open","sticky":false,"template":"","format":"standard","meta":{"footnotes":""},"categories":[6],"tags":[107],"jetpack_sharing_enabled":true,"featured_image_urls":{"full":["https:\/\/contextoanalisisperiodistico.com\/wp-content\/uploads\/2023\/04\/ResumendesesiC3B3nordinariadeladiputaciC3B3npermanente.jpg",2045,1363,false],"thumbnail":["https:\/\/contextoanalisisperiodistico.com\/wp-content\/uploads\/2023\/04\/ResumendesesiC3B3nordinariadeladiputaciC3B3npermanente-150x150.jpg",150,150,true],"medium":["https:\/\/contextoanalisisperiodistico.com\/wp-content\/uploads\/2023\/04\/ResumendesesiC3B3nordinariadeladiputaciC3B3npermanente-300x200.jpg",300,200,true],"medium_large":["https:\/\/contextoanalisisperiodistico.com\/wp-content\/uploads\/2023\/04\/ResumendesesiC3B3nordinariadeladiputaciC3B3npermanente-768x512.jpg",640,427,true],"large":["https:\/\/contextoanalisisperiodistico.com\/wp-content\/uploads\/2023\/04\/ResumendesesiC3B3nordinariadeladiputaciC3B3npermanente-1024x682.jpg",640,426,true],"1536x1536":["https:\/\/contextoanalisisperiodistico.com\/wp-content\/uploads\/2023\/04\/ResumendesesiC3B3nordinariadeladiputaciC3B3npermanente-1536x1024.jpg",1536,1024,true],"2048x2048":["https:\/\/contextoanalisisperiodistico.com\/wp-content\/uploads\/2023\/04\/ResumendesesiC3B3nordinariadeladiputaciC3B3npermanente.jpg",2045,1363,false],"covernews-slider-full":["https:\/\/contextoanalisisperiodistico.com\/wp-content\/uploads\/2023\/04\/ResumendesesiC3B3nordinariadeladiputaciC3B3npermanente-1115x715.jpg",1115,715,true],"covernews-slider-center":["https:\/\/contextoanalisisperiodistico.com\/wp-content\/uploads\/2023\/04\/ResumendesesiC3B3nordinariadeladiputaciC3B3npermanente-800x500.jpg",800,500,true],"covernews-featured":["https:\/\/contextoanalisisperiodistico.com\/wp-content\/uploads\/2023\/04\/ResumendesesiC3B3nordinariadeladiputaciC3B3npermanente-1024x682.jpg",1024,682,true],"covernews-medium":["https:\/\/contextoanalisisperiodistico.com\/wp-content\/uploads\/2023\/04\/ResumendesesiC3B3nordinariadeladiputaciC3B3npermanente-540x340.jpg",540,340,true],"covernews-medium-square":["https:\/\/contextoanalisisperiodistico.com\/wp-content\/uploads\/2023\/04\/ResumendesesiC3B3nordinariadeladiputaciC3B3npermanente-400x250.jpg",400,250,true]},"author_info":{"display_name":"Mario Gir\u00f3n","author_link":"https:\/\/contextoanalisisperiodistico.com\/index.php\/author\/director\/"},"category_info":"<a href=\"https:\/\/contextoanalisisperiodistico.com\/index.php\/category\/legislatura\/\" rel=\"category tag\">Legislatura<\/a>","tag_info":"Legislatura","comment_count":"0","jetpack_featured_media_url":"https:\/\/contextoanalisisperiodistico.com\/wp-content\/uploads\/2023\/04\/ResumendesesiC3B3nordinariadeladiputaciC3B3npermanente.jpg","_links":{"self":[{"href":"https:\/\/contextoanalisisperiodistico.com\/index.php\/wp-json\/wp\/v2\/posts\/12592"}],"collection":[{"href":"https:\/\/contextoanalisisperiodistico.com\/index.php\/wp-json\/wp\/v2\/posts"}],"about":[{"href":"https:\/\/contextoanalisisperiodistico.com\/index.php\/wp-json\/wp\/v2\/types\/post"}],"author":[{"embeddable":true,"href":"https:\/\/contextoanalisisperiodistico.com\/index.php\/wp-json\/wp\/v2\/users\/4"}],"replies":[{"embeddable":true,"href":"https:\/\/contextoanalisisperiodistico.com\/index.php\/wp-json\/wp\/v2\/comments?post=12592"}],"version-history":[{"count":1,"href":"https:\/\/contextoanalisisperiodistico.com\/index.php\/wp-json\/wp\/v2\/posts\/12592\/revisions"}],"predecessor-version":[{"id":12594,"href":"https:\/\/contextoanalisisperiodistico.com\/index.php\/wp-json\/wp\/v2\/posts\/12592\/revisions\/12594"}],"wp:featuredmedia":[{"embeddable":true,"href":"https:\/\/contextoanalisisperiodistico.com\/index.php\/wp-json\/wp\/v2\/media\/12593"}],"wp:attachment":[{"href":"https:\/\/contextoanalisisperiodistico.com\/index.php\/wp-json\/wp\/v2\/media?parent=12592"}],"wp:term":[{"taxonomy":"category","embeddable":true,"href":"https:\/\/contextoanalisisperiodistico.com\/index.php\/wp-json\/wp\/v2\/categories?post=12592"},{"taxonomy":"post_tag","embeddable":true,"href":"https:\/\/contextoanalisisperiodistico.com\/index.php\/wp-json\/wp\/v2\/tags?post=12592"}],"curies":[{"name":"wp","href":"https:\/\/api.w.org\/{rel}","templated":true}]}}