{"id":12582,"date":"2023-04-28T19:53:17","date_gmt":"2023-04-29T01:53:17","guid":{"rendered":"https:\/\/contextoanalisisperiodistico.com\/?p=12582"},"modified":"2023-04-28T19:53:26","modified_gmt":"2023-04-29T01:53:26","slug":"saborea-a-oaxaca-a-traves-de-la-muestra-de-antojitos-oaxaquenos-de-chile-dulce-y-de-manteca","status":"publish","type":"post","link":"https:\/\/contextoanalisisperiodistico.com\/index.php\/2023\/04\/28\/saborea-a-oaxaca-a-traves-de-la-muestra-de-antojitos-oaxaquenos-de-chile-dulce-y-de-manteca\/","title":{"rendered":"Saborea a Oaxaca a trav\u00e9s de la muestra de antojitos oaxaque\u00f1os \u00abDe Chile, Dulce y de Manteca\u00bb"},"content":{"rendered":"<div id=\"fb-root\"><\/div>\n\n<p>\u2022 Durante los d\u00edas 28 y 29 de abril, desde las 13:00 a las 21:00 horas, m\u00e1s de 30 expositores ofrecer\u00e1n a los asistentes antojitos tradicionales oaxaque\u00f1os.<\/p>\n\n\n\n<p>Oaxaca de Ju\u00e1rez, Oax., a 28 de abril de 2023.- En las instalaciones del Centro Gastron\u00f3mico Oaxaca, se lleva a cabo la muestra de antojitos oaxaque\u00f1os \u00abDe chile, dulce y de manteca\u00bb, una actividad que se realiza en el marco de la celebraci\u00f3n por el 491 aniversario de la ciudad de Oaxaca de Ju\u00e1rez. El objetivo de este evento es promover la gastronom\u00eda del estado y reactivar la actividad econ\u00f3mica en la ciudad.<\/p>\n\n\n\n<p>El corte inaugural estuvo a cargo del edil capitalino, Francisco Mart\u00ednez Neri, acompa\u00f1ado del secretario de Fomento Tur\u00edstico, \u00c1ngel Osorio Morales. En representaci\u00f3n de Tania L\u00f3pez L\u00f3pez, rectora de la Universidad Tecnol\u00f3gica de los Valles Centrales de Oaxaca (UTVCO), el director acad\u00e9mico, Jorge Caravantes; la regidora de Desarrollo Econ\u00f3mico y Mejora Regulatoria, Irasema Aquino Gonz\u00e1lez, la secretaria de Arte y Cultura, Leticia Ivonne Valle Mijangos y la directora de Mercados P\u00fablicos, Amira Mart\u00ednez Cruz.<\/p>\n\n\n\n<p>Durante los d\u00edas 28 y 29 de abril, desde las 13:00 a las 21:00 horas, m\u00e1s de 30 expositores ofrecer\u00e1n antojitos tradicionales oaxaque\u00f1os como tlayudas, nieves, dulces regionales, aguas frescas, tacos dorados, pan de Etla, entre otros.<\/p>\n\n\n\n<p>Durante la inauguraci\u00f3n se llev\u00f3 a cabo un evento cultural acompa\u00f1ado de la \u00abBanda Azul\u00bb , as\u00ed como la presentaci\u00f3n de distintas bandas para amenizar esta rica muestra.<\/p>\n\n\n\n<p>El presidente municipal de Oaxaca de Ju\u00e1rez, Francisco Mart\u00ednez Neri, invit\u00f3 a la poblaci\u00f3n oaxaque\u00f1a, as\u00ed como a los visitantes, a recorrer esta muestra y disfrutar de la aut\u00e9ntica tradici\u00f3n culinaria de Oaxaca en cuanto a antojitos se refiere. La atm\u00f3sfera en el evento era de una gran alegr\u00eda, entusiasmo y, sobre todo, de un gran sabor y aroma que envolv\u00eda a los presentes.<\/p>\n\n\n\n<p>Esta muestra de antojitos oaxaque\u00f1os es una gran oportunidad para conocer y apoyar a los peque\u00f1os productores y comerciantes locales. Con eventos como este, se busca impulsar el turismo y la actividad econ\u00f3mica de la ciudad, a la vez que se promueve la riqueza gastron\u00f3mica del estado de Oaxaca.<\/p>\n\n\n\n<figure class=\"wp-block-image size-large\"><img fetchpriority=\"high\" decoding=\"async\" width=\"1024\" height=\"683\" src=\"https:\/\/contextoanalisisperiodistico.com\/wp-content\/uploads\/2023\/04\/img-20230428-wa00988209159645464746374-1024x683.jpg\" alt=\"\" class=\"wp-image-12584\" srcset=\"https:\/\/contextoanalisisperiodistico.com\/wp-content\/uploads\/2023\/04\/img-20230428-wa00988209159645464746374-1024x683.jpg 1024w, https:\/\/contextoanalisisperiodistico.com\/wp-content\/uploads\/2023\/04\/img-20230428-wa00988209159645464746374-300x200.jpg 300w, https:\/\/contextoanalisisperiodistico.com\/wp-content\/uploads\/2023\/04\/img-20230428-wa00988209159645464746374-768x512.jpg 768w, https:\/\/contextoanalisisperiodistico.com\/wp-content\/uploads\/2023\/04\/img-20230428-wa00988209159645464746374-1536x1024.jpg 1536w, https:\/\/contextoanalisisperiodistico.com\/wp-content\/uploads\/2023\/04\/img-20230428-wa00988209159645464746374.jpg 1600w\" sizes=\"(max-width: 1024px) 100vw, 1024px\" \/><\/figure>\n\n\n\n<figure class=\"wp-block-image\"><img decoding=\"async\" width=\"1024\" height=\"683\" src=\"https:\/\/contextoanalisisperiodistico.com\/wp-content\/uploads\/2023\/04\/img-20230428-wa01004435194556351342457-1024x683.jpg\" alt=\"\" class=\"wp-image-12587\" srcset=\"https:\/\/contextoanalisisperiodistico.com\/wp-content\/uploads\/2023\/04\/img-20230428-wa01004435194556351342457-1024x683.jpg 1024w, https:\/\/contextoanalisisperiodistico.com\/wp-content\/uploads\/2023\/04\/img-20230428-wa01004435194556351342457-300x200.jpg 300w, https:\/\/contextoanalisisperiodistico.com\/wp-content\/uploads\/2023\/04\/img-20230428-wa01004435194556351342457-768x512.jpg 768w, https:\/\/contextoanalisisperiodistico.com\/wp-content\/uploads\/2023\/04\/img-20230428-wa01004435194556351342457.jpg 1500w\" sizes=\"(max-width: 1024px) 100vw, 1024px\" \/><\/figure>\n\n\n\n<figure class=\"wp-block-image\"><img decoding=\"async\" width=\"1024\" height=\"683\" src=\"https:\/\/contextoanalisisperiodistico.com\/wp-content\/uploads\/2023\/04\/img-20230428-wa0097350355086726096733-1024x683.jpg\" alt=\"\" class=\"wp-image-12585\" srcset=\"https:\/\/contextoanalisisperiodistico.com\/wp-content\/uploads\/2023\/04\/img-20230428-wa0097350355086726096733-1024x683.jpg 1024w, https:\/\/contextoanalisisperiodistico.com\/wp-content\/uploads\/2023\/04\/img-20230428-wa0097350355086726096733-300x200.jpg 300w, https:\/\/contextoanalisisperiodistico.com\/wp-content\/uploads\/2023\/04\/img-20230428-wa0097350355086726096733-768x512.jpg 768w, https:\/\/contextoanalisisperiodistico.com\/wp-content\/uploads\/2023\/04\/img-20230428-wa0097350355086726096733-1536x1024.jpg 1536w, https:\/\/contextoanalisisperiodistico.com\/wp-content\/uploads\/2023\/04\/img-20230428-wa0097350355086726096733.jpg 1600w\" sizes=\"(max-width: 1024px) 100vw, 1024px\" \/><\/figure>\n\n\n\n<figure class=\"wp-block-image\"><img loading=\"lazy\" decoding=\"async\" width=\"1024\" height=\"683\" src=\"https:\/\/contextoanalisisperiodistico.com\/wp-content\/uploads\/2023\/04\/img-20230428-wa00964374615630996094523-1024x683.jpg\" alt=\"\" class=\"wp-image-12586\" srcset=\"https:\/\/contextoanalisisperiodistico.com\/wp-content\/uploads\/2023\/04\/img-20230428-wa00964374615630996094523-1024x683.jpg 1024w, https:\/\/contextoanalisisperiodistico.com\/wp-content\/uploads\/2023\/04\/img-20230428-wa00964374615630996094523-300x200.jpg 300w, https:\/\/contextoanalisisperiodistico.com\/wp-content\/uploads\/2023\/04\/img-20230428-wa00964374615630996094523-768x512.jpg 768w, https:\/\/contextoanalisisperiodistico.com\/wp-content\/uploads\/2023\/04\/img-20230428-wa00964374615630996094523.jpg 1500w\" sizes=\"(max-width: 1024px) 100vw, 1024px\" \/><\/figure>\n","protected":false},"excerpt":{"rendered":"<p>\u2022 Durante los d\u00edas 28 y 29 de abril, desde las 13:00 a las 21:00&#8230;<\/p>\n","protected":false},"author":4,"featured_media":12583,"comment_status":"closed","ping_status":"open","sticky":false,"template":"","format":"standard","meta":{"footnotes":""},"categories":[9],"tags":[],"jetpack_sharing_enabled":true,"featured_image_urls":{"full":["https:\/\/contextoanalisisperiodistico.com\/wp-content\/uploads\/2023\/04\/IMG-20230428-WA0099.jpg",1600,1067,false],"thumbnail":["https:\/\/contextoanalisisperiodistico.com\/wp-content\/uploads\/2023\/04\/IMG-20230428-WA0099-150x150.jpg",150,150,true],"medium":["https:\/\/contextoanalisisperiodistico.com\/wp-content\/uploads\/2023\/04\/IMG-20230428-WA0099-300x200.jpg",300,200,true],"medium_large":["https:\/\/contextoanalisisperiodistico.com\/wp-content\/uploads\/2023\/04\/IMG-20230428-WA0099-768x512.jpg",640,427,true],"large":["https:\/\/contextoanalisisperiodistico.com\/wp-content\/uploads\/2023\/04\/IMG-20230428-WA0099-1024x683.jpg",640,427,true],"1536x1536":["https:\/\/contextoanalisisperiodistico.com\/wp-content\/uploads\/2023\/04\/IMG-20230428-WA0099-1536x1024.jpg",1536,1024,true],"2048x2048":["https:\/\/contextoanalisisperiodistico.com\/wp-content\/uploads\/2023\/04\/IMG-20230428-WA0099.jpg",1600,1067,false],"covernews-slider-full":["https:\/\/contextoanalisisperiodistico.com\/wp-content\/uploads\/2023\/04\/IMG-20230428-WA0099-1115x715.jpg",1115,715,true],"covernews-slider-center":["https:\/\/contextoanalisisperiodistico.com\/wp-content\/uploads\/2023\/04\/IMG-20230428-WA0099-800x500.jpg",800,500,true],"covernews-featured":["https:\/\/contextoanalisisperiodistico.com\/wp-content\/uploads\/2023\/04\/IMG-20230428-WA0099-1024x683.jpg",1024,683,true],"covernews-medium":["https:\/\/contextoanalisisperiodistico.com\/wp-content\/uploads\/2023\/04\/IMG-20230428-WA0099-540x340.jpg",540,340,true],"covernews-medium-square":["https:\/\/contextoanalisisperiodistico.com\/wp-content\/uploads\/2023\/04\/IMG-20230428-WA0099-400x250.jpg",400,250,true]},"author_info":{"display_name":"Mario Gir\u00f3n","author_link":"https:\/\/contextoanalisisperiodistico.com\/index.php\/author\/director\/"},"category_info":"<a href=\"https:\/\/contextoanalisisperiodistico.com\/index.php\/category\/politica\/\" rel=\"category tag\">Pol\u00edtica<\/a>","tag_info":"Pol\u00edtica","comment_count":"0","jetpack_featured_media_url":"https:\/\/contextoanalisisperiodistico.com\/wp-content\/uploads\/2023\/04\/IMG-20230428-WA0099.jpg","_links":{"self":[{"href":"https:\/\/contextoanalisisperiodistico.com\/index.php\/wp-json\/wp\/v2\/posts\/12582"}],"collection":[{"href":"https:\/\/contextoanalisisperiodistico.com\/index.php\/wp-json\/wp\/v2\/posts"}],"about":[{"href":"https:\/\/contextoanalisisperiodistico.com\/index.php\/wp-json\/wp\/v2\/types\/post"}],"author":[{"embeddable":true,"href":"https:\/\/contextoanalisisperiodistico.com\/index.php\/wp-json\/wp\/v2\/users\/4"}],"replies":[{"embeddable":true,"href":"https:\/\/contextoanalisisperiodistico.com\/index.php\/wp-json\/wp\/v2\/comments?post=12582"}],"version-history":[{"count":1,"href":"https:\/\/contextoanalisisperiodistico.com\/index.php\/wp-json\/wp\/v2\/posts\/12582\/revisions"}],"predecessor-version":[{"id":12588,"href":"https:\/\/contextoanalisisperiodistico.com\/index.php\/wp-json\/wp\/v2\/posts\/12582\/revisions\/12588"}],"wp:featuredmedia":[{"embeddable":true,"href":"https:\/\/contextoanalisisperiodistico.com\/index.php\/wp-json\/wp\/v2\/media\/12583"}],"wp:attachment":[{"href":"https:\/\/contextoanalisisperiodistico.com\/index.php\/wp-json\/wp\/v2\/media?parent=12582"}],"wp:term":[{"taxonomy":"category","embeddable":true,"href":"https:\/\/contextoanalisisperiodistico.com\/index.php\/wp-json\/wp\/v2\/categories?post=12582"},{"taxonomy":"post_tag","embeddable":true,"href":"https:\/\/contextoanalisisperiodistico.com\/index.php\/wp-json\/wp\/v2\/tags?post=12582"}],"curies":[{"name":"wp","href":"https:\/\/api.w.org\/{rel}","templated":true}]}}