{"id":12568,"date":"2023-04-28T15:36:49","date_gmt":"2023-04-28T21:36:49","guid":{"rendered":"https:\/\/contextoanalisisperiodistico.com\/?p=12568"},"modified":"2023-04-28T15:37:04","modified_gmt":"2023-04-28T21:37:04","slug":"afirma-gobernador-del-estado-que-con-planeacion-y-transparencia-en-los-recursos-oaxaca-sera-transformado","status":"publish","type":"post","link":"https:\/\/contextoanalisisperiodistico.com\/index.php\/2023\/04\/28\/afirma-gobernador-del-estado-que-con-planeacion-y-transparencia-en-los-recursos-oaxaca-sera-transformado\/","title":{"rendered":"Afirma Gobernador del Estado que con planeaci\u00f3n y transparencia en los recursos Oaxaca ser\u00e1 transformado"},"content":{"rendered":"<div id=\"fb-root\"><\/div>\n\n<p>\u2022 Adelanta que el presupuesto social para este a\u00f1o se aplicar\u00e1 en acciones de verdadero impacto social<\/p>\n\n\n\n<p><br>\u2022 Dio a conocer a autoridades del Distrito de Tlaxiaco, la aplicaci\u00f3n de programas sociales<\/p>\n\n\n\n<figure class=\"wp-block-image size-large\"><img fetchpriority=\"high\" decoding=\"async\" width=\"1024\" height=\"682\" src=\"https:\/\/contextoanalisisperiodistico.com\/wp-content\/uploads\/2023\/04\/img-20230428-wa00885243848899381045676-1024x682.jpg\" alt=\"\" class=\"wp-image-12573\" srcset=\"https:\/\/contextoanalisisperiodistico.com\/wp-content\/uploads\/2023\/04\/img-20230428-wa00885243848899381045676-1024x682.jpg 1024w, https:\/\/contextoanalisisperiodistico.com\/wp-content\/uploads\/2023\/04\/img-20230428-wa00885243848899381045676-300x200.jpg 300w, https:\/\/contextoanalisisperiodistico.com\/wp-content\/uploads\/2023\/04\/img-20230428-wa00885243848899381045676-768x512.jpg 768w, https:\/\/contextoanalisisperiodistico.com\/wp-content\/uploads\/2023\/04\/img-20230428-wa00885243848899381045676.jpg 1100w\" sizes=\"(max-width: 1024px) 100vw, 1024px\" \/><\/figure>\n\n\n\n<figure class=\"wp-block-image\"><img decoding=\"async\" width=\"1024\" height=\"682\" src=\"https:\/\/contextoanalisisperiodistico.com\/wp-content\/uploads\/2023\/04\/img-20230428-wa00751828281697381757186-1024x682.jpg\" alt=\"\" class=\"wp-image-12570\" srcset=\"https:\/\/contextoanalisisperiodistico.com\/wp-content\/uploads\/2023\/04\/img-20230428-wa00751828281697381757186-1024x682.jpg 1024w, https:\/\/contextoanalisisperiodistico.com\/wp-content\/uploads\/2023\/04\/img-20230428-wa00751828281697381757186-300x200.jpg 300w, https:\/\/contextoanalisisperiodistico.com\/wp-content\/uploads\/2023\/04\/img-20230428-wa00751828281697381757186-768x512.jpg 768w, https:\/\/contextoanalisisperiodistico.com\/wp-content\/uploads\/2023\/04\/img-20230428-wa00751828281697381757186.jpg 1100w\" sizes=\"(max-width: 1024px) 100vw, 1024px\" \/><\/figure>\n\n\n\n<figure class=\"wp-block-image\"><img decoding=\"async\" width=\"1024\" height=\"682\" src=\"https:\/\/contextoanalisisperiodistico.com\/wp-content\/uploads\/2023\/04\/img-20230428-wa00764823487490885026755-1024x682.jpg\" alt=\"\" class=\"wp-image-12571\" srcset=\"https:\/\/contextoanalisisperiodistico.com\/wp-content\/uploads\/2023\/04\/img-20230428-wa00764823487490885026755-1024x682.jpg 1024w, https:\/\/contextoanalisisperiodistico.com\/wp-content\/uploads\/2023\/04\/img-20230428-wa00764823487490885026755-300x200.jpg 300w, https:\/\/contextoanalisisperiodistico.com\/wp-content\/uploads\/2023\/04\/img-20230428-wa00764823487490885026755-768x512.jpg 768w, https:\/\/contextoanalisisperiodistico.com\/wp-content\/uploads\/2023\/04\/img-20230428-wa00764823487490885026755.jpg 1100w\" sizes=\"(max-width: 1024px) 100vw, 1024px\" \/><\/figure>\n\n\n\n<figure class=\"wp-block-image\"><img loading=\"lazy\" decoding=\"async\" width=\"1024\" height=\"563\" src=\"https:\/\/contextoanalisisperiodistico.com\/wp-content\/uploads\/2023\/04\/img-20230428-wa00729152213318608831969-1024x563.jpg\" alt=\"\" class=\"wp-image-12572\" srcset=\"https:\/\/contextoanalisisperiodistico.com\/wp-content\/uploads\/2023\/04\/img-20230428-wa00729152213318608831969-1024x563.jpg 1024w, https:\/\/contextoanalisisperiodistico.com\/wp-content\/uploads\/2023\/04\/img-20230428-wa00729152213318608831969-300x165.jpg 300w, https:\/\/contextoanalisisperiodistico.com\/wp-content\/uploads\/2023\/04\/img-20230428-wa00729152213318608831969-768x422.jpg 768w, https:\/\/contextoanalisisperiodistico.com\/wp-content\/uploads\/2023\/04\/img-20230428-wa00729152213318608831969.jpg 1100w\" sizes=\"(max-width: 1024px) 100vw, 1024px\" \/><\/figure>\n\n\n\n<figure class=\"wp-block-image\"><img loading=\"lazy\" decoding=\"async\" width=\"1024\" height=\"682\" src=\"https:\/\/contextoanalisisperiodistico.com\/wp-content\/uploads\/2023\/04\/img-20230428-wa00742408242118051579941-1024x682.jpg\" alt=\"\" class=\"wp-image-12574\" srcset=\"https:\/\/contextoanalisisperiodistico.com\/wp-content\/uploads\/2023\/04\/img-20230428-wa00742408242118051579941-1024x682.jpg 1024w, https:\/\/contextoanalisisperiodistico.com\/wp-content\/uploads\/2023\/04\/img-20230428-wa00742408242118051579941-300x200.jpg 300w, https:\/\/contextoanalisisperiodistico.com\/wp-content\/uploads\/2023\/04\/img-20230428-wa00742408242118051579941-768x512.jpg 768w, https:\/\/contextoanalisisperiodistico.com\/wp-content\/uploads\/2023\/04\/img-20230428-wa00742408242118051579941.jpg 1100w\" sizes=\"(max-width: 1024px) 100vw, 1024px\" \/><\/figure>\n\n\n\n<p>Heroica Ciudad de Tlaxiaco, Oax. 28 de abril de 2023.- El Gobernador de Oaxaca Salom\u00f3n Jara Cruz afirm\u00f3 durante el Encuentro con Autoridades Municipales pertenecientes al Distrito de Tlaxiaco que garantizar\u00e1 una aplicaci\u00f3n correcta y transparente de los recursos p\u00fablicos para impulsar el desarrollo y bienestar del pueblo oaxaque\u00f1o.<\/p>\n\n\n\n<p>Reunido con presidentes, presidentas, titulares de sindicaturas y regidur\u00edas de m\u00e1s de 37 ayuntamientos explic\u00f3 que el presupuesto para este a\u00f1o, un presupuesto con contenido social, se aplicar\u00e1 de manera planeada, y siempre en acuerdo con las personas habitantes de los pueblos beneficiados, quienes tienen el tacto de lo verdaderamente requerido.<\/p>\n\n\n\n<p>\u00abYa se instruy\u00f3 a todos los funcionarios y funcionarias que estamos para servir a la poblaci\u00f3n de Oaxaca, no para aprovecharnos de este encargo que ocupamos. No vamos a replicar las pr\u00e1cticas del pasado, se terminaron los moches, las comisiones y cobros de porcentajes\u201d, asegur\u00f3.<\/p>\n\n\n\n<p>Anunci\u00f3 que el presupuesto que la administraci\u00f3n p\u00fablica aplicar\u00e1 en este a\u00f1o ser\u00e1 para acciones concretas y con verdadero impacto en la calidad de vida de los y las oaxaque\u00f1as, como ser\u00e1 el programa de pavimentaci\u00f3n para las agencias municipales, una pol\u00edtica que reforzar\u00e1 el programa implementado por el presidente de M\u00e9xico Andr\u00e9s Manuel L\u00f3pez Obrador de pavimentaci\u00f3n a cabeceras municipales.<\/p>\n\n\n\n<p>Otra acci\u00f3n insigne de este gobierno, indic\u00f3 que ser\u00e1 la entrega de la tarjeta Margarita Maza, la cual busca apoyar a alcanzar el bienestar de miles de mujeres jefas de familias que se encuentren en condici\u00f3n de pobreza extrema, y saldar as\u00ed la deuda hist\u00f3rica que se tiene con los pueblos y comunidades.<\/p>\n\n\n\n<p>Ante las solicitudes presentadas por las y los presidentes municipales de la regi\u00f3n Mixteca, el titular del Poder Ejecutivo adelant\u00f3 que en los pr\u00f3ximos d\u00edas las dependencias convocar\u00e1n a las autoridades para otorgar una respuesta a los planteamientos.<\/p>\n\n\n\n<p>Asimismo, que en breve ser\u00e1 dado a conocer el Plan Estatal de Desarrollo el cual contempla acciones muy importantes para la poblaci\u00f3n, que generen resultados positivos y ayuden a Oaxaca a salir de la pobreza, el abandono y la marginaci\u00f3n.<\/p>\n\n\n\n<p>Durante este encuentro estuvieron pendientes y atentos para dar atenci\u00f3n personalizada, directa y respetuosa a las autoridades de 38 municipios, el funcionariado de m\u00e1s de 20 dependencias, las cuales instalaron 17 mesas de trabajo.<\/p>\n\n\n\n<p>En total, la administraci\u00f3n p\u00fablica recibi\u00f3 en esta actividad 208 solicitudes de atenci\u00f3n a temas en materia de salud, vivienda, trabajo, electrificaci\u00f3n, caminos, puentes, infraestructura, paz, gobernabilidad, cultura, interculturalidad, certeza jur\u00eddica, desarrollo econ\u00f3mico entre otros rubros<\/p>\n","protected":false},"excerpt":{"rendered":"<p>\u2022 Adelanta que el presupuesto social para este a\u00f1o se aplicar\u00e1 en acciones de verdadero&#8230;<\/p>\n","protected":false},"author":4,"featured_media":12569,"comment_status":"closed","ping_status":"open","sticky":false,"template":"","format":"standard","meta":{"footnotes":""},"categories":[9],"tags":[],"jetpack_sharing_enabled":true,"featured_image_urls":{"full":["https:\/\/contextoanalisisperiodistico.com\/wp-content\/uploads\/2023\/04\/IMG-20230428-WA0084.jpg",1100,733,false],"thumbnail":["https:\/\/contextoanalisisperiodistico.com\/wp-content\/uploads\/2023\/04\/IMG-20230428-WA0084-150x150.jpg",150,150,true],"medium":["https:\/\/contextoanalisisperiodistico.com\/wp-content\/uploads\/2023\/04\/IMG-20230428-WA0084-300x200.jpg",300,200,true],"medium_large":["https:\/\/contextoanalisisperiodistico.com\/wp-content\/uploads\/2023\/04\/IMG-20230428-WA0084-768x512.jpg",640,427,true],"large":["https:\/\/contextoanalisisperiodistico.com\/wp-content\/uploads\/2023\/04\/IMG-20230428-WA0084-1024x682.jpg",640,426,true],"1536x1536":["https:\/\/contextoanalisisperiodistico.com\/wp-content\/uploads\/2023\/04\/IMG-20230428-WA0084.jpg",1100,733,false],"2048x2048":["https:\/\/contextoanalisisperiodistico.com\/wp-content\/uploads\/2023\/04\/IMG-20230428-WA0084.jpg",1100,733,false],"covernews-slider-full":["https:\/\/contextoanalisisperiodistico.com\/wp-content\/uploads\/2023\/04\/IMG-20230428-WA0084-1100x715.jpg",1100,715,true],"covernews-slider-center":["https:\/\/contextoanalisisperiodistico.com\/wp-content\/uploads\/2023\/04\/IMG-20230428-WA0084-800x500.jpg",800,500,true],"covernews-featured":["https:\/\/contextoanalisisperiodistico.com\/wp-content\/uploads\/2023\/04\/IMG-20230428-WA0084-1024x682.jpg",1024,682,true],"covernews-medium":["https:\/\/contextoanalisisperiodistico.com\/wp-content\/uploads\/2023\/04\/IMG-20230428-WA0084-540x340.jpg",540,340,true],"covernews-medium-square":["https:\/\/contextoanalisisperiodistico.com\/wp-content\/uploads\/2023\/04\/IMG-20230428-WA0084-400x250.jpg",400,250,true]},"author_info":{"display_name":"Mario Gir\u00f3n","author_link":"https:\/\/contextoanalisisperiodistico.com\/index.php\/author\/director\/"},"category_info":"<a href=\"https:\/\/contextoanalisisperiodistico.com\/index.php\/category\/politica\/\" rel=\"category tag\">Pol\u00edtica<\/a>","tag_info":"Pol\u00edtica","comment_count":"0","jetpack_featured_media_url":"https:\/\/contextoanalisisperiodistico.com\/wp-content\/uploads\/2023\/04\/IMG-20230428-WA0084.jpg","_links":{"self":[{"href":"https:\/\/contextoanalisisperiodistico.com\/index.php\/wp-json\/wp\/v2\/posts\/12568"}],"collection":[{"href":"https:\/\/contextoanalisisperiodistico.com\/index.php\/wp-json\/wp\/v2\/posts"}],"about":[{"href":"https:\/\/contextoanalisisperiodistico.com\/index.php\/wp-json\/wp\/v2\/types\/post"}],"author":[{"embeddable":true,"href":"https:\/\/contextoanalisisperiodistico.com\/index.php\/wp-json\/wp\/v2\/users\/4"}],"replies":[{"embeddable":true,"href":"https:\/\/contextoanalisisperiodistico.com\/index.php\/wp-json\/wp\/v2\/comments?post=12568"}],"version-history":[{"count":1,"href":"https:\/\/contextoanalisisperiodistico.com\/index.php\/wp-json\/wp\/v2\/posts\/12568\/revisions"}],"predecessor-version":[{"id":12575,"href":"https:\/\/contextoanalisisperiodistico.com\/index.php\/wp-json\/wp\/v2\/posts\/12568\/revisions\/12575"}],"wp:featuredmedia":[{"embeddable":true,"href":"https:\/\/contextoanalisisperiodistico.com\/index.php\/wp-json\/wp\/v2\/media\/12569"}],"wp:attachment":[{"href":"https:\/\/contextoanalisisperiodistico.com\/index.php\/wp-json\/wp\/v2\/media?parent=12568"}],"wp:term":[{"taxonomy":"category","embeddable":true,"href":"https:\/\/contextoanalisisperiodistico.com\/index.php\/wp-json\/wp\/v2\/categories?post=12568"},{"taxonomy":"post_tag","embeddable":true,"href":"https:\/\/contextoanalisisperiodistico.com\/index.php\/wp-json\/wp\/v2\/tags?post=12568"}],"curies":[{"name":"wp","href":"https:\/\/api.w.org\/{rel}","templated":true}]}}