{"id":12559,"date":"2023-04-28T12:20:21","date_gmt":"2023-04-28T18:20:21","guid":{"rendered":"https:\/\/contextoanalisisperiodistico.com\/?p=12559"},"modified":"2023-04-28T12:20:27","modified_gmt":"2023-04-28T18:20:27","slug":"brindan-atencion-medica-a-localidades-de-dificil-acceso-del-corredor-interoceanico","status":"publish","type":"post","link":"https:\/\/contextoanalisisperiodistico.com\/index.php\/2023\/04\/28\/brindan-atencion-medica-a-localidades-de-dificil-acceso-del-corredor-interoceanico\/","title":{"rendered":"Brindan atenci\u00f3n m\u00e9dica a localidades de dif\u00edcil acceso del Corredor Interoce\u00e1nico"},"content":{"rendered":"<div id=\"fb-root\"><\/div>\n\n<p>\u2022 En 21 d\u00edas se llevar\u00e1n servicios m\u00e9dicos gratuitos a 19 localidades<\/p>\n\n\n\n<p>Salina Cruz, Oax. 28 de abril de 2023.- Del 27 de abril al 17 de mayo los Servicios de Salud de Oaxaca (SSO) a trav\u00e9s de la Jurisdicci\u00f3n Sanitaria n\u00famero dos de la regi\u00f3n del Istmo, acercar\u00e1n servicios preventivos y consultas a 19 localidades de dif\u00edcil acceso que forman parte del Proyecto del Corredor Trans\u00edstmico.<\/p>\n\n\n\n<p>Como parte del segundo periodo del Programa de Atenci\u00f3n M\u00e9dica de Primer Contacto, que promueve el Gobierno de M\u00e9xico, las brigadas m\u00e9dicas recorrer\u00e1n los municipios para acercar los servicios de medicina general, ginecolog\u00eda, obstetricia y enfermer\u00eda, en las \u00e1reas de salud p\u00fablica y mental; adem\u00e1s en odontolog\u00eda, odontopediatr\u00eda, as\u00ed como de nutrici\u00f3n.<\/p>\n\n\n\n<p>En representaci\u00f3n de la secretaria de Salud, Alma Lilia Velasco Hern\u00e1ndez, el jefe Jurisdiccional, Hebert Vidal S\u00e1nchez, inform\u00f3 que durante 21 d\u00edas los SSO reforzar\u00e1n acciones preventivas y de salud de manera gratuita y de primer contacto en esta regi\u00f3n.<\/p>\n\n\n\n<p>Esta actividad se realiza en coordinaci\u00f3n con la Secretar\u00eda de Marina (Semar), a trav\u00e9s de la XIV Regi\u00f3n Naval; el Instituto Mexicano del Seguro Social (IMSS), la Secretar\u00eda de Bienestar, el Sistema para el Desarrollo Integral de la Familia (DIF) de Oaxaca, la Administraci\u00f3n del Patrimonio de la Beneficencia P\u00fablica del Estado de Oaxaca (APBPO), as\u00ed como de las autoridades municipales.<\/p>\n\n\n\n<p>De esta manera se cumple con el eje del Gobierno que encabeza Salom\u00f3n Jara Cruz, para lograr la Reparaci\u00f3n Hist\u00f3rica de los Pueblos a trav\u00e9s de las pol\u00edticas de Bienestar Transformador, mediante servicios integrales, acciones gratuitas y de calidad, enfocadas primordialmente en las zonas m\u00e1s vulnerables y de dif\u00edcil acceso.<\/p>\n\n\n\n<p>Cabe destacar que este programa comenz\u00f3 en la localidad de San Pedro Huilotepec, y continuar\u00e1 este 28 de abril en San Pedro Tapanatepec, para posteriormente continuar en San Francisco del Mar, San Dionisio del Mar, Uni\u00f3n Hidalgo, San Mateo del Mar, Salina Cruz, Santo Domingo Tehuantepec, San Pedro Huamelula y Santiago Astata en un horario de 8:00 a 17:00 horas.<\/p>\n\n\n\n<figure class=\"wp-block-image size-large\"><img fetchpriority=\"high\" decoding=\"async\" width=\"1024\" height=\"768\" src=\"https:\/\/contextoanalisisperiodistico.com\/wp-content\/uploads\/2023\/04\/img-20230428-wa00348246051419654515721-1024x768.jpg\" alt=\"\" class=\"wp-image-12561\" srcset=\"https:\/\/contextoanalisisperiodistico.com\/wp-content\/uploads\/2023\/04\/img-20230428-wa00348246051419654515721-1024x768.jpg 1024w, https:\/\/contextoanalisisperiodistico.com\/wp-content\/uploads\/2023\/04\/img-20230428-wa00348246051419654515721-300x225.jpg 300w, https:\/\/contextoanalisisperiodistico.com\/wp-content\/uploads\/2023\/04\/img-20230428-wa00348246051419654515721-768x576.jpg 768w, https:\/\/contextoanalisisperiodistico.com\/wp-content\/uploads\/2023\/04\/img-20230428-wa00348246051419654515721-1536x1152.jpg 1536w, https:\/\/contextoanalisisperiodistico.com\/wp-content\/uploads\/2023\/04\/img-20230428-wa00348246051419654515721.jpg 1600w\" sizes=\"(max-width: 1024px) 100vw, 1024px\" \/><\/figure>\n\n\n\n<figure class=\"wp-block-image\"><img decoding=\"async\" width=\"1024\" height=\"682\" src=\"https:\/\/contextoanalisisperiodistico.com\/wp-content\/uploads\/2023\/04\/img-20230428-wa00418481222234765718616-1024x682.jpg\" alt=\"\" class=\"wp-image-12562\" srcset=\"https:\/\/contextoanalisisperiodistico.com\/wp-content\/uploads\/2023\/04\/img-20230428-wa00418481222234765718616-1024x682.jpg 1024w, https:\/\/contextoanalisisperiodistico.com\/wp-content\/uploads\/2023\/04\/img-20230428-wa00418481222234765718616-300x200.jpg 300w, https:\/\/contextoanalisisperiodistico.com\/wp-content\/uploads\/2023\/04\/img-20230428-wa00418481222234765718616-768x512.jpg 768w, https:\/\/contextoanalisisperiodistico.com\/wp-content\/uploads\/2023\/04\/img-20230428-wa00418481222234765718616-1536x1023.jpg 1536w, https:\/\/contextoanalisisperiodistico.com\/wp-content\/uploads\/2023\/04\/img-20230428-wa00418481222234765718616.jpg 1600w\" sizes=\"(max-width: 1024px) 100vw, 1024px\" \/><\/figure>\n\n\n\n<figure class=\"wp-block-image\"><img decoding=\"async\" width=\"1024\" height=\"576\" src=\"https:\/\/contextoanalisisperiodistico.com\/wp-content\/uploads\/2023\/04\/img-20230428-wa00357143615107049176230-1024x576.jpg\" alt=\"\" class=\"wp-image-12563\" srcset=\"https:\/\/contextoanalisisperiodistico.com\/wp-content\/uploads\/2023\/04\/img-20230428-wa00357143615107049176230-1024x576.jpg 1024w, https:\/\/contextoanalisisperiodistico.com\/wp-content\/uploads\/2023\/04\/img-20230428-wa00357143615107049176230-300x169.jpg 300w, https:\/\/contextoanalisisperiodistico.com\/wp-content\/uploads\/2023\/04\/img-20230428-wa00357143615107049176230-768x432.jpg 768w, https:\/\/contextoanalisisperiodistico.com\/wp-content\/uploads\/2023\/04\/img-20230428-wa00357143615107049176230-1536x864.jpg 1536w, https:\/\/contextoanalisisperiodistico.com\/wp-content\/uploads\/2023\/04\/img-20230428-wa00357143615107049176230.jpg 1600w\" sizes=\"(max-width: 1024px) 100vw, 1024px\" \/><\/figure>\n","protected":false},"excerpt":{"rendered":"<p>\u2022 En 21 d\u00edas se llevar\u00e1n servicios m\u00e9dicos gratuitos a 19 localidades Salina Cruz, Oax&#8230;.<\/p>\n","protected":false},"author":4,"featured_media":12560,"comment_status":"closed","ping_status":"open","sticky":false,"template":"","format":"standard","meta":{"footnotes":""},"categories":[9],"tags":[],"jetpack_sharing_enabled":true,"featured_image_urls":{"full":["https:\/\/contextoanalisisperiodistico.com\/wp-content\/uploads\/2023\/04\/IMG-20230428-WA0036.jpg",1200,1600,false],"thumbnail":["https:\/\/contextoanalisisperiodistico.com\/wp-content\/uploads\/2023\/04\/IMG-20230428-WA0036-150x150.jpg",150,150,true],"medium":["https:\/\/contextoanalisisperiodistico.com\/wp-content\/uploads\/2023\/04\/IMG-20230428-WA0036-225x300.jpg",225,300,true],"medium_large":["https:\/\/contextoanalisisperiodistico.com\/wp-content\/uploads\/2023\/04\/IMG-20230428-WA0036-768x1024.jpg",640,853,true],"large":["https:\/\/contextoanalisisperiodistico.com\/wp-content\/uploads\/2023\/04\/IMG-20230428-WA0036-768x1024.jpg",640,853,true],"1536x1536":["https:\/\/contextoanalisisperiodistico.com\/wp-content\/uploads\/2023\/04\/IMG-20230428-WA0036-1152x1536.jpg",1152,1536,true],"2048x2048":["https:\/\/contextoanalisisperiodistico.com\/wp-content\/uploads\/2023\/04\/IMG-20230428-WA0036.jpg",1200,1600,false],"covernews-slider-full":["https:\/\/contextoanalisisperiodistico.com\/wp-content\/uploads\/2023\/04\/IMG-20230428-WA0036-1115x715.jpg",1115,715,true],"covernews-slider-center":["https:\/\/contextoanalisisperiodistico.com\/wp-content\/uploads\/2023\/04\/IMG-20230428-WA0036-800x500.jpg",800,500,true],"covernews-featured":["https:\/\/contextoanalisisperiodistico.com\/wp-content\/uploads\/2023\/04\/IMG-20230428-WA0036-1024x1365.jpg",1024,1365,true],"covernews-medium":["https:\/\/contextoanalisisperiodistico.com\/wp-content\/uploads\/2023\/04\/IMG-20230428-WA0036-540x340.jpg",540,340,true],"covernews-medium-square":["https:\/\/contextoanalisisperiodistico.com\/wp-content\/uploads\/2023\/04\/IMG-20230428-WA0036-400x250.jpg",400,250,true]},"author_info":{"display_name":"Mario Gir\u00f3n","author_link":"https:\/\/contextoanalisisperiodistico.com\/index.php\/author\/director\/"},"category_info":"<a href=\"https:\/\/contextoanalisisperiodistico.com\/index.php\/category\/politica\/\" rel=\"category tag\">Pol\u00edtica<\/a>","tag_info":"Pol\u00edtica","comment_count":"0","jetpack_featured_media_url":"https:\/\/contextoanalisisperiodistico.com\/wp-content\/uploads\/2023\/04\/IMG-20230428-WA0036.jpg","_links":{"self":[{"href":"https:\/\/contextoanalisisperiodistico.com\/index.php\/wp-json\/wp\/v2\/posts\/12559"}],"collection":[{"href":"https:\/\/contextoanalisisperiodistico.com\/index.php\/wp-json\/wp\/v2\/posts"}],"about":[{"href":"https:\/\/contextoanalisisperiodistico.com\/index.php\/wp-json\/wp\/v2\/types\/post"}],"author":[{"embeddable":true,"href":"https:\/\/contextoanalisisperiodistico.com\/index.php\/wp-json\/wp\/v2\/users\/4"}],"replies":[{"embeddable":true,"href":"https:\/\/contextoanalisisperiodistico.com\/index.php\/wp-json\/wp\/v2\/comments?post=12559"}],"version-history":[{"count":1,"href":"https:\/\/contextoanalisisperiodistico.com\/index.php\/wp-json\/wp\/v2\/posts\/12559\/revisions"}],"predecessor-version":[{"id":12564,"href":"https:\/\/contextoanalisisperiodistico.com\/index.php\/wp-json\/wp\/v2\/posts\/12559\/revisions\/12564"}],"wp:featuredmedia":[{"embeddable":true,"href":"https:\/\/contextoanalisisperiodistico.com\/index.php\/wp-json\/wp\/v2\/media\/12560"}],"wp:attachment":[{"href":"https:\/\/contextoanalisisperiodistico.com\/index.php\/wp-json\/wp\/v2\/media?parent=12559"}],"wp:term":[{"taxonomy":"category","embeddable":true,"href":"https:\/\/contextoanalisisperiodistico.com\/index.php\/wp-json\/wp\/v2\/categories?post=12559"},{"taxonomy":"post_tag","embeddable":true,"href":"https:\/\/contextoanalisisperiodistico.com\/index.php\/wp-json\/wp\/v2\/tags?post=12559"}],"curies":[{"name":"wp","href":"https:\/\/api.w.org\/{rel}","templated":true}]}}