{"id":12553,"date":"2023-04-28T12:15:48","date_gmt":"2023-04-28T18:15:48","guid":{"rendered":"https:\/\/contextoanalisisperiodistico.com\/?p=12553"},"modified":"2023-04-28T12:15:55","modified_gmt":"2023-04-28T18:15:55","slug":"atiende-coesfo-incendio-forestal-de-santo-tomas-mazaltepec","status":"publish","type":"post","link":"https:\/\/contextoanalisisperiodistico.com\/index.php\/2023\/04\/28\/atiende-coesfo-incendio-forestal-de-santo-tomas-mazaltepec\/","title":{"rendered":"Atiende Coesfo incendio forestal de Santo Tom\u00e1s Mazaltepec"},"content":{"rendered":"<div id=\"fb-root\"><\/div>\n\n<p>Oaxaca de Ju\u00e1rez, Oax. 28 de abril de 2023. La Comisi\u00f3n Estatal Forestal de Oaxaca (Coesfo), informa que se realizan trabajos de acci\u00f3n temprana en control y liquidaci\u00f3n de un incendio suscitado en los parajes \u00abOcotal\u00bb y \u00abGeneral Camacho\u00bb, en el municipio de Santo Tom\u00e1s Mazaltepec.<\/p>\n\n\n\n<p>Esta acci\u00f3n se realiza a trav\u00e9s de la brigada oficial de combatientes forestales con sedes en el Tequio Xoxocotl\u00e1n y San Francisco Yosocuta,<\/p>\n\n\n\n<p>En total participan 19 elementos de la Coesfo, quienes se coordinan con los 13 elementos de la brigada de la Conafor.<\/p>\n\n\n\n<p>Ante las condiciones de altas temperaturas y fuertes vientos que se presentan en la entidad, la Coesfo exhorta a las personas que pretendan hacer uso del fuego, lo hagan de manera responsable y si en el \u00e1rea a utilizar existen las condiciones para que este pueda salirse de control, evitar usarlo.<\/p>\n\n\n\n<p>Para reportar un incendio forestal, las personas se pueden comunicar al n\u00famero de la Coesfo: 951 503 2166; as\u00ed como a los de la Conafor: 951 515 0520, 951 516 5112 y 516 5466<\/p>\n\n\n\n<figure class=\"wp-block-image size-large\"><img fetchpriority=\"high\" decoding=\"async\" width=\"492\" height=\"1024\" src=\"https:\/\/contextoanalisisperiodistico.com\/wp-content\/uploads\/2023\/04\/img-20230428-wa00284077833828105447841-492x1024.jpg\" alt=\"\" class=\"wp-image-12555\" srcset=\"https:\/\/contextoanalisisperiodistico.com\/wp-content\/uploads\/2023\/04\/img-20230428-wa00284077833828105447841-492x1024.jpg 492w, https:\/\/contextoanalisisperiodistico.com\/wp-content\/uploads\/2023\/04\/img-20230428-wa00284077833828105447841-144x300.jpg 144w, https:\/\/contextoanalisisperiodistico.com\/wp-content\/uploads\/2023\/04\/img-20230428-wa00284077833828105447841.jpg 500w\" sizes=\"(max-width: 492px) 100vw, 492px\" \/><\/figure>\n\n\n\n<figure class=\"wp-block-image\"><img decoding=\"async\" width=\"576\" height=\"1024\" src=\"https:\/\/contextoanalisisperiodistico.com\/wp-content\/uploads\/2023\/04\/img-20230428-wa00303673372362068815405-576x1024.jpg\" alt=\"\" class=\"wp-image-12557\" srcset=\"https:\/\/contextoanalisisperiodistico.com\/wp-content\/uploads\/2023\/04\/img-20230428-wa00303673372362068815405-576x1024.jpg 576w, https:\/\/contextoanalisisperiodistico.com\/wp-content\/uploads\/2023\/04\/img-20230428-wa00303673372362068815405-169x300.jpg 169w, https:\/\/contextoanalisisperiodistico.com\/wp-content\/uploads\/2023\/04\/img-20230428-wa00303673372362068815405-768x1366.jpg 768w, https:\/\/contextoanalisisperiodistico.com\/wp-content\/uploads\/2023\/04\/img-20230428-wa00303673372362068815405-864x1536.jpg 864w, https:\/\/contextoanalisisperiodistico.com\/wp-content\/uploads\/2023\/04\/img-20230428-wa00303673372362068815405.jpg 899w\" sizes=\"(max-width: 576px) 100vw, 576px\" \/><\/figure>\n\n\n\n<figure class=\"wp-block-image\"><img decoding=\"async\" width=\"1024\" height=\"492\" src=\"https:\/\/contextoanalisisperiodistico.com\/wp-content\/uploads\/2023\/04\/img-20230428-wa00274212255571106693755-1024x492.jpg\" alt=\"\" class=\"wp-image-12556\" srcset=\"https:\/\/contextoanalisisperiodistico.com\/wp-content\/uploads\/2023\/04\/img-20230428-wa00274212255571106693755-1024x492.jpg 1024w, https:\/\/contextoanalisisperiodistico.com\/wp-content\/uploads\/2023\/04\/img-20230428-wa00274212255571106693755-300x144.jpg 300w, https:\/\/contextoanalisisperiodistico.com\/wp-content\/uploads\/2023\/04\/img-20230428-wa00274212255571106693755-768x369.jpg 768w, https:\/\/contextoanalisisperiodistico.com\/wp-content\/uploads\/2023\/04\/img-20230428-wa00274212255571106693755.jpg 1040w\" sizes=\"(max-width: 1024px) 100vw, 1024px\" \/><\/figure>\n","protected":false},"excerpt":{"rendered":"<p>Oaxaca de Ju\u00e1rez, Oax. 28 de abril de 2023. La Comisi\u00f3n Estatal Forestal de Oaxaca&#8230;<\/p>\n","protected":false},"author":4,"featured_media":12554,"comment_status":"closed","ping_status":"open","sticky":false,"template":"","format":"standard","meta":{"footnotes":""},"categories":[9],"tags":[],"jetpack_sharing_enabled":true,"featured_image_urls":{"full":["https:\/\/contextoanalisisperiodistico.com\/wp-content\/uploads\/2023\/04\/IMG-20230428-WA0026.jpg",900,1600,false],"thumbnail":["https:\/\/contextoanalisisperiodistico.com\/wp-content\/uploads\/2023\/04\/IMG-20230428-WA0026-150x150.jpg",150,150,true],"medium":["https:\/\/contextoanalisisperiodistico.com\/wp-content\/uploads\/2023\/04\/IMG-20230428-WA0026-169x300.jpg",169,300,true],"medium_large":["https:\/\/contextoanalisisperiodistico.com\/wp-content\/uploads\/2023\/04\/IMG-20230428-WA0026-768x1365.jpg",640,1138,true],"large":["https:\/\/contextoanalisisperiodistico.com\/wp-content\/uploads\/2023\/04\/IMG-20230428-WA0026-576x1024.jpg",576,1024,true],"1536x1536":["https:\/\/contextoanalisisperiodistico.com\/wp-content\/uploads\/2023\/04\/IMG-20230428-WA0026-864x1536.jpg",864,1536,true],"2048x2048":["https:\/\/contextoanalisisperiodistico.com\/wp-content\/uploads\/2023\/04\/IMG-20230428-WA0026.jpg",900,1600,false],"covernews-slider-full":["https:\/\/contextoanalisisperiodistico.com\/wp-content\/uploads\/2023\/04\/IMG-20230428-WA0026-900x715.jpg",900,715,true],"covernews-slider-center":["https:\/\/contextoanalisisperiodistico.com\/wp-content\/uploads\/2023\/04\/IMG-20230428-WA0026-800x500.jpg",800,500,true],"covernews-featured":["https:\/\/contextoanalisisperiodistico.com\/wp-content\/uploads\/2023\/04\/IMG-20230428-WA0026.jpg",900,1600,false],"covernews-medium":["https:\/\/contextoanalisisperiodistico.com\/wp-content\/uploads\/2023\/04\/IMG-20230428-WA0026-540x340.jpg",540,340,true],"covernews-medium-square":["https:\/\/contextoanalisisperiodistico.com\/wp-content\/uploads\/2023\/04\/IMG-20230428-WA0026-400x250.jpg",400,250,true]},"author_info":{"display_name":"Mario Gir\u00f3n","author_link":"https:\/\/contextoanalisisperiodistico.com\/index.php\/author\/director\/"},"category_info":"<a href=\"https:\/\/contextoanalisisperiodistico.com\/index.php\/category\/politica\/\" rel=\"category tag\">Pol\u00edtica<\/a>","tag_info":"Pol\u00edtica","comment_count":"0","jetpack_featured_media_url":"https:\/\/contextoanalisisperiodistico.com\/wp-content\/uploads\/2023\/04\/IMG-20230428-WA0026.jpg","_links":{"self":[{"href":"https:\/\/contextoanalisisperiodistico.com\/index.php\/wp-json\/wp\/v2\/posts\/12553"}],"collection":[{"href":"https:\/\/contextoanalisisperiodistico.com\/index.php\/wp-json\/wp\/v2\/posts"}],"about":[{"href":"https:\/\/contextoanalisisperiodistico.com\/index.php\/wp-json\/wp\/v2\/types\/post"}],"author":[{"embeddable":true,"href":"https:\/\/contextoanalisisperiodistico.com\/index.php\/wp-json\/wp\/v2\/users\/4"}],"replies":[{"embeddable":true,"href":"https:\/\/contextoanalisisperiodistico.com\/index.php\/wp-json\/wp\/v2\/comments?post=12553"}],"version-history":[{"count":1,"href":"https:\/\/contextoanalisisperiodistico.com\/index.php\/wp-json\/wp\/v2\/posts\/12553\/revisions"}],"predecessor-version":[{"id":12558,"href":"https:\/\/contextoanalisisperiodistico.com\/index.php\/wp-json\/wp\/v2\/posts\/12553\/revisions\/12558"}],"wp:featuredmedia":[{"embeddable":true,"href":"https:\/\/contextoanalisisperiodistico.com\/index.php\/wp-json\/wp\/v2\/media\/12554"}],"wp:attachment":[{"href":"https:\/\/contextoanalisisperiodistico.com\/index.php\/wp-json\/wp\/v2\/media?parent=12553"}],"wp:term":[{"taxonomy":"category","embeddable":true,"href":"https:\/\/contextoanalisisperiodistico.com\/index.php\/wp-json\/wp\/v2\/categories?post=12553"},{"taxonomy":"post_tag","embeddable":true,"href":"https:\/\/contextoanalisisperiodistico.com\/index.php\/wp-json\/wp\/v2\/tags?post=12553"}],"curies":[{"name":"wp","href":"https:\/\/api.w.org\/{rel}","templated":true}]}}