{"id":12518,"date":"2023-04-27T20:28:02","date_gmt":"2023-04-28T02:28:02","guid":{"rendered":"https:\/\/contextoanalisisperiodistico.com\/?p=12518"},"modified":"2023-04-27T20:28:14","modified_gmt":"2023-04-28T02:28:14","slug":"habra-respuestas-a-las-necesidades-de-los-pueblos-gobernador-salomon-jara","status":"publish","type":"post","link":"https:\/\/contextoanalisisperiodistico.com\/index.php\/2023\/04\/27\/habra-respuestas-a-las-necesidades-de-los-pueblos-gobernador-salomon-jara\/","title":{"rendered":"Habr\u00e1 respuestas a las necesidades de los pueblos: Gobernador Salom\u00f3n Jara"},"content":{"rendered":"<div id=\"fb-root\"><\/div>\n\n<p>\u2022 El Mandatario oaxaque\u00f1o encabez\u00f3 el Encuentro con Autoridades Municipales en Putla Villa de Guerrero<\/p>\n\n\n\n<p>Putla Villa de Guerrero, Oax. 27 de abril de 2023.- El Gobernador de Oaxaca Salom\u00f3n Jara Cruz afirm\u00f3 que los municipios aglutinados en el Distrito de Putla, tendr\u00e1n respuestas a sus demandas y necesidades primordiales.<\/p>\n\n\n\n<p>Al encabezar el Encuentro con Autoridades Municipales en Putla Villa de Guerrero, el Mandatario estatal asegur\u00f3 que no se abandonar\u00e1n las peticiones y todos los proyectos solicitados por los ayuntamientos ser\u00e1n atendidos en funci\u00f3n del Plan Estatal de Desarrollo (PED).<\/p>\n\n\n\n<p>Reiter\u00f3 que el documento tiene su esencia desde las bases, los pueblos y las comunidades, para evitar la construcci\u00f3n de obras por ocurrencia, caprichos o consignas, como ocurri\u00f3 con los tres mil 500 millones de pesos de la deuda p\u00fablica contratada por la administraci\u00f3n anterior, cuyas obras quedaron inconclusas y otras no se realizaron.<\/p>\n\n\n\n<p>En este contexto, pidi\u00f3 a las autoridades municipales trabajar de la mano con su gobierno para avanzar en la respuesta de diversas peticiones presentadas. Un ejemplo de cooperaci\u00f3n institucional es que los ayuntamientos capaciten a sus polic\u00edas y topiles, y as\u00ed se les pueda apoyar con equipamiento para la mejora de las corporaciones municipales.<\/p>\n\n\n\n<p>Afirm\u00f3 que \u00aben esta administraci\u00f3n se prioriz\u00f3 recursos para gasto social e invertirlo en acciones como la pavimentaci\u00f3n en agencias municipales y otros programas sociales, porque el objetivo de este gobierno es llevar las acciones a los lugares con mayor pobreza, marginaci\u00f3n y en donde nunca se ha atendido por gobiernos pasados\u00bb.<\/p>\n\n\n\n<p>Solicit\u00f3 a los mun\u00edcipes invertir en obras de verdadero impacto social y que atiendan las necesidades b\u00e1sicas de los pueblos porque, aunque son obras que no se ven, ayudan a reducir los \u00edndices de pobreza y marginaci\u00f3n.<\/p>\n\n\n\n<p>El titular del Poder Ejecutivo reconoci\u00f3 que, ante la existencia de muchas necesidades por atender en Oaxaca, ser\u00e1 necesaria una atenci\u00f3n igualitaria, sin sobreponer colores partidistas o religiones, porque para sacar a Oaxaca hacia adelante se requiere de la participaci\u00f3n de todas y todos.<\/p>\n\n\n\n<p>En este Encuentro, el Gobernador estuvo acompa\u00f1ado de 28 titulares de dependencias estatales, las cuales instalaron 15 mesas de trabajo, y en las que se recibieron 40 solicitudes por parte de 17 autoridades municipales.<\/p>\n\n\n\n<figure class=\"wp-block-image size-large\"><img fetchpriority=\"high\" decoding=\"async\" width=\"1024\" height=\"682\" src=\"https:\/\/contextoanalisisperiodistico.com\/wp-content\/uploads\/2023\/04\/img-20230427-wa01165042758948334253744-1024x682.jpg\" alt=\"\" class=\"wp-image-12520\" srcset=\"https:\/\/contextoanalisisperiodistico.com\/wp-content\/uploads\/2023\/04\/img-20230427-wa01165042758948334253744-1024x682.jpg 1024w, https:\/\/contextoanalisisperiodistico.com\/wp-content\/uploads\/2023\/04\/img-20230427-wa01165042758948334253744-300x200.jpg 300w, https:\/\/contextoanalisisperiodistico.com\/wp-content\/uploads\/2023\/04\/img-20230427-wa01165042758948334253744-768x512.jpg 768w, https:\/\/contextoanalisisperiodistico.com\/wp-content\/uploads\/2023\/04\/img-20230427-wa01165042758948334253744-1536x1023.jpg 1536w, https:\/\/contextoanalisisperiodistico.com\/wp-content\/uploads\/2023\/04\/img-20230427-wa01165042758948334253744.jpg 1600w\" sizes=\"(max-width: 1024px) 100vw, 1024px\" \/><\/figure>\n\n\n\n<figure class=\"wp-block-image\"><img decoding=\"async\" width=\"1024\" height=\"682\" src=\"https:\/\/contextoanalisisperiodistico.com\/wp-content\/uploads\/2023\/04\/img-20230427-wa01195394462039473325330-1024x682.jpg\" alt=\"\" class=\"wp-image-12521\" srcset=\"https:\/\/contextoanalisisperiodistico.com\/wp-content\/uploads\/2023\/04\/img-20230427-wa01195394462039473325330-1024x682.jpg 1024w, https:\/\/contextoanalisisperiodistico.com\/wp-content\/uploads\/2023\/04\/img-20230427-wa01195394462039473325330-300x200.jpg 300w, https:\/\/contextoanalisisperiodistico.com\/wp-content\/uploads\/2023\/04\/img-20230427-wa01195394462039473325330-768x512.jpg 768w, https:\/\/contextoanalisisperiodistico.com\/wp-content\/uploads\/2023\/04\/img-20230427-wa01195394462039473325330-1536x1023.jpg 1536w, https:\/\/contextoanalisisperiodistico.com\/wp-content\/uploads\/2023\/04\/img-20230427-wa01195394462039473325330.jpg 1600w\" sizes=\"(max-width: 1024px) 100vw, 1024px\" \/><\/figure>\n","protected":false},"excerpt":{"rendered":"<p>\u2022 El Mandatario oaxaque\u00f1o encabez\u00f3 el Encuentro con Autoridades Municipales en Putla Villa de Guerrero&#8230;<\/p>\n","protected":false},"author":4,"featured_media":12519,"comment_status":"closed","ping_status":"open","sticky":false,"template":"","format":"standard","meta":{"footnotes":""},"categories":[9],"tags":[],"jetpack_sharing_enabled":true,"featured_image_urls":{"full":["https:\/\/contextoanalisisperiodistico.com\/wp-content\/uploads\/2023\/04\/IMG-20230427-WA0118.jpg",1600,1066,false],"thumbnail":["https:\/\/contextoanalisisperiodistico.com\/wp-content\/uploads\/2023\/04\/IMG-20230427-WA0118-150x150.jpg",150,150,true],"medium":["https:\/\/contextoanalisisperiodistico.com\/wp-content\/uploads\/2023\/04\/IMG-20230427-WA0118-300x200.jpg",300,200,true],"medium_large":["https:\/\/contextoanalisisperiodistico.com\/wp-content\/uploads\/2023\/04\/IMG-20230427-WA0118-768x512.jpg",640,427,true],"large":["https:\/\/contextoanalisisperiodistico.com\/wp-content\/uploads\/2023\/04\/IMG-20230427-WA0118-1024x682.jpg",640,426,true],"1536x1536":["https:\/\/contextoanalisisperiodistico.com\/wp-content\/uploads\/2023\/04\/IMG-20230427-WA0118-1536x1023.jpg",1536,1023,true],"2048x2048":["https:\/\/contextoanalisisperiodistico.com\/wp-content\/uploads\/2023\/04\/IMG-20230427-WA0118.jpg",1600,1066,false],"covernews-slider-full":["https:\/\/contextoanalisisperiodistico.com\/wp-content\/uploads\/2023\/04\/IMG-20230427-WA0118-1115x715.jpg",1115,715,true],"covernews-slider-center":["https:\/\/contextoanalisisperiodistico.com\/wp-content\/uploads\/2023\/04\/IMG-20230427-WA0118-800x500.jpg",800,500,true],"covernews-featured":["https:\/\/contextoanalisisperiodistico.com\/wp-content\/uploads\/2023\/04\/IMG-20230427-WA0118-1024x682.jpg",1024,682,true],"covernews-medium":["https:\/\/contextoanalisisperiodistico.com\/wp-content\/uploads\/2023\/04\/IMG-20230427-WA0118-540x340.jpg",540,340,true],"covernews-medium-square":["https:\/\/contextoanalisisperiodistico.com\/wp-content\/uploads\/2023\/04\/IMG-20230427-WA0118-400x250.jpg",400,250,true]},"author_info":{"display_name":"Mario Gir\u00f3n","author_link":"https:\/\/contextoanalisisperiodistico.com\/index.php\/author\/director\/"},"category_info":"<a href=\"https:\/\/contextoanalisisperiodistico.com\/index.php\/category\/politica\/\" rel=\"category tag\">Pol\u00edtica<\/a>","tag_info":"Pol\u00edtica","comment_count":"0","jetpack_featured_media_url":"https:\/\/contextoanalisisperiodistico.com\/wp-content\/uploads\/2023\/04\/IMG-20230427-WA0118.jpg","_links":{"self":[{"href":"https:\/\/contextoanalisisperiodistico.com\/index.php\/wp-json\/wp\/v2\/posts\/12518"}],"collection":[{"href":"https:\/\/contextoanalisisperiodistico.com\/index.php\/wp-json\/wp\/v2\/posts"}],"about":[{"href":"https:\/\/contextoanalisisperiodistico.com\/index.php\/wp-json\/wp\/v2\/types\/post"}],"author":[{"embeddable":true,"href":"https:\/\/contextoanalisisperiodistico.com\/index.php\/wp-json\/wp\/v2\/users\/4"}],"replies":[{"embeddable":true,"href":"https:\/\/contextoanalisisperiodistico.com\/index.php\/wp-json\/wp\/v2\/comments?post=12518"}],"version-history":[{"count":1,"href":"https:\/\/contextoanalisisperiodistico.com\/index.php\/wp-json\/wp\/v2\/posts\/12518\/revisions"}],"predecessor-version":[{"id":12522,"href":"https:\/\/contextoanalisisperiodistico.com\/index.php\/wp-json\/wp\/v2\/posts\/12518\/revisions\/12522"}],"wp:featuredmedia":[{"embeddable":true,"href":"https:\/\/contextoanalisisperiodistico.com\/index.php\/wp-json\/wp\/v2\/media\/12519"}],"wp:attachment":[{"href":"https:\/\/contextoanalisisperiodistico.com\/index.php\/wp-json\/wp\/v2\/media?parent=12518"}],"wp:term":[{"taxonomy":"category","embeddable":true,"href":"https:\/\/contextoanalisisperiodistico.com\/index.php\/wp-json\/wp\/v2\/categories?post=12518"},{"taxonomy":"post_tag","embeddable":true,"href":"https:\/\/contextoanalisisperiodistico.com\/index.php\/wp-json\/wp\/v2\/tags?post=12518"}],"curies":[{"name":"wp","href":"https:\/\/api.w.org\/{rel}","templated":true}]}}