{"id":12503,"date":"2023-04-27T17:55:40","date_gmt":"2023-04-27T23:55:40","guid":{"rendered":"https:\/\/contextoanalisisperiodistico.com\/index.php\/2023\/04\/27\/el-digno-incremento-salarial-a-trabajadores-permitira-al-gobierno-de-salomon-jara-impulsar-la-transformacion-de-oaxaca-antonino-morales-toledo\/"},"modified":"2023-04-27T17:56:48","modified_gmt":"2023-04-27T23:56:48","slug":"el-digno-incremento-salarial-a-trabajadores-permitira-al-gobierno-de-salomon-jara-impulsar-la-transformacion-de-oaxaca-antonino-morales-toledo","status":"publish","type":"post","link":"https:\/\/contextoanalisisperiodistico.com\/index.php\/2023\/04\/27\/el-digno-incremento-salarial-a-trabajadores-permitira-al-gobierno-de-salomon-jara-impulsar-la-transformacion-de-oaxaca-antonino-morales-toledo\/","title":{"rendered":"El digno incremento salarial a trabajadores permitir\u00e1 al gobierno de Salom\u00f3n Jara impulsar la transformaci\u00f3n de Oaxaca: Antonino Morales Toledo"},"content":{"rendered":"<div id=\"fb-root\"><\/div>\n\n<p>\u25cf El Secretario de Administraci\u00f3n reconoci\u00f3 que el acuerdo alcanzado con sensibilidad, esmero, dedicaci\u00f3n, abierta y transparente, se convierte en muestra clara que, Oaxaca y el gobierno del Ing. Salom\u00f3n Jara Cruz, es un pueblo transformando su historia<\/p>\n\n\n\n<figure class=\"wp-block-video\"><video controls src=\"https:\/\/contextoanalisisperiodistico.com\/wp-content\/uploads\/2023\/04\/VID-20230427-WA0087.mp4\"><\/video><\/figure>\n\n\n\n<figure class=\"wp-block-image size-large\"><img fetchpriority=\"high\" decoding=\"async\" width=\"672\" height=\"395\" src=\"https:\/\/contextoanalisisperiodistico.com\/wp-content\/uploads\/2023\/04\/screenshot_20230427_173134_whatsapp3214015959116004010.jpg\" alt=\"\" class=\"wp-image-12502\" srcset=\"https:\/\/contextoanalisisperiodistico.com\/wp-content\/uploads\/2023\/04\/screenshot_20230427_173134_whatsapp3214015959116004010.jpg 672w, https:\/\/contextoanalisisperiodistico.com\/wp-content\/uploads\/2023\/04\/screenshot_20230427_173134_whatsapp3214015959116004010-300x176.jpg 300w\" sizes=\"(max-width: 672px) 100vw, 672px\" \/><\/figure>\n\n\n\n<figure class=\"wp-block-image\"><img decoding=\"async\" width=\"300\" height=\"181\" src=\"https:\/\/contextoanalisisperiodistico.com\/wp-content\/uploads\/2023\/04\/screenshot_20230427_173138_whatsapp9043850056776760151-300x181.jpg\" alt=\"\" class=\"wp-image-12501\" srcset=\"https:\/\/contextoanalisisperiodistico.com\/wp-content\/uploads\/2023\/04\/screenshot_20230427_173138_whatsapp9043850056776760151-300x181.jpg 300w, https:\/\/contextoanalisisperiodistico.com\/wp-content\/uploads\/2023\/04\/screenshot_20230427_173138_whatsapp9043850056776760151.jpg 675w\" sizes=\"(max-width: 300px) 100vw, 300px\" \/><\/figure>\n\n\n\n<figure class=\"wp-block-image\"><img decoding=\"async\" width=\"300\" height=\"220\" src=\"https:\/\/contextoanalisisperiodistico.com\/wp-content\/uploads\/2023\/04\/screenshot_20230427_173156_whatsapp3456333927176902832-300x220.jpg\" alt=\"\" class=\"wp-image-12500\" srcset=\"https:\/\/contextoanalisisperiodistico.com\/wp-content\/uploads\/2023\/04\/screenshot_20230427_173156_whatsapp3456333927176902832-300x220.jpg 300w, https:\/\/contextoanalisisperiodistico.com\/wp-content\/uploads\/2023\/04\/screenshot_20230427_173156_whatsapp3456333927176902832.jpg 528w\" sizes=\"(max-width: 300px) 100vw, 300px\" \/><\/figure>\n","protected":false},"excerpt":{"rendered":"<p>\u25cf El Secretario de Administraci\u00f3n reconoci\u00f3 que el acuerdo alcanzado con sensibilidad, esmero, dedicaci\u00f3n, abierta&#8230;<\/p>\n","protected":false},"author":4,"featured_media":12498,"comment_status":"closed","ping_status":"open","sticky":false,"template":"","format":"standard","meta":{"footnotes":""},"categories":[9],"tags":[],"jetpack_sharing_enabled":true,"featured_image_urls":{"full":["https:\/\/contextoanalisisperiodistico.com\/wp-content\/uploads\/2023\/04\/Screenshot_20230427_173152_WhatsApp.jpg",720,401,false],"thumbnail":["https:\/\/contextoanalisisperiodistico.com\/wp-content\/uploads\/2023\/04\/Screenshot_20230427_173152_WhatsApp-150x150.jpg",150,150,true],"medium":["https:\/\/contextoanalisisperiodistico.com\/wp-content\/uploads\/2023\/04\/Screenshot_20230427_173152_WhatsApp-300x167.jpg",300,167,true],"medium_large":["https:\/\/contextoanalisisperiodistico.com\/wp-content\/uploads\/2023\/04\/Screenshot_20230427_173152_WhatsApp.jpg",640,356,false],"large":["https:\/\/contextoanalisisperiodistico.com\/wp-content\/uploads\/2023\/04\/Screenshot_20230427_173152_WhatsApp.jpg",640,356,false],"1536x1536":["https:\/\/contextoanalisisperiodistico.com\/wp-content\/uploads\/2023\/04\/Screenshot_20230427_173152_WhatsApp.jpg",720,401,false],"2048x2048":["https:\/\/contextoanalisisperiodistico.com\/wp-content\/uploads\/2023\/04\/Screenshot_20230427_173152_WhatsApp.jpg",720,401,false],"covernews-slider-full":["https:\/\/contextoanalisisperiodistico.com\/wp-content\/uploads\/2023\/04\/Screenshot_20230427_173152_WhatsApp.jpg",720,401,false],"covernews-slider-center":["https:\/\/contextoanalisisperiodistico.com\/wp-content\/uploads\/2023\/04\/Screenshot_20230427_173152_WhatsApp.jpg",720,401,false],"covernews-featured":["https:\/\/contextoanalisisperiodistico.com\/wp-content\/uploads\/2023\/04\/Screenshot_20230427_173152_WhatsApp.jpg",720,401,false],"covernews-medium":["https:\/\/contextoanalisisperiodistico.com\/wp-content\/uploads\/2023\/04\/Screenshot_20230427_173152_WhatsApp-540x340.jpg",540,340,true],"covernews-medium-square":["https:\/\/contextoanalisisperiodistico.com\/wp-content\/uploads\/2023\/04\/Screenshot_20230427_173152_WhatsApp-400x250.jpg",400,250,true]},"author_info":{"display_name":"Mario Gir\u00f3n","author_link":"https:\/\/contextoanalisisperiodistico.com\/index.php\/author\/director\/"},"category_info":"<a href=\"https:\/\/contextoanalisisperiodistico.com\/index.php\/category\/politica\/\" rel=\"category tag\">Pol\u00edtica<\/a>","tag_info":"Pol\u00edtica","comment_count":"0","jetpack_featured_media_url":"https:\/\/contextoanalisisperiodistico.com\/wp-content\/uploads\/2023\/04\/Screenshot_20230427_173152_WhatsApp.jpg","_links":{"self":[{"href":"https:\/\/contextoanalisisperiodistico.com\/index.php\/wp-json\/wp\/v2\/posts\/12503"}],"collection":[{"href":"https:\/\/contextoanalisisperiodistico.com\/index.php\/wp-json\/wp\/v2\/posts"}],"about":[{"href":"https:\/\/contextoanalisisperiodistico.com\/index.php\/wp-json\/wp\/v2\/types\/post"}],"author":[{"embeddable":true,"href":"https:\/\/contextoanalisisperiodistico.com\/index.php\/wp-json\/wp\/v2\/users\/4"}],"replies":[{"embeddable":true,"href":"https:\/\/contextoanalisisperiodistico.com\/index.php\/wp-json\/wp\/v2\/comments?post=12503"}],"version-history":[{"count":1,"href":"https:\/\/contextoanalisisperiodistico.com\/index.php\/wp-json\/wp\/v2\/posts\/12503\/revisions"}],"predecessor-version":[{"id":12504,"href":"https:\/\/contextoanalisisperiodistico.com\/index.php\/wp-json\/wp\/v2\/posts\/12503\/revisions\/12504"}],"wp:featuredmedia":[{"embeddable":true,"href":"https:\/\/contextoanalisisperiodistico.com\/index.php\/wp-json\/wp\/v2\/media\/12498"}],"wp:attachment":[{"href":"https:\/\/contextoanalisisperiodistico.com\/index.php\/wp-json\/wp\/v2\/media?parent=12503"}],"wp:term":[{"taxonomy":"category","embeddable":true,"href":"https:\/\/contextoanalisisperiodistico.com\/index.php\/wp-json\/wp\/v2\/categories?post=12503"},{"taxonomy":"post_tag","embeddable":true,"href":"https:\/\/contextoanalisisperiodistico.com\/index.php\/wp-json\/wp\/v2\/tags?post=12503"}],"curies":[{"name":"wp","href":"https:\/\/api.w.org\/{rel}","templated":true}]}}