{"id":12461,"date":"2023-04-27T09:15:32","date_gmt":"2023-04-27T15:15:32","guid":{"rendered":"https:\/\/contextoanalisisperiodistico.com\/?p=12461"},"modified":"2023-04-27T09:15:52","modified_gmt":"2023-04-27T15:15:52","slug":"propone-miriam-vazquez-incorporar-codigo-qr-para-mejorar-transparencia-legislativa","status":"publish","type":"post","link":"https:\/\/contextoanalisisperiodistico.com\/index.php\/2023\/04\/27\/propone-miriam-vazquez-incorporar-codigo-qr-para-mejorar-transparencia-legislativa\/","title":{"rendered":"Propone Miriam V\u00e1zquez incorporar C\u00f3digo QR para mejorar transparencia legislativa"},"content":{"rendered":"<div id=\"fb-root\"><\/div>\n\n<p>*Con acceder al holograma, el ciudadano podr\u00e1 conocer el contenido de las iniciativas y dem\u00e1s trabajo legislativo<\/p>\n\n\n\n<p><strong>Oaxaca, Oax, 27 de abril de 2023.-&nbsp;<\/strong>Para cumplir con el principio de m\u00e1xima publicidad, la presidenta de la Mesa Directiva de la LXV Legislatura local, Miriam de los \u00c1ngeles V\u00e1zquez Ruiz, busca que se incorpore el C\u00f3digo QR a los sistemas de informaci\u00f3n de acceso a la informaci\u00f3n p\u00fablica del Congreso de Oaxaca.<\/p>\n\n\n\n<p>Para lo cual, la diputada local por el Partido del Trabajo (PT) present\u00f3 iniciativa de reforma a la fracci\u00f3n II del art\u00edculo199 del T\u00edtulo Sexto del Reglamento de la C\u00e1mara de Diputados.<\/p>\n\n\n\n<p>Misma reforma que quedar\u00eda de la siguiente forma; Informar y divulgar utilizando las nuevas tecnolog\u00edas de comunicaci\u00f3n, p\u00e1gina de Internet, redes sociales y c\u00f3digo QR sobre las iniciativas de ley o decreto, las propuestas que no constituyan iniciativas y que se reciban por el Congreso, as\u00ed como sobre los proyectos de dictamen que sean discutidos y resueltos por el pleno.<\/p>\n\n\n\n<p>V\u00e1zquez Ruiz consider\u00f3 vital cumplir con el principio de m\u00e1xima publicidad que establece que toda informaci\u00f3n que tenga un ente obligado debe forzosamente considerarse informaci\u00f3n p\u00fablica.<\/p>\n\n\n\n<p>Y por lo mismo debe estar a disposici\u00f3n de todas las personas para su consulta, salvo que esta haya sido catalogada como reservada o bien se encuentre en alguno de los casos de excepci\u00f3n, al tiempo de incorporar a la normatividad vigente que rige la actividad legislativa en el Congreso del estado, a\u00f1adi\u00f3.<\/p>\n\n\n\n<p>La parlamentaria detall\u00f3 que el C\u00f3digo QR o &nbsp;\u201cQuick Response\u201d ya es utilizado en la administraci\u00f3n publica municipal as\u00ed como a nivel federal y estatal, por ello ya le toca a este Congreso hacerle m\u00e1s f\u00e1cil a la ciudadan\u00eda el acceso a los documentos legislativos.<\/p>\n\n\n\n<p>Dijo que con esta propuesta, la transparencia est\u00e1 a un click de ser m\u00e1s sencilla y accesible as\u00ed como la informaci\u00f3n que queremos que la ciudadan\u00eda tenga, este es un paso obligado que tarde que temprano suceder\u00e1.<\/p>\n","protected":false},"excerpt":{"rendered":"<p>*Con acceder al holograma, el ciudadano podr\u00e1 conocer el contenido de las iniciativas y dem\u00e1s&#8230;<\/p>\n","protected":false},"author":4,"featured_media":12462,"comment_status":"closed","ping_status":"open","sticky":false,"template":"","format":"standard","meta":{"footnotes":""},"categories":[9],"tags":[],"jetpack_sharing_enabled":true,"featured_image_urls":{"full":["https:\/\/contextoanalisisperiodistico.com\/wp-content\/uploads\/2023\/04\/ProponeMiriamVC3A1zquezincorporarCC3B3digoQRparamejorartransparencialegislativa.jpeg",637,973,false],"thumbnail":["https:\/\/contextoanalisisperiodistico.com\/wp-content\/uploads\/2023\/04\/ProponeMiriamVC3A1zquezincorporarCC3B3digoQRparamejorartransparencialegislativa-150x150.jpeg",150,150,true],"medium":["https:\/\/contextoanalisisperiodistico.com\/wp-content\/uploads\/2023\/04\/ProponeMiriamVC3A1zquezincorporarCC3B3digoQRparamejorartransparencialegislativa-196x300.jpeg",196,300,true],"medium_large":["https:\/\/contextoanalisisperiodistico.com\/wp-content\/uploads\/2023\/04\/ProponeMiriamVC3A1zquezincorporarCC3B3digoQRparamejorartransparencialegislativa.jpeg",637,973,false],"large":["https:\/\/contextoanalisisperiodistico.com\/wp-content\/uploads\/2023\/04\/ProponeMiriamVC3A1zquezincorporarCC3B3digoQRparamejorartransparencialegislativa.jpeg",637,973,false],"1536x1536":["https:\/\/contextoanalisisperiodistico.com\/wp-content\/uploads\/2023\/04\/ProponeMiriamVC3A1zquezincorporarCC3B3digoQRparamejorartransparencialegislativa.jpeg",637,973,false],"2048x2048":["https:\/\/contextoanalisisperiodistico.com\/wp-content\/uploads\/2023\/04\/ProponeMiriamVC3A1zquezincorporarCC3B3digoQRparamejorartransparencialegislativa.jpeg",637,973,false],"covernews-slider-full":["https:\/\/contextoanalisisperiodistico.com\/wp-content\/uploads\/2023\/04\/ProponeMiriamVC3A1zquezincorporarCC3B3digoQRparamejorartransparencialegislativa-637x715.jpeg",637,715,true],"covernews-slider-center":["https:\/\/contextoanalisisperiodistico.com\/wp-content\/uploads\/2023\/04\/ProponeMiriamVC3A1zquezincorporarCC3B3digoQRparamejorartransparencialegislativa-637x500.jpeg",637,500,true],"covernews-featured":["https:\/\/contextoanalisisperiodistico.com\/wp-content\/uploads\/2023\/04\/ProponeMiriamVC3A1zquezincorporarCC3B3digoQRparamejorartransparencialegislativa.jpeg",637,973,false],"covernews-medium":["https:\/\/contextoanalisisperiodistico.com\/wp-content\/uploads\/2023\/04\/ProponeMiriamVC3A1zquezincorporarCC3B3digoQRparamejorartransparencialegislativa-540x340.jpeg",540,340,true],"covernews-medium-square":["https:\/\/contextoanalisisperiodistico.com\/wp-content\/uploads\/2023\/04\/ProponeMiriamVC3A1zquezincorporarCC3B3digoQRparamejorartransparencialegislativa-400x250.jpeg",400,250,true]},"author_info":{"display_name":"Mario Gir\u00f3n","author_link":"https:\/\/contextoanalisisperiodistico.com\/index.php\/author\/director\/"},"category_info":"<a href=\"https:\/\/contextoanalisisperiodistico.com\/index.php\/category\/politica\/\" rel=\"category tag\">Pol\u00edtica<\/a>","tag_info":"Pol\u00edtica","comment_count":"0","jetpack_featured_media_url":"https:\/\/contextoanalisisperiodistico.com\/wp-content\/uploads\/2023\/04\/ProponeMiriamVC3A1zquezincorporarCC3B3digoQRparamejorartransparencialegislativa.jpeg","_links":{"self":[{"href":"https:\/\/contextoanalisisperiodistico.com\/index.php\/wp-json\/wp\/v2\/posts\/12461"}],"collection":[{"href":"https:\/\/contextoanalisisperiodistico.com\/index.php\/wp-json\/wp\/v2\/posts"}],"about":[{"href":"https:\/\/contextoanalisisperiodistico.com\/index.php\/wp-json\/wp\/v2\/types\/post"}],"author":[{"embeddable":true,"href":"https:\/\/contextoanalisisperiodistico.com\/index.php\/wp-json\/wp\/v2\/users\/4"}],"replies":[{"embeddable":true,"href":"https:\/\/contextoanalisisperiodistico.com\/index.php\/wp-json\/wp\/v2\/comments?post=12461"}],"version-history":[{"count":1,"href":"https:\/\/contextoanalisisperiodistico.com\/index.php\/wp-json\/wp\/v2\/posts\/12461\/revisions"}],"predecessor-version":[{"id":12463,"href":"https:\/\/contextoanalisisperiodistico.com\/index.php\/wp-json\/wp\/v2\/posts\/12461\/revisions\/12463"}],"wp:featuredmedia":[{"embeddable":true,"href":"https:\/\/contextoanalisisperiodistico.com\/index.php\/wp-json\/wp\/v2\/media\/12462"}],"wp:attachment":[{"href":"https:\/\/contextoanalisisperiodistico.com\/index.php\/wp-json\/wp\/v2\/media?parent=12461"}],"wp:term":[{"taxonomy":"category","embeddable":true,"href":"https:\/\/contextoanalisisperiodistico.com\/index.php\/wp-json\/wp\/v2\/categories?post=12461"},{"taxonomy":"post_tag","embeddable":true,"href":"https:\/\/contextoanalisisperiodistico.com\/index.php\/wp-json\/wp\/v2\/tags?post=12461"}],"curies":[{"name":"wp","href":"https:\/\/api.w.org\/{rel}","templated":true}]}}