{"id":12446,"date":"2023-04-26T18:28:11","date_gmt":"2023-04-27T00:28:11","guid":{"rendered":"https:\/\/contextoanalisisperiodistico.com\/?p=12446"},"modified":"2023-04-26T18:28:29","modified_gmt":"2023-04-27T00:28:29","slug":"oaxaca-de-juarez-sede-del-observatorio-estatal-de-lesiones-del-consejo-estatal-para-la-prevencion-de-accidentes-coepra","status":"publish","type":"post","link":"https:\/\/contextoanalisisperiodistico.com\/index.php\/2023\/04\/26\/oaxaca-de-juarez-sede-del-observatorio-estatal-de-lesiones-del-consejo-estatal-para-la-prevencion-de-accidentes-coepra\/","title":{"rendered":"Oaxaca de Ju\u00e1rez, sede del Observatorio Estatal de Lesiones del Consejo Estatal para la Prevenci\u00f3n de Accidentes (Coepra)"},"content":{"rendered":"<div id=\"fb-root\"><\/div>\n\n<p>Oaxaca de Ju\u00e1rez, Oax., 26 de abril de 2023. El Ayuntamiento de Oaxaca de Ju\u00e1rez, a trav\u00e9s de la Secretar\u00eda de Seguridad Ciudadana, Movilidad y Protecci\u00f3n Civil, fue sede de la segunda reuni\u00f3n del Observatorio Estatal de Lesiones del Consejo Estatal para la Prevenci\u00f3n de Accidentes (Coepra).<\/p>\n\n\n\n<p>El evento se realiz\u00f3 este mi\u00e9rcoles en el sal\u00f3n Expresidentes del Palacio Municipal, y fue encabezado por la regidora de Seguridad Ciudadana, Movilidad y Agencias y Colonias, Claudia Tapia Nolasco, en representaci\u00f3n del presidente municipal Francisco Mart\u00ednez Neri.<\/p>\n\n\n\n<p>Asistieron como invitados especiales, el Dr. Rafael Arnaud R\u00edos, secretario T\u00e9cnico del Coepra; Dra. Karla Cruz Mart\u00ednez, directora de Prevenci\u00f3n y Promoci\u00f3n de la Salud del Estado de Oaxaca y Dra. Gabriela L\u00e1zaro Mendoza, responsable del Observatorio Estatal de Lesiones y Productividad del Observatorio Estatal de Lesiones del Estado de Oaxaca, as\u00ed como el regidor de Bienestar e integrante de la Comisi\u00f3n de Seguridad Ciudadana, Ren\u00e9 Ric\u00e1rdez Lim\u00f3n; el secretario de Seguridad Ciudadana, Movilidad y Protecci\u00f3n Civil, Ra\u00fal \u00c1vila Ibarra; el encargado del Despacho de la Direcci\u00f3n de Movilidad, Polic\u00eda Primero Vial, No\u00e9 Arnulfo Garc\u00eda Cabrera, la directora T\u00e9cnica de la Secretar\u00eda, Tania Mijaylova Cruz y representantes de los municipios de San Antonio de la Cal, Huajuapan de Le\u00f3n, Santa Cruz Amilpas, Santa Luc\u00eda del Camino, San Jacinto Amilpas y Heroica Ciudad de Tlaxiaco.<\/p>\n\n\n\n<p>En su intervenci\u00f3n el secretario T\u00e9cnico del Coepra, Rafael Arnaud R\u00edos, dijo que Oaxaca de Ju\u00e1rez fue sede de la segunda reuni\u00f3n con la finalidad de que los municipios participantes dieran a conocer las actividades que realizan para mejorar la seguridad vial en el \u00e1mbito de su competencia.<\/p>\n\n\n\n<p>Arnaud R\u00edos destac\u00f3 que muchos de los municipios han empezado a registrar todo tipo de incidencias de tr\u00e1nsito, con el fin de llevar estad\u00edsticas y conocer la principal causa de los accidentes viales en su jurisdicci\u00f3n.<\/p>\n\n\n\n<p>Al ser anfitriones, la Secretar\u00eda de Seguridad Ciudadana, Movilidad y Protecci\u00f3n Civil, a trav\u00e9s de la Direcci\u00f3n de Movilidad, dio una amplia informaci\u00f3n sobre las actividades que llevan a cabo, tales como operativos de Alcoholimetr\u00eda, para mantener el l\u00edmite de velocidad, as\u00ed como en el \u00e1rea t\u00e9cnica en cuanto a la red de semaforizaci\u00f3n.<\/p>\n\n\n\n<p>Por su parte el departamento de Educaci\u00f3n Vial dio una semblanza de todas las actividades de prevenci\u00f3n que realizan en las escuelas fomentando el programa \u201cPromotores Viales\u201d.<\/p>\n\n\n\n<p>Al respecto, la doctora Ver\u00f3nica Z\u00e1rate Garc\u00eda se\u00f1al\u00f3 que ese es el objetivo principal de las reuniones: conocer c\u00f3mo trabaja cada municipio para mejorar la seguridad vial, todo tipo de operativos y acciones de prevenci\u00f3n.Mencion\u00f3 que en esta segunda reuni\u00f3n se tomaron varios acuerdos, como es el de verificar la situaci\u00f3n de los conductores que son infraccionados o detenidos por conducir en estado de ebriedad, ya que muchas veces ya han reincidido en alg\u00fan otro municipio y no se intercambia la informaci\u00f3n.<\/p>\n\n\n\n<p>Adem\u00e1s, el de brindar capacitaci\u00f3n a elementos de los municipios en diversas actividades, como promotores viales y operadores de alcohol\u00edmetro, entre otros.<\/p>\n\n\n\n<p>Por su parte, el secretario \u00c1vila Ibarra se pronunci\u00f3 para que se de intervenci\u00f3n a la Secretar\u00eda de Movilidad ( SEMOVI) para regular el transporte p\u00fablico, principalmente mototaxistas y taxistas, ya que muchos de estos veh\u00edculos son irregulares o piratas y por ende, son utilizados para delinquir.<\/p>\n\n\n\n<p>Finalmente, la regidora Claudia Tapia Nolasco agradeci\u00f3, a nombre del presidente municipal, Francisco Mart\u00ednez Neri, la presencia de funcionarios de Coepra y los municipios participantes, invit\u00e1ndolos a trabajar de manera coordinada para reducir los accidentes viales.<br \/>Se acord\u00f3 que la pr\u00f3xima reuni\u00f3n se realizar\u00e1 en el municipio de Santa Cruz Xoxocotl\u00e1n.<\/p>\n\n\n\n<p>Con estas acciones, la Secretar\u00eda de Seguridad Ciudadana, Movilidad y Protecci\u00f3n Civil refrenda su compromiso de proteger y servir a la comunidad.<\/p>\n\n\n\n\n\n<figure class=\"wp-block-image size-large\"><img fetchpriority=\"high\" decoding=\"async\" width=\"1024\" height=\"682\" src=\"https:\/\/contextoanalisisperiodistico.com\/wp-content\/uploads\/2023\/04\/img-20230426-wa00643597160940127584851-1024x682.jpg\" alt=\"\" class=\"wp-image-12448\" srcset=\"https:\/\/contextoanalisisperiodistico.com\/wp-content\/uploads\/2023\/04\/img-20230426-wa00643597160940127584851-1024x682.jpg 1024w, https:\/\/contextoanalisisperiodistico.com\/wp-content\/uploads\/2023\/04\/img-20230426-wa00643597160940127584851-300x200.jpg 300w, https:\/\/contextoanalisisperiodistico.com\/wp-content\/uploads\/2023\/04\/img-20230426-wa00643597160940127584851-768x512.jpg 768w, https:\/\/contextoanalisisperiodistico.com\/wp-content\/uploads\/2023\/04\/img-20230426-wa00643597160940127584851-1536x1023.jpg 1536w, https:\/\/contextoanalisisperiodistico.com\/wp-content\/uploads\/2023\/04\/img-20230426-wa00643597160940127584851.jpg 1600w\" sizes=\"(max-width: 1024px) 100vw, 1024px\" \/><\/figure>\n\n\n\n<figure class=\"wp-block-image\"><img decoding=\"async\" width=\"1024\" height=\"682\" src=\"https:\/\/contextoanalisisperiodistico.com\/wp-content\/uploads\/2023\/04\/img-20230426-wa00623124667831368535543-1024x682.jpg\" alt=\"\" class=\"wp-image-12449\" srcset=\"https:\/\/contextoanalisisperiodistico.com\/wp-content\/uploads\/2023\/04\/img-20230426-wa00623124667831368535543-1024x682.jpg 1024w, https:\/\/contextoanalisisperiodistico.com\/wp-content\/uploads\/2023\/04\/img-20230426-wa00623124667831368535543-300x200.jpg 300w, https:\/\/contextoanalisisperiodistico.com\/wp-content\/uploads\/2023\/04\/img-20230426-wa00623124667831368535543-768x512.jpg 768w, https:\/\/contextoanalisisperiodistico.com\/wp-content\/uploads\/2023\/04\/img-20230426-wa00623124667831368535543-1536x1023.jpg 1536w, https:\/\/contextoanalisisperiodistico.com\/wp-content\/uploads\/2023\/04\/img-20230426-wa00623124667831368535543.jpg 1600w\" sizes=\"(max-width: 1024px) 100vw, 1024px\" \/><\/figure>\n","protected":false},"excerpt":{"rendered":"<p>Oaxaca de Ju\u00e1rez, Oax., 26 de abril de 2023. El Ayuntamiento de Oaxaca de Ju\u00e1rez,&#8230;<\/p>\n","protected":false},"author":4,"featured_media":12447,"comment_status":"closed","ping_status":"open","sticky":false,"template":"","format":"standard","meta":{"footnotes":""},"categories":[9],"tags":[],"jetpack_sharing_enabled":true,"featured_image_urls":{"full":["https:\/\/contextoanalisisperiodistico.com\/wp-content\/uploads\/2023\/04\/IMG-20230426-WA0063.jpg",1600,1066,false],"thumbnail":["https:\/\/contextoanalisisperiodistico.com\/wp-content\/uploads\/2023\/04\/IMG-20230426-WA0063-150x150.jpg",150,150,true],"medium":["https:\/\/contextoanalisisperiodistico.com\/wp-content\/uploads\/2023\/04\/IMG-20230426-WA0063-300x200.jpg",300,200,true],"medium_large":["https:\/\/contextoanalisisperiodistico.com\/wp-content\/uploads\/2023\/04\/IMG-20230426-WA0063-768x512.jpg",640,427,true],"large":["https:\/\/contextoanalisisperiodistico.com\/wp-content\/uploads\/2023\/04\/IMG-20230426-WA0063-1024x682.jpg",640,426,true],"1536x1536":["https:\/\/contextoanalisisperiodistico.com\/wp-content\/uploads\/2023\/04\/IMG-20230426-WA0063-1536x1023.jpg",1536,1023,true],"2048x2048":["https:\/\/contextoanalisisperiodistico.com\/wp-content\/uploads\/2023\/04\/IMG-20230426-WA0063.jpg",1600,1066,false],"covernews-slider-full":["https:\/\/contextoanalisisperiodistico.com\/wp-content\/uploads\/2023\/04\/IMG-20230426-WA0063-1115x715.jpg",1115,715,true],"covernews-slider-center":["https:\/\/contextoanalisisperiodistico.com\/wp-content\/uploads\/2023\/04\/IMG-20230426-WA0063-800x500.jpg",800,500,true],"covernews-featured":["https:\/\/contextoanalisisperiodistico.com\/wp-content\/uploads\/2023\/04\/IMG-20230426-WA0063-1024x682.jpg",1024,682,true],"covernews-medium":["https:\/\/contextoanalisisperiodistico.com\/wp-content\/uploads\/2023\/04\/IMG-20230426-WA0063-540x340.jpg",540,340,true],"covernews-medium-square":["https:\/\/contextoanalisisperiodistico.com\/wp-content\/uploads\/2023\/04\/IMG-20230426-WA0063-400x250.jpg",400,250,true]},"author_info":{"display_name":"Mario Gir\u00f3n","author_link":"https:\/\/contextoanalisisperiodistico.com\/index.php\/author\/director\/"},"category_info":"<a href=\"https:\/\/contextoanalisisperiodistico.com\/index.php\/category\/politica\/\" rel=\"category tag\">Pol\u00edtica<\/a>","tag_info":"Pol\u00edtica","comment_count":"0","jetpack_featured_media_url":"https:\/\/contextoanalisisperiodistico.com\/wp-content\/uploads\/2023\/04\/IMG-20230426-WA0063.jpg","_links":{"self":[{"href":"https:\/\/contextoanalisisperiodistico.com\/index.php\/wp-json\/wp\/v2\/posts\/12446"}],"collection":[{"href":"https:\/\/contextoanalisisperiodistico.com\/index.php\/wp-json\/wp\/v2\/posts"}],"about":[{"href":"https:\/\/contextoanalisisperiodistico.com\/index.php\/wp-json\/wp\/v2\/types\/post"}],"author":[{"embeddable":true,"href":"https:\/\/contextoanalisisperiodistico.com\/index.php\/wp-json\/wp\/v2\/users\/4"}],"replies":[{"embeddable":true,"href":"https:\/\/contextoanalisisperiodistico.com\/index.php\/wp-json\/wp\/v2\/comments?post=12446"}],"version-history":[{"count":1,"href":"https:\/\/contextoanalisisperiodistico.com\/index.php\/wp-json\/wp\/v2\/posts\/12446\/revisions"}],"predecessor-version":[{"id":12450,"href":"https:\/\/contextoanalisisperiodistico.com\/index.php\/wp-json\/wp\/v2\/posts\/12446\/revisions\/12450"}],"wp:featuredmedia":[{"embeddable":true,"href":"https:\/\/contextoanalisisperiodistico.com\/index.php\/wp-json\/wp\/v2\/media\/12447"}],"wp:attachment":[{"href":"https:\/\/contextoanalisisperiodistico.com\/index.php\/wp-json\/wp\/v2\/media?parent=12446"}],"wp:term":[{"taxonomy":"category","embeddable":true,"href":"https:\/\/contextoanalisisperiodistico.com\/index.php\/wp-json\/wp\/v2\/categories?post=12446"},{"taxonomy":"post_tag","embeddable":true,"href":"https:\/\/contextoanalisisperiodistico.com\/index.php\/wp-json\/wp\/v2\/tags?post=12446"}],"curies":[{"name":"wp","href":"https:\/\/api.w.org\/{rel}","templated":true}]}}