{"id":12432,"date":"2023-04-26T14:07:35","date_gmt":"2023-04-26T20:07:35","guid":{"rendered":"https:\/\/contextoanalisisperiodistico.com\/?p=12432"},"modified":"2023-04-26T14:07:48","modified_gmt":"2023-04-26T20:07:48","slug":"municipio-capitalino-da-muestra-de-humildad","status":"publish","type":"post","link":"https:\/\/contextoanalisisperiodistico.com\/index.php\/2023\/04\/26\/municipio-capitalino-da-muestra-de-humildad\/","title":{"rendered":"Municipio capitalino da muestra de humildad"},"content":{"rendered":"<div id=\"fb-root\"><\/div>\n\n<p>\u2022 Ofrece una disculpa p\u00fablica por hechos ocurridos en el 2016.<\/p>\n\n\n\n<p>Oaxaca de Ju\u00e1rez, Oax., a 26 de abril de 2023.- Por actos cometidos en el a\u00f1o 2016, en agravio del artista pl\u00e1stico Marco Antonio V\u00e1squez Ram\u00edrez, la autoridad municipal, representada por Francisco Mart\u00ednez Neri, en una muestra de humildad, le ofreci\u00f3 un disculpa p\u00fablica.<\/p>\n\n\n\n<p>Lo anterior para dar cumplimiento a la recomendaci\u00f3n de la Defensor\u00eda de los Derechos Humanos del Pueblo de Oaxaca (DDHPO), con el fin de restituir los derechos violentados a Marco Antonio V\u00e1squez Ram\u00edrez. Esto, derivado de acciones realizadas por inspectores municipales en el 2016, al retirar de la v\u00eda p\u00fablica una escultura alusiva al gobernante en turno, elaborada por el artista mencionado.<\/p>\n\n\n\n<p>Durante el acto, la directora de Comercio en V\u00eda P\u00fablica, Bibiana Garc\u00eda Loya, ofreci\u00f3 una disculpa p\u00fablica en nombre de la administraci\u00f3n p\u00fablica municipal 2022-2024 y se comprometi\u00f3 a no repetir un acto que atente contra la libertad de expresi\u00f3n en los diferentes espacios p\u00fablicos establecidos en la jurisdicci\u00f3n del municipio de Oaxaca de Ju\u00e1rez.<\/p>\n\n\n\n<p>Asimismo, reiter\u00f3 que fueron los inspectores municipales de la administraci\u00f3n 2014 &#8211; 2016 los que violentaron los derechos del artista, atentando contra el derecho humano a la libertad de manifestaci\u00f3n de las ideas, tutelado en el art\u00edculo sexto de la Constituci\u00f3n Pol\u00edtica de los Estados Unidos Mexicanos.<\/p>\n\n\n\n<p>Durante su intervenci\u00f3n, Elizabeth Lara Rodr\u00edguez, titular de la Defensor\u00eda de los Derechos Humanos del Pueblo de Oaxaca, reconoci\u00f3 el acto como hist\u00f3rico, ya que pocas administraciones municipales realizan una disculpa p\u00fablica. Esto puede sentar las bases para una pol\u00edtica p\u00fablica que inhiba estos actos en el futuro.<\/p>\n\n\n\n<p>Hoy estamos en un acto de reconocimiento de que se cometieron violaciones a derechos humanos y, que sin duda, es un avance. Felicidades a esta administraci\u00f3n municipal. Esto puede convertirse en el inicio del camino para establecer una pol\u00edtica p\u00fablica que permita que hechos como el que se cometi\u00f3 hace 7 a\u00f1os, no se repitan, finaliz\u00f3.<\/p>\n\n\n\n<p>El hecho se\u00f1alado sucedi\u00f3 en el a\u00f1o 2016. En esa ocasi\u00f3n, la autoridad municipal del momento violent\u00f3 los derechos humanos de Marco Antonio V\u00e1squez, luego que inspectores municipales de aquella administraci\u00f3n le retiraran la imagen de una rata alusiva al exgobernador Gabino Cu\u00e9 Monteagudo, cuando realizaba una protesta en la Ciudad de Oaxaca.<\/p>\n\n\n\n<p>La administraci\u00f3n municipal actual, que encabeza Francisco Mart\u00ednez Neri, en su actuaci\u00f3n a lo que manda la Constituci\u00f3n Pol\u00edtica de M\u00e9xico, salvaguardando los derechos de las y los ciudadanos. En este sentido, la disculpa p\u00fablica ofrecida es un paso importante hacia la protecci\u00f3n de los derechos humanos en Oaxaca de Ju\u00e1rez.<\/p>\n\n\n\n<figure class=\"wp-block-image size-large\"><img fetchpriority=\"high\" decoding=\"async\" width=\"1024\" height=\"683\" src=\"https:\/\/contextoanalisisperiodistico.com\/wp-content\/uploads\/2023\/04\/img-20230426-wa00441589809799581966264-1024x683.jpg\" alt=\"\" class=\"wp-image-12435\" srcset=\"https:\/\/contextoanalisisperiodistico.com\/wp-content\/uploads\/2023\/04\/img-20230426-wa00441589809799581966264-1024x683.jpg 1024w, https:\/\/contextoanalisisperiodistico.com\/wp-content\/uploads\/2023\/04\/img-20230426-wa00441589809799581966264-300x200.jpg 300w, https:\/\/contextoanalisisperiodistico.com\/wp-content\/uploads\/2023\/04\/img-20230426-wa00441589809799581966264-768x512.jpg 768w, https:\/\/contextoanalisisperiodistico.com\/wp-content\/uploads\/2023\/04\/img-20230426-wa00441589809799581966264.jpg 1500w\" sizes=\"(max-width: 1024px) 100vw, 1024px\" \/><\/figure>\n\n\n\n<figure class=\"wp-block-image\"><img decoding=\"async\" width=\"1024\" height=\"683\" src=\"https:\/\/contextoanalisisperiodistico.com\/wp-content\/uploads\/2023\/04\/img-20230426-wa00458579248793891282846-1024x683.jpg\" alt=\"\" class=\"wp-image-12434\" srcset=\"https:\/\/contextoanalisisperiodistico.com\/wp-content\/uploads\/2023\/04\/img-20230426-wa00458579248793891282846-1024x683.jpg 1024w, https:\/\/contextoanalisisperiodistico.com\/wp-content\/uploads\/2023\/04\/img-20230426-wa00458579248793891282846-300x200.jpg 300w, https:\/\/contextoanalisisperiodistico.com\/wp-content\/uploads\/2023\/04\/img-20230426-wa00458579248793891282846-768x512.jpg 768w, https:\/\/contextoanalisisperiodistico.com\/wp-content\/uploads\/2023\/04\/img-20230426-wa00458579248793891282846.jpg 1500w\" sizes=\"(max-width: 1024px) 100vw, 1024px\" \/><\/figure>\n","protected":false},"excerpt":{"rendered":"<p>\u2022 Ofrece una disculpa p\u00fablica por hechos ocurridos en el 2016. Oaxaca de Ju\u00e1rez, Oax.,&#8230;<\/p>\n","protected":false},"author":4,"featured_media":12433,"comment_status":"closed","ping_status":"open","sticky":false,"template":"","format":"standard","meta":{"footnotes":""},"categories":[9],"tags":[],"jetpack_sharing_enabled":true,"featured_image_urls":{"full":["https:\/\/contextoanalisisperiodistico.com\/wp-content\/uploads\/2023\/04\/IMG-20230426-WA0046.jpg",1500,1000,false],"thumbnail":["https:\/\/contextoanalisisperiodistico.com\/wp-content\/uploads\/2023\/04\/IMG-20230426-WA0046-150x150.jpg",150,150,true],"medium":["https:\/\/contextoanalisisperiodistico.com\/wp-content\/uploads\/2023\/04\/IMG-20230426-WA0046-300x200.jpg",300,200,true],"medium_large":["https:\/\/contextoanalisisperiodistico.com\/wp-content\/uploads\/2023\/04\/IMG-20230426-WA0046-768x512.jpg",640,427,true],"large":["https:\/\/contextoanalisisperiodistico.com\/wp-content\/uploads\/2023\/04\/IMG-20230426-WA0046-1024x683.jpg",640,427,true],"1536x1536":["https:\/\/contextoanalisisperiodistico.com\/wp-content\/uploads\/2023\/04\/IMG-20230426-WA0046.jpg",1500,1000,false],"2048x2048":["https:\/\/contextoanalisisperiodistico.com\/wp-content\/uploads\/2023\/04\/IMG-20230426-WA0046.jpg",1500,1000,false],"covernews-slider-full":["https:\/\/contextoanalisisperiodistico.com\/wp-content\/uploads\/2023\/04\/IMG-20230426-WA0046-1115x715.jpg",1115,715,true],"covernews-slider-center":["https:\/\/contextoanalisisperiodistico.com\/wp-content\/uploads\/2023\/04\/IMG-20230426-WA0046-800x500.jpg",800,500,true],"covernews-featured":["https:\/\/contextoanalisisperiodistico.com\/wp-content\/uploads\/2023\/04\/IMG-20230426-WA0046-1024x683.jpg",1024,683,true],"covernews-medium":["https:\/\/contextoanalisisperiodistico.com\/wp-content\/uploads\/2023\/04\/IMG-20230426-WA0046-540x340.jpg",540,340,true],"covernews-medium-square":["https:\/\/contextoanalisisperiodistico.com\/wp-content\/uploads\/2023\/04\/IMG-20230426-WA0046-400x250.jpg",400,250,true]},"author_info":{"display_name":"Mario Gir\u00f3n","author_link":"https:\/\/contextoanalisisperiodistico.com\/index.php\/author\/director\/"},"category_info":"<a href=\"https:\/\/contextoanalisisperiodistico.com\/index.php\/category\/politica\/\" rel=\"category tag\">Pol\u00edtica<\/a>","tag_info":"Pol\u00edtica","comment_count":"0","jetpack_featured_media_url":"https:\/\/contextoanalisisperiodistico.com\/wp-content\/uploads\/2023\/04\/IMG-20230426-WA0046.jpg","_links":{"self":[{"href":"https:\/\/contextoanalisisperiodistico.com\/index.php\/wp-json\/wp\/v2\/posts\/12432"}],"collection":[{"href":"https:\/\/contextoanalisisperiodistico.com\/index.php\/wp-json\/wp\/v2\/posts"}],"about":[{"href":"https:\/\/contextoanalisisperiodistico.com\/index.php\/wp-json\/wp\/v2\/types\/post"}],"author":[{"embeddable":true,"href":"https:\/\/contextoanalisisperiodistico.com\/index.php\/wp-json\/wp\/v2\/users\/4"}],"replies":[{"embeddable":true,"href":"https:\/\/contextoanalisisperiodistico.com\/index.php\/wp-json\/wp\/v2\/comments?post=12432"}],"version-history":[{"count":1,"href":"https:\/\/contextoanalisisperiodistico.com\/index.php\/wp-json\/wp\/v2\/posts\/12432\/revisions"}],"predecessor-version":[{"id":12436,"href":"https:\/\/contextoanalisisperiodistico.com\/index.php\/wp-json\/wp\/v2\/posts\/12432\/revisions\/12436"}],"wp:featuredmedia":[{"embeddable":true,"href":"https:\/\/contextoanalisisperiodistico.com\/index.php\/wp-json\/wp\/v2\/media\/12433"}],"wp:attachment":[{"href":"https:\/\/contextoanalisisperiodistico.com\/index.php\/wp-json\/wp\/v2\/media?parent=12432"}],"wp:term":[{"taxonomy":"category","embeddable":true,"href":"https:\/\/contextoanalisisperiodistico.com\/index.php\/wp-json\/wp\/v2\/categories?post=12432"},{"taxonomy":"post_tag","embeddable":true,"href":"https:\/\/contextoanalisisperiodistico.com\/index.php\/wp-json\/wp\/v2\/tags?post=12432"}],"curies":[{"name":"wp","href":"https:\/\/api.w.org\/{rel}","templated":true}]}}