{"id":12421,"date":"2023-04-26T09:10:30","date_gmt":"2023-04-26T15:10:30","guid":{"rendered":"https:\/\/contextoanalisisperiodistico.com\/?p=12421"},"modified":"2023-04-26T09:10:37","modified_gmt":"2023-04-26T15:10:37","slug":"491-aniversario-de-la-ciudad-una-oportunidad-para-revisar-el-presente-con-todos-sus-logros-y-desafios-fmn","status":"publish","type":"post","link":"https:\/\/contextoanalisisperiodistico.com\/index.php\/2023\/04\/26\/491-aniversario-de-la-ciudad-una-oportunidad-para-revisar-el-presente-con-todos-sus-logros-y-desafios-fmn\/","title":{"rendered":"491 aniversario de la ciudad, una oportunidad para revisar el presente con todos sus logros y desaf\u00edos: FMN"},"content":{"rendered":"<div id=\"fb-root\"><\/div>\n\n<ul>\n<li>El presidente municipal de Oaxaca de Ju\u00e1rez llam\u00f3 a los gobiernos y a la sociedad a trabajar juntos para crear una ciudad amigable.<\/li>\n\n\n\n<li>Se entregaron t\u00edtulos de Distinci\u00f3n Ciudadana<\/li>\n<\/ul>\n\n\n\n<p>Oaxaca de Ju\u00e1rez, Oax., a 26 de abril de 2023.- Al encabezar la Sesi\u00f3n Solemne de Cabildo con motivo del 491 aniversario de la elevaci\u00f3n de villa al rango de ciudad de la entonces Nueva Antequera, hoy Oaxaca de Ju\u00e1rez, el primer concejal Francisco Mart\u00ednez Neri, asegur\u00f3 que cada homenaje a nuestra tierra debe convertirse en una oportunidad para voltear al pasado, recordar su rica y gloriosa historia constituy\u00e9ndose en ocasi\u00f3n para revisar el presente con todos sus logros y desaf\u00edos.<\/p>\n\n\n\n<p>En el mensaje dirigido a la ciudad, Mart\u00ednez Neri destac\u00f3 que no obstante a los muchos logros alcanzados, la ciudad enfrenta todo tipo de acechanzas y riesgos, desde el acelerado cambio clim\u00e1tico, hasta los originados por el crecimiento de la ciudad. \u201cUnamos esfuerzos para que la ciudad crezca y desarrolle todas sus capacidades sin vulnerar los derechos de quienes aqu\u00ed nacimos o aqu\u00ed vivimos. Todo esto querr\u00edamos para nuestra Oaxaca, la Oaxaca de Tamayo, de Toledo, de Monte Alb\u00e1n, de Santo Domingo, de los colores, de los olores y los sabores. La Oaxaca de Ju\u00e1rez, nuestra Oaxaca\u201d, finaliz\u00f3.<\/p>\n\n\n\n<p>En su intervenci\u00f3n el mandatario estatal, Salom\u00f3n Jara Cruz, resalt\u00f3 que el amor a nuestra tierra tambi\u00e9n se ve reflejado en que estamos dispuestos a contribuir.<br \/>\u201cOaxaque\u00f1as, oaxaque\u00f1os: entendamos que en donde estemos parados y donde tengamos que estar, siempre debemos de cuidar y no da\u00f1ar nuestro patrimonio\u201d, destac\u00f3 el gobernador.<\/p>\n\n\n\n<p>A la sesi\u00f3n solemne de Cabildo, que se realiz\u00f3 en el ic\u00f3nico Teatro Macedonio Alcal\u00e1, asisti\u00f3 el gobernador del estado, Salom\u00f3n Jara Cruz, el presidente del Tribunal Superior de Justicia del Estado, Eduardo Pinacho S\u00e1nchez, la presidenta de la Mesa Directiva de la 65\u00aa Legislatura del Honorable Congreso del Estado, Miriam de los \u00c1ngeles V\u00e1zquez Ruiz, la secretaria de Bienestar, Tequio e Inclusi\u00f3n, Laura Estrada Mauro y la secretaria de Turismo, Saymi Pineda Velasco.<\/p>\n\n\n\n<p>Ante los representantes civiles, acad\u00e9micos, empresarios y presidentes municipales de otras ciudades, el edil capitalino hizo un especial reconocimiento a las y los ciudadanos que recibieron una distinci\u00f3n el d\u00eda de hoy:<\/p>\n\n\n\n<p>Ciudadana Distinguida y Medalla Donaj\u00ed: Josefina Guadalupe Aranda Bezaury.<\/p>\n\n\n\n<p>Oaxaque\u00f1o Inolvidable: Ventura L\u00f3pez S\u00e1nchez.<\/p>\n\n\n\n<p>Ciudadana de Antequera: Mar\u00eda Eugenia Pombo.<\/p>\n\n\n\n<p>Al M\u00e9rito Profesional: Yolanda Cruz Cruz, Uriel de Jes\u00fas Santiago Velasco.<\/p>\n\n\n\n<p>Visitante Distinguida o Distinguido: Francie R. Chassen-L\u00f3pez;<br \/>Carlos V\u00edctor Pe\u00f1a Ortiz, presidente municipal de Reynosa, Tamaulipas;<\/p>\n\n\n\n<p>Ver\u00f3nica Castro Montesinos, presidenta municipal de la Heroica Villa de Tezoatl\u00e1n de Segura y Luna, Cuna de la Independencia de Oaxaca.<\/p>\n\n\n\n<p>Luis de Le\u00f3n Mart\u00ednez S\u00e1nchez, presidente municipal de la Heroica Ciudad de Huajuapan de Le\u00f3n.<\/p>\n\n\n\n<p><br>C\u00e9sar Ruiz Guti\u00e9rrez, presidente municipal de Santa Mar\u00eda Tonameca<\/p>\n\n\n\n<figure class=\"wp-block-image size-large\"><img fetchpriority=\"high\" decoding=\"async\" width=\"1024\" height=\"683\" src=\"https:\/\/contextoanalisisperiodistico.com\/wp-content\/uploads\/2023\/04\/img-20230426-wa0015313701143548887149-1024x683.jpg\" alt=\"\" class=\"wp-image-12424\" srcset=\"https:\/\/contextoanalisisperiodistico.com\/wp-content\/uploads\/2023\/04\/img-20230426-wa0015313701143548887149-1024x683.jpg 1024w, https:\/\/contextoanalisisperiodistico.com\/wp-content\/uploads\/2023\/04\/img-20230426-wa0015313701143548887149-300x200.jpg 300w, https:\/\/contextoanalisisperiodistico.com\/wp-content\/uploads\/2023\/04\/img-20230426-wa0015313701143548887149-768x512.jpg 768w, https:\/\/contextoanalisisperiodistico.com\/wp-content\/uploads\/2023\/04\/img-20230426-wa0015313701143548887149-1536x1024.jpg 1536w, https:\/\/contextoanalisisperiodistico.com\/wp-content\/uploads\/2023\/04\/img-20230426-wa0015313701143548887149.jpg 1600w\" sizes=\"(max-width: 1024px) 100vw, 1024px\" \/><\/figure>\n\n\n\n<figure class=\"wp-block-image\"><img decoding=\"async\" width=\"1024\" height=\"768\" src=\"https:\/\/contextoanalisisperiodistico.com\/wp-content\/uploads\/2023\/04\/img-20230426-wa00133005048244714866237-1024x768.jpg\" alt=\"\" class=\"wp-image-12423\" srcset=\"https:\/\/contextoanalisisperiodistico.com\/wp-content\/uploads\/2023\/04\/img-20230426-wa00133005048244714866237-1024x768.jpg 1024w, https:\/\/contextoanalisisperiodistico.com\/wp-content\/uploads\/2023\/04\/img-20230426-wa00133005048244714866237-300x225.jpg 300w, https:\/\/contextoanalisisperiodistico.com\/wp-content\/uploads\/2023\/04\/img-20230426-wa00133005048244714866237-768x576.jpg 768w, https:\/\/contextoanalisisperiodistico.com\/wp-content\/uploads\/2023\/04\/img-20230426-wa00133005048244714866237-1536x1152.jpg 1536w, https:\/\/contextoanalisisperiodistico.com\/wp-content\/uploads\/2023\/04\/img-20230426-wa00133005048244714866237.jpg 1600w\" sizes=\"(max-width: 1024px) 100vw, 1024px\" \/><\/figure>\n\n\n\n<p>Minerva P\u00e9rez Garc\u00eda, presidenta municipal de San Pedro Pochutla.<\/p>\n\n\n\n<p>Javier Cruz Jim\u00e9nez, presidente municipal de San Pedro Mixtepec.<\/p>\n\n\n\n<p>Jos\u00e9 Hern\u00e1ndez C\u00e1rdenas, presidente municipal de Santa Mar\u00eda Huatulco.<\/p>\n\n\n\n<p>Javier Villalobos, Mayor de Mcallen, Texas, Estados Unidos de Am\u00e9rica.<\/p>\n\n\n\n<p>Diploma al M\u00e9rito: Fundaci\u00f3n Nicoatole A.C. Coraz\u00f3n Rosa A.C. Centro de Apoyo para la Educaci\u00f3n y Creatividad Calpulli A.C.<br \/>Fundaci\u00f3n NG Oaxaca A.C.<\/p>\n","protected":false},"excerpt":{"rendered":"<p>Oaxaca de Ju\u00e1rez, Oax., a 26 de abril de 2023.- Al encabezar la Sesi\u00f3n Solemne&#8230;<\/p>\n","protected":false},"author":4,"featured_media":12422,"comment_status":"closed","ping_status":"open","sticky":false,"template":"","format":"standard","meta":{"footnotes":""},"categories":[9],"tags":[],"jetpack_sharing_enabled":true,"featured_image_urls":{"full":["https:\/\/contextoanalisisperiodistico.com\/wp-content\/uploads\/2023\/04\/IMG-20230426-WA0014.jpg",1600,1067,false],"thumbnail":["https:\/\/contextoanalisisperiodistico.com\/wp-content\/uploads\/2023\/04\/IMG-20230426-WA0014-150x150.jpg",150,150,true],"medium":["https:\/\/contextoanalisisperiodistico.com\/wp-content\/uploads\/2023\/04\/IMG-20230426-WA0014-300x200.jpg",300,200,true],"medium_large":["https:\/\/contextoanalisisperiodistico.com\/wp-content\/uploads\/2023\/04\/IMG-20230426-WA0014-768x512.jpg",640,427,true],"large":["https:\/\/contextoanalisisperiodistico.com\/wp-content\/uploads\/2023\/04\/IMG-20230426-WA0014-1024x683.jpg",640,427,true],"1536x1536":["https:\/\/contextoanalisisperiodistico.com\/wp-content\/uploads\/2023\/04\/IMG-20230426-WA0014-1536x1024.jpg",1536,1024,true],"2048x2048":["https:\/\/contextoanalisisperiodistico.com\/wp-content\/uploads\/2023\/04\/IMG-20230426-WA0014.jpg",1600,1067,false],"covernews-slider-full":["https:\/\/contextoanalisisperiodistico.com\/wp-content\/uploads\/2023\/04\/IMG-20230426-WA0014-1115x715.jpg",1115,715,true],"covernews-slider-center":["https:\/\/contextoanalisisperiodistico.com\/wp-content\/uploads\/2023\/04\/IMG-20230426-WA0014-800x500.jpg",800,500,true],"covernews-featured":["https:\/\/contextoanalisisperiodistico.com\/wp-content\/uploads\/2023\/04\/IMG-20230426-WA0014-1024x683.jpg",1024,683,true],"covernews-medium":["https:\/\/contextoanalisisperiodistico.com\/wp-content\/uploads\/2023\/04\/IMG-20230426-WA0014-540x340.jpg",540,340,true],"covernews-medium-square":["https:\/\/contextoanalisisperiodistico.com\/wp-content\/uploads\/2023\/04\/IMG-20230426-WA0014-400x250.jpg",400,250,true]},"author_info":{"display_name":"Mario Gir\u00f3n","author_link":"https:\/\/contextoanalisisperiodistico.com\/index.php\/author\/director\/"},"category_info":"<a href=\"https:\/\/contextoanalisisperiodistico.com\/index.php\/category\/politica\/\" rel=\"category tag\">Pol\u00edtica<\/a>","tag_info":"Pol\u00edtica","comment_count":"0","jetpack_featured_media_url":"https:\/\/contextoanalisisperiodistico.com\/wp-content\/uploads\/2023\/04\/IMG-20230426-WA0014.jpg","_links":{"self":[{"href":"https:\/\/contextoanalisisperiodistico.com\/index.php\/wp-json\/wp\/v2\/posts\/12421"}],"collection":[{"href":"https:\/\/contextoanalisisperiodistico.com\/index.php\/wp-json\/wp\/v2\/posts"}],"about":[{"href":"https:\/\/contextoanalisisperiodistico.com\/index.php\/wp-json\/wp\/v2\/types\/post"}],"author":[{"embeddable":true,"href":"https:\/\/contextoanalisisperiodistico.com\/index.php\/wp-json\/wp\/v2\/users\/4"}],"replies":[{"embeddable":true,"href":"https:\/\/contextoanalisisperiodistico.com\/index.php\/wp-json\/wp\/v2\/comments?post=12421"}],"version-history":[{"count":1,"href":"https:\/\/contextoanalisisperiodistico.com\/index.php\/wp-json\/wp\/v2\/posts\/12421\/revisions"}],"predecessor-version":[{"id":12425,"href":"https:\/\/contextoanalisisperiodistico.com\/index.php\/wp-json\/wp\/v2\/posts\/12421\/revisions\/12425"}],"wp:featuredmedia":[{"embeddable":true,"href":"https:\/\/contextoanalisisperiodistico.com\/index.php\/wp-json\/wp\/v2\/media\/12422"}],"wp:attachment":[{"href":"https:\/\/contextoanalisisperiodistico.com\/index.php\/wp-json\/wp\/v2\/media?parent=12421"}],"wp:term":[{"taxonomy":"category","embeddable":true,"href":"https:\/\/contextoanalisisperiodistico.com\/index.php\/wp-json\/wp\/v2\/categories?post=12421"},{"taxonomy":"post_tag","embeddable":true,"href":"https:\/\/contextoanalisisperiodistico.com\/index.php\/wp-json\/wp\/v2\/tags?post=12421"}],"curies":[{"name":"wp","href":"https:\/\/api.w.org\/{rel}","templated":true}]}}