{"id":12414,"date":"2023-04-25T20:45:50","date_gmt":"2023-04-26T02:45:50","guid":{"rendered":"https:\/\/contextoanalisisperiodistico.com\/?p=12414"},"modified":"2023-04-25T20:49:23","modified_gmt":"2023-04-26T02:49:23","slug":"supera-expectativas-bidao-tsia-se-recaudan-mas-de-50-mil-juguetes-para-la-ninez-oaxaquena","status":"publish","type":"post","link":"https:\/\/contextoanalisisperiodistico.com\/index.php\/2023\/04\/25\/supera-expectativas-bidao-tsia-se-recaudan-mas-de-50-mil-juguetes-para-la-ninez-oaxaquena\/","title":{"rendered":"Supera expectativas Bidao Tsia; se recaudan m\u00e1s de 50 mil juguetes para la ni\u00f1ez oaxaque\u00f1a"},"content":{"rendered":"<div id=\"fb-root\"><\/div>\n\n<ul>\n<li>La Presidenta Honoraria del DIF Oaxaca Irma Bola\u00f1os Quijano encabez\u00f3 el cierre de la colecta con una caravana motorizada que parti\u00f3 del Museo Cret\u00e1cico hacia El Llano<\/li>\n\n\n\n<li>Los juguetes llegar\u00e1n este 30 de abril a las ocho regiones del estado gracias a la respuesta de todos los sectores de la poblaci\u00f3n<\/li>\n\n\n\n<li><br>Oaxaca de Ju\u00e1rez, Oax. 25 de abril de 2023.- En un escenario lleno de fantas\u00eda, alegr\u00eda y mucho \u00e1nimo se llev\u00f3 a cabo la caravana de cierre de la colecta \u201cBidao Tsia, un juguete, una ilusi\u00f3n\u201d, que implement\u00f3 el Sistema DIF Oaxaca, la cual parti\u00f3 del Museo Cret\u00e1cico hacia el Paseo Ju\u00e1rez \u201cEl Llano\u201d, donde se dio a conocer que se super\u00f3 la meta de los 50 mil juguetes.<\/li>\n\n\n\n<li><br>Esta gran respuesta fue gracias a la buena voluntad y cari\u00f1o de las y los oaxaque\u00f1os con las ni\u00f1as y ni\u00f1os que habitan en las zonas m\u00e1s alejadas y apartadas de las ocho regiones del estado.<\/li>\n\n\n\n<li><br>En punto de las 10 de la ma\u00f1ana, cuatro enormes dinosaurios y \u201cTachi\u201d, la mascota oficial del DIF Oaxaca, as\u00ed como otros personajes de pel\u00edculas animadas, encabezaron el recorrido de los veh\u00edculos que se integraron para atraer la atenci\u00f3n de las personas que disfrutaron de este espect\u00e1culo que se distingui\u00f3 por adornos multicolores.<\/li>\n\n\n\n<li><br>A su paso las personas adultas mayores y de distintas edades salieron de su domicilio para ser parte de este llamado a donar juguetes nuevos o usados, pero en buen estado.<\/li>\n\n\n\n<li><br>En los centros escolares, ni\u00f1as y ni\u00f1os tambi\u00e9n se contagiaron de la algarab\u00eda y el sonido de los cl\u00e1xones de los veh\u00edculos llamaban la atenci\u00f3n de los transe\u00fantes mientras las y los ciudadanos se congregaban en El Llano para depositar sus donativos en los contenedores donde los acumulaban los juguetes con miras a la celebraci\u00f3n del \u201cD\u00eda del Ni\u00f1o y la Ni\u00f1a\u201d.<\/li>\n\n\n\n<li><br>La caravana continu\u00f3 con su recorrido por Plaza Bella, Nissan Madero, el Jard\u00edn Morelos, la avenida Independencia y la Alameda de Le\u00f3n para incorporarse hacia la calle Pino Su\u00e1rez hasta llegar al Llano.<\/li>\n\n\n\n<li><br>La Presidenta Honoraria Irma Bola\u00f1os Quijano en compa\u00f1\u00eda del equipo directivo del DIF Oaxaca, comenz\u00f3 a recibir las donaciones por parte del funcionariado, comunidad estudiantil, empresariado, legisladores y poblaci\u00f3n en general que acudi\u00f3 puntual para incrementar el n\u00famero de juguetes y llegar a m\u00e1s ni\u00f1as y ni\u00f1os del estado.<\/li>\n\n\n\n<li><br>En su mensaje destac\u00f3 que ya se tiene trazada la ruta de entrega de juguetes que ser\u00e1 realizada por directoras, directores, delegadas y dem\u00e1s personal del organismo para que ning\u00fan ni\u00f1o y ni\u00f1a se quede atr\u00e1s y ninguno ni se quede afuera.<\/li>\n\n\n\n<li><br>\u201cAunque el n\u00famero de juguetes se distribuir\u00e1 de manera equitativa para las ocho regiones del estado, en esta ocasi\u00f3n se atender\u00e1n preferentemente a 167 municipios de la Mixteca, debido a que es una de las m\u00e1s grandes en cuanto a territorio y por las condiciones de pobreza y rezago que enfrentan, pues es prioridad del Gobierno del Estado atenderles y hacer efectivos todos sus derechos para que prevalezca el bienestar de toda la poblaci\u00f3n\u201d, destac\u00f3.<\/li>\n\n\n\n<li><br>Esta celebraci\u00f3n se convirti\u00f3 en una fiesta de amor y solidaridad de las oaxaque\u00f1as y oaxaque\u00f1os que gustosos se acercaron a depositar sus juguetes.<br>El \u00e1nimo se increment\u00f3 con la participaci\u00f3n de la Banda Infantil y Juvenil de la Casa de la Cultura Oaxaque\u00f1a, cuyos m\u00fasicos y bailarines deleitaron al p\u00fablico con la interpretaci\u00f3n del Jarabe Mixteco, as\u00ed como con el Son Calenda y Flor de Pi\u00f1a.<\/li>\n\n\n\n<li><br>Por la tarde se cerr\u00f3 la colecta satisfactoriamente y la iniciativa result\u00f3 un \u00e9xito porque cumplir\u00e1 su misi\u00f3n: provocar una sonrisa y llevar alegr\u00eda a las ni\u00f1as y ni\u00f1os de Oaxaca.<\/li>\n\n\n\n<li><br>Aunque este martes concluy\u00f3 de manera oficial la colecta de Bidao Tsia, las personas pueden acudir a realizar sus donativos hasta el viernes 28 de abril a las oficinas que ocupa la Direcci\u00f3n de Vinculaci\u00f3n, en el edificio central localizado en la calle Vicente Guerrero n\u00famero 114 de la colonia Miguel Alem\u00e1n en la capital oaxaque\u00f1a.<\/li>\n<\/ul>\n\n\n\n<figure class=\"wp-block-image size-large\"><img fetchpriority=\"high\" decoding=\"async\" width=\"1024\" height=\"682\" src=\"https:\/\/contextoanalisisperiodistico.com\/wp-content\/uploads\/2023\/04\/img-20230425-wa01477559572864051396910-1024x682.jpg\" alt=\"\" class=\"wp-image-12417\" srcset=\"https:\/\/contextoanalisisperiodistico.com\/wp-content\/uploads\/2023\/04\/img-20230425-wa01477559572864051396910-1024x682.jpg 1024w, https:\/\/contextoanalisisperiodistico.com\/wp-content\/uploads\/2023\/04\/img-20230425-wa01477559572864051396910-300x200.jpg 300w, https:\/\/contextoanalisisperiodistico.com\/wp-content\/uploads\/2023\/04\/img-20230425-wa01477559572864051396910-768x512.jpg 768w, https:\/\/contextoanalisisperiodistico.com\/wp-content\/uploads\/2023\/04\/img-20230425-wa01477559572864051396910-1536x1023.jpg 1536w, https:\/\/contextoanalisisperiodistico.com\/wp-content\/uploads\/2023\/04\/img-20230425-wa01477559572864051396910.jpg 1600w\" sizes=\"(max-width: 1024px) 100vw, 1024px\" \/><\/figure>\n\n\n\n<figure class=\"wp-block-image\"><img decoding=\"async\" width=\"1024\" height=\"682\" src=\"https:\/\/contextoanalisisperiodistico.com\/wp-content\/uploads\/2023\/04\/img-20230425-wa01445900247054369329058-1024x682.jpg\" alt=\"\" class=\"wp-image-12419\" srcset=\"https:\/\/contextoanalisisperiodistico.com\/wp-content\/uploads\/2023\/04\/img-20230425-wa01445900247054369329058-1024x682.jpg 1024w, https:\/\/contextoanalisisperiodistico.com\/wp-content\/uploads\/2023\/04\/img-20230425-wa01445900247054369329058-300x200.jpg 300w, https:\/\/contextoanalisisperiodistico.com\/wp-content\/uploads\/2023\/04\/img-20230425-wa01445900247054369329058-768x512.jpg 768w, https:\/\/contextoanalisisperiodistico.com\/wp-content\/uploads\/2023\/04\/img-20230425-wa01445900247054369329058-1536x1023.jpg 1536w, https:\/\/contextoanalisisperiodistico.com\/wp-content\/uploads\/2023\/04\/img-20230425-wa01445900247054369329058.jpg 1600w\" sizes=\"(max-width: 1024px) 100vw, 1024px\" \/><\/figure>\n\n\n\n<figure class=\"wp-block-image\"><img decoding=\"async\" width=\"1024\" height=\"682\" src=\"https:\/\/contextoanalisisperiodistico.com\/wp-content\/uploads\/2023\/04\/img-20230425-wa01456498342492359672842-1024x682.jpg\" alt=\"\" class=\"wp-image-12418\" srcset=\"https:\/\/contextoanalisisperiodistico.com\/wp-content\/uploads\/2023\/04\/img-20230425-wa01456498342492359672842-1024x682.jpg 1024w, https:\/\/contextoanalisisperiodistico.com\/wp-content\/uploads\/2023\/04\/img-20230425-wa01456498342492359672842-300x200.jpg 300w, https:\/\/contextoanalisisperiodistico.com\/wp-content\/uploads\/2023\/04\/img-20230425-wa01456498342492359672842-768x512.jpg 768w, https:\/\/contextoanalisisperiodistico.com\/wp-content\/uploads\/2023\/04\/img-20230425-wa01456498342492359672842-1536x1023.jpg 1536w, https:\/\/contextoanalisisperiodistico.com\/wp-content\/uploads\/2023\/04\/img-20230425-wa01456498342492359672842.jpg 1600w\" sizes=\"(max-width: 1024px) 100vw, 1024px\" \/><\/figure>\n","protected":false},"excerpt":{"rendered":"","protected":false},"author":4,"featured_media":12416,"comment_status":"closed","ping_status":"open","sticky":false,"template":"","format":"standard","meta":{"footnotes":""},"categories":[9],"tags":[],"jetpack_sharing_enabled":true,"featured_image_urls":{"full":["https:\/\/contextoanalisisperiodistico.com\/wp-content\/uploads\/2023\/04\/IMG-20230425-WA0146.jpg",1600,1066,false],"thumbnail":["https:\/\/contextoanalisisperiodistico.com\/wp-content\/uploads\/2023\/04\/IMG-20230425-WA0146-150x150.jpg",150,150,true],"medium":["https:\/\/contextoanalisisperiodistico.com\/wp-content\/uploads\/2023\/04\/IMG-20230425-WA0146-300x200.jpg",300,200,true],"medium_large":["https:\/\/contextoanalisisperiodistico.com\/wp-content\/uploads\/2023\/04\/IMG-20230425-WA0146-768x512.jpg",640,427,true],"large":["https:\/\/contextoanalisisperiodistico.com\/wp-content\/uploads\/2023\/04\/IMG-20230425-WA0146-1024x682.jpg",640,426,true],"1536x1536":["https:\/\/contextoanalisisperiodistico.com\/wp-content\/uploads\/2023\/04\/IMG-20230425-WA0146-1536x1023.jpg",1536,1023,true],"2048x2048":["https:\/\/contextoanalisisperiodistico.com\/wp-content\/uploads\/2023\/04\/IMG-20230425-WA0146.jpg",1600,1066,false],"covernews-slider-full":["https:\/\/contextoanalisisperiodistico.com\/wp-content\/uploads\/2023\/04\/IMG-20230425-WA0146-1115x715.jpg",1115,715,true],"covernews-slider-center":["https:\/\/contextoanalisisperiodistico.com\/wp-content\/uploads\/2023\/04\/IMG-20230425-WA0146-800x500.jpg",800,500,true],"covernews-featured":["https:\/\/contextoanalisisperiodistico.com\/wp-content\/uploads\/2023\/04\/IMG-20230425-WA0146-1024x682.jpg",1024,682,true],"covernews-medium":["https:\/\/contextoanalisisperiodistico.com\/wp-content\/uploads\/2023\/04\/IMG-20230425-WA0146-540x340.jpg",540,340,true],"covernews-medium-square":["https:\/\/contextoanalisisperiodistico.com\/wp-content\/uploads\/2023\/04\/IMG-20230425-WA0146-400x250.jpg",400,250,true]},"author_info":{"display_name":"Mario Gir\u00f3n","author_link":"https:\/\/contextoanalisisperiodistico.com\/index.php\/author\/director\/"},"category_info":"<a href=\"https:\/\/contextoanalisisperiodistico.com\/index.php\/category\/politica\/\" rel=\"category tag\">Pol\u00edtica<\/a>","tag_info":"Pol\u00edtica","comment_count":"0","jetpack_featured_media_url":"https:\/\/contextoanalisisperiodistico.com\/wp-content\/uploads\/2023\/04\/IMG-20230425-WA0146.jpg","_links":{"self":[{"href":"https:\/\/contextoanalisisperiodistico.com\/index.php\/wp-json\/wp\/v2\/posts\/12414"}],"collection":[{"href":"https:\/\/contextoanalisisperiodistico.com\/index.php\/wp-json\/wp\/v2\/posts"}],"about":[{"href":"https:\/\/contextoanalisisperiodistico.com\/index.php\/wp-json\/wp\/v2\/types\/post"}],"author":[{"embeddable":true,"href":"https:\/\/contextoanalisisperiodistico.com\/index.php\/wp-json\/wp\/v2\/users\/4"}],"replies":[{"embeddable":true,"href":"https:\/\/contextoanalisisperiodistico.com\/index.php\/wp-json\/wp\/v2\/comments?post=12414"}],"version-history":[{"count":1,"href":"https:\/\/contextoanalisisperiodistico.com\/index.php\/wp-json\/wp\/v2\/posts\/12414\/revisions"}],"predecessor-version":[{"id":12420,"href":"https:\/\/contextoanalisisperiodistico.com\/index.php\/wp-json\/wp\/v2\/posts\/12414\/revisions\/12420"}],"wp:featuredmedia":[{"embeddable":true,"href":"https:\/\/contextoanalisisperiodistico.com\/index.php\/wp-json\/wp\/v2\/media\/12416"}],"wp:attachment":[{"href":"https:\/\/contextoanalisisperiodistico.com\/index.php\/wp-json\/wp\/v2\/media?parent=12414"}],"wp:term":[{"taxonomy":"category","embeddable":true,"href":"https:\/\/contextoanalisisperiodistico.com\/index.php\/wp-json\/wp\/v2\/categories?post=12414"},{"taxonomy":"post_tag","embeddable":true,"href":"https:\/\/contextoanalisisperiodistico.com\/index.php\/wp-json\/wp\/v2\/tags?post=12414"}],"curies":[{"name":"wp","href":"https:\/\/api.w.org\/{rel}","templated":true}]}}