{"id":12400,"date":"2023-04-25T18:41:29","date_gmt":"2023-04-26T00:41:29","guid":{"rendered":"https:\/\/contextoanalisisperiodistico.com\/?p=12400"},"modified":"2023-04-25T18:41:40","modified_gmt":"2023-04-26T00:41:40","slug":"con-trabajo-es-honrado-el-491-aniversario-de-la-cd-de-oaxaca-martinez-neri","status":"publish","type":"post","link":"https:\/\/contextoanalisisperiodistico.com\/index.php\/2023\/04\/25\/con-trabajo-es-honrado-el-491-aniversario-de-la-cd-de-oaxaca-martinez-neri\/","title":{"rendered":"Con trabajo es honrado el 491 aniversario de la Cd de Oaxaca: Mart\u00ednez Neri"},"content":{"rendered":"<div id=\"fb-root\"><\/div>\n\n<ul>\n<li>El Presidente Municipal entrega una Alameda dedicada al disfrute de las familias.<\/li>\n<\/ul>\n\n\n\n<p>Oaxaca de Ju\u00e1rez, Oax., a 25 de abril de 2023.- Bajo el coro de miles de oaxaque\u00f1as y oaxaque\u00f1os que cantaron las tradicionales ma\u00f1anitas, el ta\u00f1er de las campanas de la catedral metropolitana y los ancestrales sonidos de la chirim\u00eda, la ciudad de Oaxaca de Ju\u00e1rez celebr\u00f3 su 491 aniversario.<\/p>\n\n\n\n<p>Este d\u00eda de fiesta fueron entregadas la rehabilitaci\u00f3n y restauraci\u00f3n en su primera y segunda etapa de la Alameda de Le\u00f3n, una obra dise\u00f1ada y realizada para disfrute de todas y todos, de manera inclusiva, dando nueva vida a este ic\u00f3nico lugar. Adem\u00e1s, se le hizo la entrega de nueve pilas y una fuente, las cuales se encontraban en total abandono desde hace muchos a\u00f1os. La comuni\u00f3n de esfuerzos de la autoridad municipal y la Asociaci\u00f3n Civil \u201cGeneraci\u00f3n 60\u201d, hicieron posible lograrlo.<\/p>\n\n\n\n<p>Al entregar las obras a la ciudadan\u00eda, el edil capitalino, Francisco Mart\u00ednez Neri, destac\u00f3 la importancia de crear espacios p\u00fablicos seguros, inclusivos, sostenibles y de calidad que fomenten la interacci\u00f3n social y la inclusi\u00f3n de todas y todos.<\/p>\n\n\n\n<p>La restauraci\u00f3n y rehabilitaci\u00f3n de la Alameda de Le\u00f3n, un espacio cargado de muchos significados hist\u00f3ricos, tuvo un costo de m\u00e1s de 5 millones 113 mil pesos y cumpli\u00f3 con todas las licencias correspondientes del Instituto Nacional de Antropolog\u00eda e Historia (INAH). Fue dedicada al peat\u00f3n para su libre tr\u00e1nsito con accesibilidad para todos los sectores de la poblaci\u00f3n, incluyendo a los infantes, adultos mayores y personas con discapacidad.<\/p>\n\n\n\n<p>En el marco de la celebraci\u00f3n, Mart\u00ednez Neri entreg\u00f3 m\u00e1s obras a la ciudad, incluyendo la pila de San Felipe Neri, la pila del Salmo, siete pilas m\u00e1s y una fuente. Estas obras fueron rehabilitadas gracias al programa \u00abGranito de Arena\u00bb con la aportaci\u00f3n de la Asociaci\u00f3n Civil Generaci\u00f3n 60.<\/p>\n\n\n\n<p>Durante su discurso, el primer concejal destac\u00f3 la importancia de conservar y respetar la ciudad, prometi\u00e9ndose a trabajar para mantenerla limpia, al mismo tiempo que la ciudadan\u00eda la cuide y quiera.<\/p>\n\n\n\n<p>En lugar de celebrar solo con fiestas, el edil capitalino puntualiz\u00f3 la importancia de honrar la ciudad con trabajo. \u201cVamos a homenajearte con trabajo y no solamente como fiesta\u201d.<\/p>\n\n\n\n<p>REHABILITACI\u00d3N DE JARD\u00cdN MADERO, PARA DISFRUTE DE LAS FAMILIAS<\/p>\n\n\n\n<p>Cabe mencionar que los festejos por el Aniversario de la Ciudad iniciaron hace unos d\u00edas con la inauguraci\u00f3n del parque \u201cJard\u00edn Madero\u201d, rehabilit\u00e1ndolo para el disfrute de ni\u00f1as, ni\u00f1os, j\u00f3venes y adultos del municipio capitalino. Hoy ese parque es un espacio de esparcimiento familiar.<\/p>\n\n\n\n<p>La entrega de estas obras fue un regalo para la ciudad y la comunidad, demostrando el compromiso del gobierno municipal de Oaxaca de Ju\u00e1rez para mejorar la calidad de vida de sus ciudadanos y mantener la belleza hist\u00f3rica de la ciudad.<\/p>\n\n\n\n<figure class=\"wp-block-image size-large\"><img fetchpriority=\"high\" decoding=\"async\" width=\"1024\" height=\"683\" src=\"https:\/\/contextoanalisisperiodistico.com\/wp-content\/uploads\/2023\/04\/img-20230425-wa01292384658798646890819-1024x683.jpg\" alt=\"\" class=\"wp-image-12402\" srcset=\"https:\/\/contextoanalisisperiodistico.com\/wp-content\/uploads\/2023\/04\/img-20230425-wa01292384658798646890819-1024x683.jpg 1024w, https:\/\/contextoanalisisperiodistico.com\/wp-content\/uploads\/2023\/04\/img-20230425-wa01292384658798646890819-300x200.jpg 300w, https:\/\/contextoanalisisperiodistico.com\/wp-content\/uploads\/2023\/04\/img-20230425-wa01292384658798646890819-768x512.jpg 768w, https:\/\/contextoanalisisperiodistico.com\/wp-content\/uploads\/2023\/04\/img-20230425-wa01292384658798646890819-1536x1024.jpg 1536w, https:\/\/contextoanalisisperiodistico.com\/wp-content\/uploads\/2023\/04\/img-20230425-wa01292384658798646890819.jpg 1600w\" sizes=\"(max-width: 1024px) 100vw, 1024px\" \/><\/figure>\n\n\n\n<figure class=\"wp-block-image\"><img decoding=\"async\" width=\"1024\" height=\"683\" src=\"https:\/\/contextoanalisisperiodistico.com\/wp-content\/uploads\/2023\/04\/img-20230425-wa0128738420009660531236-1024x683.jpg\" alt=\"\" class=\"wp-image-12404\" srcset=\"https:\/\/contextoanalisisperiodistico.com\/wp-content\/uploads\/2023\/04\/img-20230425-wa0128738420009660531236-1024x683.jpg 1024w, https:\/\/contextoanalisisperiodistico.com\/wp-content\/uploads\/2023\/04\/img-20230425-wa0128738420009660531236-300x200.jpg 300w, https:\/\/contextoanalisisperiodistico.com\/wp-content\/uploads\/2023\/04\/img-20230425-wa0128738420009660531236-768x512.jpg 768w, https:\/\/contextoanalisisperiodistico.com\/wp-content\/uploads\/2023\/04\/img-20230425-wa0128738420009660531236-1536x1024.jpg 1536w, https:\/\/contextoanalisisperiodistico.com\/wp-content\/uploads\/2023\/04\/img-20230425-wa0128738420009660531236.jpg 1600w\" sizes=\"(max-width: 1024px) 100vw, 1024px\" \/><\/figure>\n\n\n\n<figure class=\"wp-block-image\"><img decoding=\"async\" width=\"1024\" height=\"573\" src=\"https:\/\/contextoanalisisperiodistico.com\/wp-content\/uploads\/2023\/04\/img-20230425-wa01277024501899729369098-1024x573.jpg\" alt=\"\" class=\"wp-image-12403\" srcset=\"https:\/\/contextoanalisisperiodistico.com\/wp-content\/uploads\/2023\/04\/img-20230425-wa01277024501899729369098-1024x573.jpg 1024w, https:\/\/contextoanalisisperiodistico.com\/wp-content\/uploads\/2023\/04\/img-20230425-wa01277024501899729369098-300x168.jpg 300w, https:\/\/contextoanalisisperiodistico.com\/wp-content\/uploads\/2023\/04\/img-20230425-wa01277024501899729369098-768x430.jpg 768w, https:\/\/contextoanalisisperiodistico.com\/wp-content\/uploads\/2023\/04\/img-20230425-wa01277024501899729369098.jpg 1400w\" sizes=\"(max-width: 1024px) 100vw, 1024px\" \/><\/figure>\n","protected":false},"excerpt":{"rendered":"<p>Oaxaca de Ju\u00e1rez, Oax., a 25 de abril de 2023.- Bajo el coro de miles&#8230;<\/p>\n","protected":false},"author":4,"featured_media":12401,"comment_status":"closed","ping_status":"open","sticky":false,"template":"","format":"standard","meta":{"footnotes":""},"categories":[9],"tags":[],"jetpack_sharing_enabled":true,"featured_image_urls":{"full":["https:\/\/contextoanalisisperiodistico.com\/wp-content\/uploads\/2023\/04\/IMG-20230425-WA0130.jpg",1280,1088,false],"thumbnail":["https:\/\/contextoanalisisperiodistico.com\/wp-content\/uploads\/2023\/04\/IMG-20230425-WA0130-150x150.jpg",150,150,true],"medium":["https:\/\/contextoanalisisperiodistico.com\/wp-content\/uploads\/2023\/04\/IMG-20230425-WA0130-300x255.jpg",300,255,true],"medium_large":["https:\/\/contextoanalisisperiodistico.com\/wp-content\/uploads\/2023\/04\/IMG-20230425-WA0130-768x653.jpg",640,544,true],"large":["https:\/\/contextoanalisisperiodistico.com\/wp-content\/uploads\/2023\/04\/IMG-20230425-WA0130-1024x870.jpg",640,544,true],"1536x1536":["https:\/\/contextoanalisisperiodistico.com\/wp-content\/uploads\/2023\/04\/IMG-20230425-WA0130.jpg",1280,1088,false],"2048x2048":["https:\/\/contextoanalisisperiodistico.com\/wp-content\/uploads\/2023\/04\/IMG-20230425-WA0130.jpg",1280,1088,false],"covernews-slider-full":["https:\/\/contextoanalisisperiodistico.com\/wp-content\/uploads\/2023\/04\/IMG-20230425-WA0130-1115x715.jpg",1115,715,true],"covernews-slider-center":["https:\/\/contextoanalisisperiodistico.com\/wp-content\/uploads\/2023\/04\/IMG-20230425-WA0130-800x500.jpg",800,500,true],"covernews-featured":["https:\/\/contextoanalisisperiodistico.com\/wp-content\/uploads\/2023\/04\/IMG-20230425-WA0130-1024x870.jpg",1024,870,true],"covernews-medium":["https:\/\/contextoanalisisperiodistico.com\/wp-content\/uploads\/2023\/04\/IMG-20230425-WA0130-540x340.jpg",540,340,true],"covernews-medium-square":["https:\/\/contextoanalisisperiodistico.com\/wp-content\/uploads\/2023\/04\/IMG-20230425-WA0130-400x250.jpg",400,250,true]},"author_info":{"display_name":"Mario Gir\u00f3n","author_link":"https:\/\/contextoanalisisperiodistico.com\/index.php\/author\/director\/"},"category_info":"<a href=\"https:\/\/contextoanalisisperiodistico.com\/index.php\/category\/politica\/\" rel=\"category tag\">Pol\u00edtica<\/a>","tag_info":"Pol\u00edtica","comment_count":"0","jetpack_featured_media_url":"https:\/\/contextoanalisisperiodistico.com\/wp-content\/uploads\/2023\/04\/IMG-20230425-WA0130.jpg","_links":{"self":[{"href":"https:\/\/contextoanalisisperiodistico.com\/index.php\/wp-json\/wp\/v2\/posts\/12400"}],"collection":[{"href":"https:\/\/contextoanalisisperiodistico.com\/index.php\/wp-json\/wp\/v2\/posts"}],"about":[{"href":"https:\/\/contextoanalisisperiodistico.com\/index.php\/wp-json\/wp\/v2\/types\/post"}],"author":[{"embeddable":true,"href":"https:\/\/contextoanalisisperiodistico.com\/index.php\/wp-json\/wp\/v2\/users\/4"}],"replies":[{"embeddable":true,"href":"https:\/\/contextoanalisisperiodistico.com\/index.php\/wp-json\/wp\/v2\/comments?post=12400"}],"version-history":[{"count":1,"href":"https:\/\/contextoanalisisperiodistico.com\/index.php\/wp-json\/wp\/v2\/posts\/12400\/revisions"}],"predecessor-version":[{"id":12405,"href":"https:\/\/contextoanalisisperiodistico.com\/index.php\/wp-json\/wp\/v2\/posts\/12400\/revisions\/12405"}],"wp:featuredmedia":[{"embeddable":true,"href":"https:\/\/contextoanalisisperiodistico.com\/index.php\/wp-json\/wp\/v2\/media\/12401"}],"wp:attachment":[{"href":"https:\/\/contextoanalisisperiodistico.com\/index.php\/wp-json\/wp\/v2\/media?parent=12400"}],"wp:term":[{"taxonomy":"category","embeddable":true,"href":"https:\/\/contextoanalisisperiodistico.com\/index.php\/wp-json\/wp\/v2\/categories?post=12400"},{"taxonomy":"post_tag","embeddable":true,"href":"https:\/\/contextoanalisisperiodistico.com\/index.php\/wp-json\/wp\/v2\/tags?post=12400"}],"curies":[{"name":"wp","href":"https:\/\/api.w.org\/{rel}","templated":true}]}}