{"id":1240,"date":"2022-03-09T17:03:21","date_gmt":"2022-03-09T23:03:21","guid":{"rendered":"http:\/\/contextoanalisisperiodistico.com.mx\/2022\/03\/09\/congreso-del-estado-pide-al-gobernador-garantice-gobernabilidad-e-imparcialidad-en-elecciones-extraordinarias-en-mitla\/"},"modified":"2022-03-09T17:03:21","modified_gmt":"2022-03-09T23:03:21","slug":"congreso-del-estado-pide-al-gobernador-garantice-gobernabilidad-e-imparcialidad-en-elecciones-extraordinarias-en-mitla","status":"publish","type":"post","link":"https:\/\/contextoanalisisperiodistico.com\/index.php\/2022\/03\/09\/congreso-del-estado-pide-al-gobernador-garantice-gobernabilidad-e-imparcialidad-en-elecciones-extraordinarias-en-mitla\/","title":{"rendered":"CONGRESO DEL ESTADO PIDE AL GOBERNADOR GARANTICE GOBERNABILIDAD E IMPARCIALIDAD EN ELECCIONES EXTRAORDINARIAS EN MITLA"},"content":{"rendered":"<div id=\"fb-root\"><\/div>\n\n<p>Por obvia y urgente resoluci\u00f3n, el pleno del Congreso del Estado aprob\u00f3 por mayor\u00eda, el punto de acuerdo por el cual las y los legisladores de todos los partidos pol\u00edticos exhortan al titular del Poder Ejecutivo, Alejandro Murat Hinojosa para que garantice la imparcialidad y el estado de gobernabilidad durante el proceso electoral extraordinario del municipio de San Pablo Villa de Mitla, luego de que el Secretar\u00eda General de Gobierno, Francisco Javier Garc\u00eda L\u00f3pez design\u00f3 al ex candidato a esa alcald\u00eda, Esau L\u00f3pez Quero como comisionado municipal.<\/p>\n\n\n\n<p>La proposici\u00f3n con punto de acuerdo, expone que la designaci\u00f3n del ex candidato priista, \u201ccompromete las condiciones de equidad necesarias para el desarrollo del proceso electoral extraordinario 2022\u201d.<\/p>\n\n\n\n<p>Por lo cual, el punto de acuerdo, apoyado por los legisladores de todos los partidos pol\u00edticos, exhorta al Instituto Estatal Electoral y de Participaci\u00f3n Ciudadana para que, dentro del marco de sus atribuciones, garantice el desarrollo del proceso electoral extraordinario 2022 en el municipio de San Pablo Villa de Mitla, en plena observancia a los principios de imparcialidad, independencia, legalidad y objetividad.<\/p>\n\n\n\n<p>Cabe destacar que el Comit\u00e9 Directivo Estatal del Partido Acci\u00f3n Nacional, en la v\u00edspera hab\u00eda expresado su total rechazo a este nombramiento, luego de recordar que Esau L\u00f3pez Quero fue sancionado por el Tribunal Electoral del Poder Judicial de la Federaci\u00f3n por rebasar topes de campa\u00f1a, por compra de votos y diversas irregularidades cometidas en el pasado proceso electoral.<\/p>\n\n\n\n<p>El diputado Leonardo D\u00edaz Jimenez y la legisladora Natividad D\u00edaz Jim\u00e9nez as\u00ed como el dirigente estatal del CDE panista, Marco Antonio Candelaria Castillo coincidieron en se\u00f1alar que pese a la serie de actos ilegales cometidos por L\u00f3pez Quero, y que derivo en la realizaci\u00f3n de nuevas elecciones en esa comunidad, el gobierno estatal pretende imponer por la fuerza a quien violenta las garant\u00edas del pueblo de Mitla.<\/p>\n\n\n\n<p>El diputado Leonardo D\u00edaz Jimenez, desde tribuna, pidi\u00f3 rectificar el rumbo y \u201cdesde el Congreso del Estado, debemos llamar a la raz\u00f3n para que los municipios elijan democratica y libremente a sus autoridades municipales, sobre todo en el caso de Mitla donde hay un evidente conflilcto de inter\u00e9s, quien ahora est\u00e1 encargado de garantizar la imparcialidad, es juez y parte, adem\u00e1s fue sancionado por violar esas mismas garant\u00edas\u201d.<\/p>\n\n\n\n<p>Por ello, respaldaron la petici\u00f3n del Congreso Estatal para que las y los habitantes de Mitla ejerzan libremente su derecho a votar y reiteraron que estar\u00e1n vigilantes del desarrollo del proceso electoral, pues en esas condiciones no hay imparcialidad.<\/p>\n\n\n\n<figure class=\"wp-block-image size-large\"><img decoding=\"async\" src=\"https:\/\/contextoinformacionyanalisisperiodistico.files.wordpress.com\/2022\/03\/img-20220309-wa0055.jpg?w=1024\" alt=\"\" class=\"wp-image-1239\" \/><\/figure>\n","protected":false},"excerpt":{"rendered":"<p>Por obvia y urgente resoluci\u00f3n, el pleno del Congreso del Estado aprob\u00f3 por mayor\u00eda, el&#8230;<\/p>\n","protected":false},"author":2,"featured_media":1238,"comment_status":"open","ping_status":"open","sticky":false,"template":"","format":"standard","meta":{"footnotes":""},"categories":[6,7,9],"tags":[],"jetpack_sharing_enabled":true,"featured_image_urls":{"full":"","thumbnail":"","medium":"","medium_large":"","large":"","1536x1536":"","2048x2048":"","covernews-slider-full":"","covernews-slider-center":"","covernews-featured":"","covernews-medium":"","covernews-medium-square":""},"author_info":{"display_name":"Miguel","author_link":"https:\/\/contextoanalisisperiodistico.com\/index.php\/author\/editor\/"},"category_info":"<a href=\"https:\/\/contextoanalisisperiodistico.com\/index.php\/category\/legislatura\/\" rel=\"category tag\">Legislatura<\/a> <a href=\"https:\/\/contextoanalisisperiodistico.com\/index.php\/category\/municipios\/\" rel=\"category tag\">Municipios<\/a> <a href=\"https:\/\/contextoanalisisperiodistico.com\/index.php\/category\/politica\/\" rel=\"category tag\">Pol\u00edtica<\/a>","tag_info":"Pol\u00edtica","comment_count":"0","jetpack_featured_media_url":"","_links":{"self":[{"href":"https:\/\/contextoanalisisperiodistico.com\/index.php\/wp-json\/wp\/v2\/posts\/1240"}],"collection":[{"href":"https:\/\/contextoanalisisperiodistico.com\/index.php\/wp-json\/wp\/v2\/posts"}],"about":[{"href":"https:\/\/contextoanalisisperiodistico.com\/index.php\/wp-json\/wp\/v2\/types\/post"}],"author":[{"embeddable":true,"href":"https:\/\/contextoanalisisperiodistico.com\/index.php\/wp-json\/wp\/v2\/users\/2"}],"replies":[{"embeddable":true,"href":"https:\/\/contextoanalisisperiodistico.com\/index.php\/wp-json\/wp\/v2\/comments?post=1240"}],"version-history":[{"count":0,"href":"https:\/\/contextoanalisisperiodistico.com\/index.php\/wp-json\/wp\/v2\/posts\/1240\/revisions"}],"wp:featuredmedia":[{"embeddable":true,"href":"https:\/\/contextoanalisisperiodistico.com\/index.php\/wp-json\/"}],"wp:attachment":[{"href":"https:\/\/contextoanalisisperiodistico.com\/index.php\/wp-json\/wp\/v2\/media?parent=1240"}],"wp:term":[{"taxonomy":"category","embeddable":true,"href":"https:\/\/contextoanalisisperiodistico.com\/index.php\/wp-json\/wp\/v2\/categories?post=1240"},{"taxonomy":"post_tag","embeddable":true,"href":"https:\/\/contextoanalisisperiodistico.com\/index.php\/wp-json\/wp\/v2\/tags?post=1240"}],"curies":[{"name":"wp","href":"https:\/\/api.w.org\/{rel}","templated":true}]}}