{"id":12396,"date":"2023-04-25T18:26:07","date_gmt":"2023-04-26T00:26:07","guid":{"rendered":"https:\/\/contextoanalisisperiodistico.com\/?p=12396"},"modified":"2023-04-25T18:26:13","modified_gmt":"2023-04-26T00:26:13","slug":"pri-y-pan-presentan-solicitud-de-audiencia-al-gobierno-estatal-ante-falta-de-atencion-a-demandas-sociales","status":"publish","type":"post","link":"https:\/\/contextoanalisisperiodistico.com\/index.php\/2023\/04\/25\/pri-y-pan-presentan-solicitud-de-audiencia-al-gobierno-estatal-ante-falta-de-atencion-a-demandas-sociales\/","title":{"rendered":"PRI y PAN presentan solicitud de audiencia al gobierno estatal ante falta de atenci\u00f3n a demandas sociales"},"content":{"rendered":"<div id=\"fb-root\"><\/div>\n\n<p>*No descarta las movilizaciones, en caso de no ser atendidos, como \u00faltimo recurso<\/p>\n\n\n\n<p>La presidenta estatal de Acci\u00f3n Nacional, Perla Woolrich Fern\u00e1ndez, inform\u00f3 que junto con representantes del Partido Revolucionario Institucional (PRI), presentaron una solicitud por escrito al gobierno del estado, para establecer una mesa de di\u00e1logo a fin de que las autoridades municipales emanadas de ambos institutos pol\u00edticos sean escuchadas y atendidas.<\/p>\n\n\n\n<p>Dijo que ante la falta de resultados para atender diversas problem\u00e1ticas municipales, se hace necesario hacer esta petici\u00f3n y que los habitantes de forma democr\u00e1tica obtengan beneficio de un presupuesto estatal y p\u00fablico.<\/p>\n\n\n\n<p>Se\u00f1al\u00f3 que las poblaciones referidas gobernadas por autoridades de PAN y del PRI, requieren obras para tener acceso al agua potable, drenaje, otros requieren escuelas, servicios de salud y m\u00e9dicos.<\/p>\n\n\n\n<p>\u201cPero como no pertenecen a morena, se les niega ese derecho y en lugar de atender estas necesidades, el Gobernador Salom\u00f3n Jara presenta un nuevo programa electorero, como es una tarjeta que dar\u00e1 recursos a mujeres, que no resuelve de fondo la pobreza extrema pero se vuelve un mecanismo para comprar votos\u201d.<\/p>\n\n\n\n<p>En su conferencia \u201cLa hora del PAN y el caf\u00e9, con Perla Woolrich\u201d, la dirigente se\u00f1al\u00f3 que \u201csino hay respuesta se tendr\u00e1 que recurrir a medidas como son las movilizaciones, no somos partidarios de afectar a terceros, pero si nos obligan tendremos que hacerlo, esa es la escuela que ense\u00f1a morena\u201d.<\/p>\n\n\n\n<figure class=\"wp-block-image size-large\"><img fetchpriority=\"high\" decoding=\"async\" width=\"1024\" height=\"768\" src=\"https:\/\/contextoanalisisperiodistico.com\/wp-content\/uploads\/2023\/04\/img-20230425-wa01221216885670004692675.jpg\" alt=\"\" class=\"wp-image-12398\" srcset=\"https:\/\/contextoanalisisperiodistico.com\/wp-content\/uploads\/2023\/04\/img-20230425-wa01221216885670004692675.jpg 1024w, https:\/\/contextoanalisisperiodistico.com\/wp-content\/uploads\/2023\/04\/img-20230425-wa01221216885670004692675-300x225.jpg 300w, https:\/\/contextoanalisisperiodistico.com\/wp-content\/uploads\/2023\/04\/img-20230425-wa01221216885670004692675-768x576.jpg 768w\" sizes=\"(max-width: 1024px) 100vw, 1024px\" \/><\/figure>\n","protected":false},"excerpt":{"rendered":"<p>*No descarta las movilizaciones, en caso de no ser atendidos, como \u00faltimo recurso La presidenta&#8230;<\/p>\n","protected":false},"author":4,"featured_media":12397,"comment_status":"closed","ping_status":"open","sticky":false,"template":"","format":"standard","meta":{"footnotes":""},"categories":[9],"tags":[],"jetpack_sharing_enabled":true,"featured_image_urls":{"full":["https:\/\/contextoanalisisperiodistico.com\/wp-content\/uploads\/2023\/04\/IMG-20230425-WA0123.jpg",1024,768,false],"thumbnail":["https:\/\/contextoanalisisperiodistico.com\/wp-content\/uploads\/2023\/04\/IMG-20230425-WA0123-150x150.jpg",150,150,true],"medium":["https:\/\/contextoanalisisperiodistico.com\/wp-content\/uploads\/2023\/04\/IMG-20230425-WA0123-300x225.jpg",300,225,true],"medium_large":["https:\/\/contextoanalisisperiodistico.com\/wp-content\/uploads\/2023\/04\/IMG-20230425-WA0123-768x576.jpg",640,480,true],"large":["https:\/\/contextoanalisisperiodistico.com\/wp-content\/uploads\/2023\/04\/IMG-20230425-WA0123.jpg",640,480,false],"1536x1536":["https:\/\/contextoanalisisperiodistico.com\/wp-content\/uploads\/2023\/04\/IMG-20230425-WA0123.jpg",1024,768,false],"2048x2048":["https:\/\/contextoanalisisperiodistico.com\/wp-content\/uploads\/2023\/04\/IMG-20230425-WA0123.jpg",1024,768,false],"covernews-slider-full":["https:\/\/contextoanalisisperiodistico.com\/wp-content\/uploads\/2023\/04\/IMG-20230425-WA0123-1024x715.jpg",1024,715,true],"covernews-slider-center":["https:\/\/contextoanalisisperiodistico.com\/wp-content\/uploads\/2023\/04\/IMG-20230425-WA0123-800x500.jpg",800,500,true],"covernews-featured":["https:\/\/contextoanalisisperiodistico.com\/wp-content\/uploads\/2023\/04\/IMG-20230425-WA0123.jpg",1024,768,false],"covernews-medium":["https:\/\/contextoanalisisperiodistico.com\/wp-content\/uploads\/2023\/04\/IMG-20230425-WA0123-540x340.jpg",540,340,true],"covernews-medium-square":["https:\/\/contextoanalisisperiodistico.com\/wp-content\/uploads\/2023\/04\/IMG-20230425-WA0123-400x250.jpg",400,250,true]},"author_info":{"display_name":"Mario Gir\u00f3n","author_link":"https:\/\/contextoanalisisperiodistico.com\/index.php\/author\/director\/"},"category_info":"<a href=\"https:\/\/contextoanalisisperiodistico.com\/index.php\/category\/politica\/\" rel=\"category tag\">Pol\u00edtica<\/a>","tag_info":"Pol\u00edtica","comment_count":"0","jetpack_featured_media_url":"https:\/\/contextoanalisisperiodistico.com\/wp-content\/uploads\/2023\/04\/IMG-20230425-WA0123.jpg","_links":{"self":[{"href":"https:\/\/contextoanalisisperiodistico.com\/index.php\/wp-json\/wp\/v2\/posts\/12396"}],"collection":[{"href":"https:\/\/contextoanalisisperiodistico.com\/index.php\/wp-json\/wp\/v2\/posts"}],"about":[{"href":"https:\/\/contextoanalisisperiodistico.com\/index.php\/wp-json\/wp\/v2\/types\/post"}],"author":[{"embeddable":true,"href":"https:\/\/contextoanalisisperiodistico.com\/index.php\/wp-json\/wp\/v2\/users\/4"}],"replies":[{"embeddable":true,"href":"https:\/\/contextoanalisisperiodistico.com\/index.php\/wp-json\/wp\/v2\/comments?post=12396"}],"version-history":[{"count":1,"href":"https:\/\/contextoanalisisperiodistico.com\/index.php\/wp-json\/wp\/v2\/posts\/12396\/revisions"}],"predecessor-version":[{"id":12399,"href":"https:\/\/contextoanalisisperiodistico.com\/index.php\/wp-json\/wp\/v2\/posts\/12396\/revisions\/12399"}],"wp:featuredmedia":[{"embeddable":true,"href":"https:\/\/contextoanalisisperiodistico.com\/index.php\/wp-json\/wp\/v2\/media\/12397"}],"wp:attachment":[{"href":"https:\/\/contextoanalisisperiodistico.com\/index.php\/wp-json\/wp\/v2\/media?parent=12396"}],"wp:term":[{"taxonomy":"category","embeddable":true,"href":"https:\/\/contextoanalisisperiodistico.com\/index.php\/wp-json\/wp\/v2\/categories?post=12396"},{"taxonomy":"post_tag","embeddable":true,"href":"https:\/\/contextoanalisisperiodistico.com\/index.php\/wp-json\/wp\/v2\/tags?post=12396"}],"curies":[{"name":"wp","href":"https:\/\/api.w.org\/{rel}","templated":true}]}}