{"id":12389,"date":"2023-04-25T18:21:54","date_gmt":"2023-04-26T00:21:54","guid":{"rendered":"https:\/\/contextoanalisisperiodistico.com\/?p=12389"},"modified":"2023-04-25T18:22:09","modified_gmt":"2023-04-26T00:22:09","slug":"nino-morales-el-gran-estratega-de-oaxaca-alcanza-historico-acuerdo-con-sindicato-de-trabajadores-del-estado","status":"publish","type":"post","link":"https:\/\/contextoanalisisperiodistico.com\/index.php\/2023\/04\/25\/nino-morales-el-gran-estratega-de-oaxaca-alcanza-historico-acuerdo-con-sindicato-de-trabajadores-del-estado\/","title":{"rendered":"Nino Morales, el gran estratega de Oaxaca, alcanza hist\u00f3rico acuerdo con  sindicato de trabajadores del estado"},"content":{"rendered":"<div id=\"fb-root\"><\/div>\n\n<p>*En menos de un mes, las mesas que encabez\u00f3 el secretario de Administraci\u00f3n, Antonino Morales Toledo, ofrecieron a Oaxaca resultados satisfactorios para las y los sindicalizados y el Gobierno del Estado <\/p>\n\n\n\n<p><br>*Por primera vez, las puertas de Palacio de Gobierno se abrieron para recibir al Sindicato de bur\u00f3cratas<\/p>\n\n\n\n<figure class=\"wp-block-video\"><video controls src=\"https:\/\/contextoanalisisperiodistico.com\/wp-content\/uploads\/2023\/04\/VID-20230425-WA0120.mp4\"><\/video><\/figure>\n\n\n\n<figure class=\"wp-block-image size-large\"><img fetchpriority=\"high\" decoding=\"async\" width=\"960\" height=\"640\" src=\"https:\/\/contextoanalisisperiodistico.com\/wp-content\/uploads\/2023\/04\/img-20230425-wa00957525135912958643959.jpg\" alt=\"\" class=\"wp-image-12393\" srcset=\"https:\/\/contextoanalisisperiodistico.com\/wp-content\/uploads\/2023\/04\/img-20230425-wa00957525135912958643959.jpg 960w, https:\/\/contextoanalisisperiodistico.com\/wp-content\/uploads\/2023\/04\/img-20230425-wa00957525135912958643959-300x200.jpg 300w, https:\/\/contextoanalisisperiodistico.com\/wp-content\/uploads\/2023\/04\/img-20230425-wa00957525135912958643959-768x512.jpg 768w\" sizes=\"(max-width: 960px) 100vw, 960px\" \/><\/figure>\n\n\n\n<figure class=\"wp-block-image\"><img decoding=\"async\" width=\"300\" height=\"200\" src=\"https:\/\/contextoanalisisperiodistico.com\/wp-content\/uploads\/2023\/04\/img-20230425-wa00922804817129903742984-300x200.jpg\" alt=\"\" class=\"wp-image-12392\" srcset=\"https:\/\/contextoanalisisperiodistico.com\/wp-content\/uploads\/2023\/04\/img-20230425-wa00922804817129903742984-300x200.jpg 300w, https:\/\/contextoanalisisperiodistico.com\/wp-content\/uploads\/2023\/04\/img-20230425-wa00922804817129903742984-768x512.jpg 768w, https:\/\/contextoanalisisperiodistico.com\/wp-content\/uploads\/2023\/04\/img-20230425-wa00922804817129903742984.jpg 960w\" sizes=\"(max-width: 300px) 100vw, 300px\" \/><\/figure>\n\n\n\n<figure class=\"wp-block-image\"><img decoding=\"async\" width=\"300\" height=\"200\" src=\"https:\/\/contextoanalisisperiodistico.com\/wp-content\/uploads\/2023\/04\/img-20230425-wa00917585176390445759995-300x200.jpg\" alt=\"\" class=\"wp-image-12394\" srcset=\"https:\/\/contextoanalisisperiodistico.com\/wp-content\/uploads\/2023\/04\/img-20230425-wa00917585176390445759995-300x200.jpg 300w, https:\/\/contextoanalisisperiodistico.com\/wp-content\/uploads\/2023\/04\/img-20230425-wa00917585176390445759995-768x512.jpg 768w, https:\/\/contextoanalisisperiodistico.com\/wp-content\/uploads\/2023\/04\/img-20230425-wa00917585176390445759995.jpg 960w\" sizes=\"(max-width: 300px) 100vw, 300px\" \/><\/figure>\n\n\n\n<p>Oaxaca de Ju\u00e1rez, Oax., 25 de abril de 2023.- Teniendo como testigo de honor al gobernador del estado Salom\u00f3n Jara Cruz, el secretario de Administraci\u00f3n Antonino Morales Toledo y el secretario general del Sindicato de Trabajadores de los Poderes del Estado e Instituciones Descentralizadas de Car\u00e1cter Estatal de Oaxaca, (STPEIDCEO), Pedro Castillejos Villalobos, firmaron el convenio del pliego petitorio 2023.<\/p>\n\n\n\n<p>A menos de un mes de iniciarse las mesas de trabajo con la Comisi\u00f3n Negociadora y el Comit\u00e9 Ejecutivo del Sindicato de bur\u00f3cratas, el incremento fue de 4.50 por ciento directo a sueldo base y 3.50 en ayuda de previsi\u00f3n social m\u00faltiple.<\/p>\n\n\n\n<p>El secretario de Administraci\u00f3n, destac\u00f3 que durante las mesas de trabajo permaneci\u00f3 la voluntad, cordialidad, el respeto, la responsabilidad y la transparencia, valores propios de la Cuarta Transformaci\u00f3n en donde el compromiso siempre ha sido Oaxaca y sus trabajadores.<\/p>\n\n\n\n<p>El responsable de la pol\u00edtica administrativa estatal, tambi\u00e9n expuso que la suma de esfuerzos conlleva a un objetivo com\u00fan y que el di\u00e1logo fue la mejor herramienta que permaneci\u00f3 en todo momento durante las mesas de trabajo.<\/p>\n\n\n\n<p>\u00abHemos trabajado con esmero y dedicaci\u00f3n para encontrar un objetivo com\u00fan y llegar a un acuerdo que beneficie a todas y todos; es decir, que los trabajadores cuenten con salarios y<br \/>prestaciones dignas, y que el incremento permita impulsar la transformaci\u00f3n que nuestro gobierno busca\u00bb, se\u00f1al\u00f3.<\/p>\n\n\n\n<p>Asimismo, Morales Toledo resalt\u00f3 que en los tiempos de la transformaci\u00f3n, todos tienen cabida, tanto los trabajadores sindicalizados como sus familias, quienes ser\u00e1n los directamente beneficiados con los acuerdos logrados en el pliego petitorio.<\/p>\n\n\n\n<p>Por \u00faltimo el secretario de Administraci\u00f3n, convoc\u00f3 a la base trabajadora a redoblar esfuerzos en cada una de sus \u00e1reas, sirviendo con amabilidad y diligencia a quienes asisten diariamente a solicitar alg\u00fan tipo de servicio, y as\u00ed juntos trabajar por el Oaxaca que todos queremos.<\/p>\n","protected":false},"excerpt":{"rendered":"<p>*En menos de un mes, las mesas que encabez\u00f3 el secretario de Administraci\u00f3n, Antonino Morales&#8230;<\/p>\n","protected":false},"author":4,"featured_media":12390,"comment_status":"closed","ping_status":"open","sticky":false,"template":"","format":"standard","meta":{"footnotes":""},"categories":[9],"tags":[],"jetpack_sharing_enabled":true,"featured_image_urls":{"full":["https:\/\/contextoanalisisperiodistico.com\/wp-content\/uploads\/2023\/04\/IMG-20230425-WA0094.jpg",960,640,false],"thumbnail":["https:\/\/contextoanalisisperiodistico.com\/wp-content\/uploads\/2023\/04\/IMG-20230425-WA0094-150x150.jpg",150,150,true],"medium":["https:\/\/contextoanalisisperiodistico.com\/wp-content\/uploads\/2023\/04\/IMG-20230425-WA0094-300x200.jpg",300,200,true],"medium_large":["https:\/\/contextoanalisisperiodistico.com\/wp-content\/uploads\/2023\/04\/IMG-20230425-WA0094-768x512.jpg",640,427,true],"large":["https:\/\/contextoanalisisperiodistico.com\/wp-content\/uploads\/2023\/04\/IMG-20230425-WA0094.jpg",640,427,false],"1536x1536":["https:\/\/contextoanalisisperiodistico.com\/wp-content\/uploads\/2023\/04\/IMG-20230425-WA0094.jpg",960,640,false],"2048x2048":["https:\/\/contextoanalisisperiodistico.com\/wp-content\/uploads\/2023\/04\/IMG-20230425-WA0094.jpg",960,640,false],"covernews-slider-full":["https:\/\/contextoanalisisperiodistico.com\/wp-content\/uploads\/2023\/04\/IMG-20230425-WA0094.jpg",960,640,false],"covernews-slider-center":["https:\/\/contextoanalisisperiodistico.com\/wp-content\/uploads\/2023\/04\/IMG-20230425-WA0094-800x500.jpg",800,500,true],"covernews-featured":["https:\/\/contextoanalisisperiodistico.com\/wp-content\/uploads\/2023\/04\/IMG-20230425-WA0094.jpg",960,640,false],"covernews-medium":["https:\/\/contextoanalisisperiodistico.com\/wp-content\/uploads\/2023\/04\/IMG-20230425-WA0094-540x340.jpg",540,340,true],"covernews-medium-square":["https:\/\/contextoanalisisperiodistico.com\/wp-content\/uploads\/2023\/04\/IMG-20230425-WA0094-400x250.jpg",400,250,true]},"author_info":{"display_name":"Mario Gir\u00f3n","author_link":"https:\/\/contextoanalisisperiodistico.com\/index.php\/author\/director\/"},"category_info":"<a href=\"https:\/\/contextoanalisisperiodistico.com\/index.php\/category\/politica\/\" rel=\"category tag\">Pol\u00edtica<\/a>","tag_info":"Pol\u00edtica","comment_count":"0","jetpack_featured_media_url":"https:\/\/contextoanalisisperiodistico.com\/wp-content\/uploads\/2023\/04\/IMG-20230425-WA0094.jpg","_links":{"self":[{"href":"https:\/\/contextoanalisisperiodistico.com\/index.php\/wp-json\/wp\/v2\/posts\/12389"}],"collection":[{"href":"https:\/\/contextoanalisisperiodistico.com\/index.php\/wp-json\/wp\/v2\/posts"}],"about":[{"href":"https:\/\/contextoanalisisperiodistico.com\/index.php\/wp-json\/wp\/v2\/types\/post"}],"author":[{"embeddable":true,"href":"https:\/\/contextoanalisisperiodistico.com\/index.php\/wp-json\/wp\/v2\/users\/4"}],"replies":[{"embeddable":true,"href":"https:\/\/contextoanalisisperiodistico.com\/index.php\/wp-json\/wp\/v2\/comments?post=12389"}],"version-history":[{"count":1,"href":"https:\/\/contextoanalisisperiodistico.com\/index.php\/wp-json\/wp\/v2\/posts\/12389\/revisions"}],"predecessor-version":[{"id":12395,"href":"https:\/\/contextoanalisisperiodistico.com\/index.php\/wp-json\/wp\/v2\/posts\/12389\/revisions\/12395"}],"wp:featuredmedia":[{"embeddable":true,"href":"https:\/\/contextoanalisisperiodistico.com\/index.php\/wp-json\/wp\/v2\/media\/12390"}],"wp:attachment":[{"href":"https:\/\/contextoanalisisperiodistico.com\/index.php\/wp-json\/wp\/v2\/media?parent=12389"}],"wp:term":[{"taxonomy":"category","embeddable":true,"href":"https:\/\/contextoanalisisperiodistico.com\/index.php\/wp-json\/wp\/v2\/categories?post=12389"},{"taxonomy":"post_tag","embeddable":true,"href":"https:\/\/contextoanalisisperiodistico.com\/index.php\/wp-json\/wp\/v2\/tags?post=12389"}],"curies":[{"name":"wp","href":"https:\/\/api.w.org\/{rel}","templated":true}]}}